{"id":64313,"date":"2019-10-14T10:00:00","date_gmt":"2019-10-14T14:00:00","guid":{"rendered":"https:\/\/linitiative.ca\/International\/le-raj-denonce-linterpellation-de-fersaoui-abdelouhab\/"},"modified":"2019-10-14T10:00:00","modified_gmt":"2019-10-14T14:00:00","slug":"le-raj-denonce-linterpellation-de-fersaoui-abdelouhab","status":"publish","type":"post","link":"https:\/\/linitiative.ca\/International\/le-raj-denonce-linterpellation-de-fersaoui-abdelouhab\/","title":{"rendered":"Le  RAJ d\u00e9nonce l\u2019interpellation de Fersaoui Abdelouhab"},"content":{"rendered":"<div id=\"originalText\" readability=\"60\">\n<p class=\"c10\">Le Rassemblement Actions Jeunesse (RAJ) d\u00e9nonce dans un communiqu\u00e9 l\u2019interpellation de son Pr\u00e9sident, Fersaoui Abdelouhab, le jeudi, devant le tribunal de Sidi M\u2019hamed et sa mise sous mandat de d\u00e9p\u00f4t le lendemain (vendredi).<\/p>\n<p class=\"c10\">Sur les circonstances de son incarc\u00e9ration, le bureau national de RAJ explique qu\u2019\u00a0\u00ab\u00a0apr\u00e8s son interpellation le 10 octobre aux alentours de midi trente minutes, \u00e0 la fin du rassemblement de soutien aux d\u00e9tenus.es devant le tribunal de sidi M&rsquo;hamed, par les agents de police en civil, il a \u00e9t\u00e9 interrog\u00e9 et pr\u00e9sent\u00e9 en fin de journ\u00e9e, \u00e0 20h, devant le procureur de la r\u00e9publique qui l&rsquo;a transf\u00e9r\u00e9 devant le juge d&rsquo;instruction de la 10e chambre du tribunal de sidi m&rsquo;hamed\u00a0\u00bb, ajoutant qu\u2019\u00a0\u00ab\u00a0il a \u00e9t\u00e9 d\u00e9cid\u00e9 de sa mise sous mandat de d\u00e9p\u00f4t \u00e0 la prison d&rsquo;El Harrach le jeudi 10 octobre 2019, sans la pr\u00e9sence des avocats et sans informer sa famille\u00a0\u00bb.\u00a0 Le Rassemblement qualifie par ailleurs, les deux chefs d\u2019inculpation retenus contre lui, \u00e0 savoir \u00ab atteinte \u00e0 l\u2019int\u00e9grit\u00e9 du territoire national \u00bb et \u00ab incitation \u00e0 la violence\u00bb, pr\u00e9vus dans les articles 74 et 79 du code p\u00e9nal, de \u00ab\u00a0fallacieux et injustes\u00a0\u00bb.<\/p>\n<p class=\"c10\">Le RAJ\u00a0 n\u2019a pas manqu\u00e9 \u00e9galement de d\u00e9noncer, entre autres \u00ab\u00a0cette atteinte flagrante aux proc\u00e9dures judiciaires\u00a0\u00bb, \u00ab la loi sur les hydrocarbures \u00e9labor\u00e9e par un pouvoir ill\u00e9gitime\u00a0\u00bb et \u00ab\u00a0la poursuite des compagnes d&rsquo;arrestations arbitraires\u00a0\u00bb.<\/p>\n<p class=\"c11\"><strong>Im\u00e8ne AMOKRANE<\/strong><\/p>\n<\/div>\n<div id=\"text_core\" readability=\"60\">\n<p class=\"c10\">Le Rassemblement Actions Jeunesse (RAJ) d\u00e9nonce dans un communiqu\u00e9 l\u2019interpellation de son Pr\u00e9sident, Fersaoui Abdelouhab, le jeudi, devant le tribunal de Sidi M\u2019hamed et sa mise sous mandat de d\u00e9p\u00f4t le lendemain (vendredi).<\/p>\n<p class=\"c10\">Sur les circonstances de son incarc\u00e9ration, le bureau national de RAJ explique qu\u2019\u00a0\u00ab\u00a0apr\u00e8s son interpellation le 10 octobre aux alentours de midi trente minutes, \u00e0 la fin du rassemblement de soutien aux d\u00e9tenus.es devant le tribunal de sidi M&rsquo;hamed, par les agents de police en civil, il a \u00e9t\u00e9 interrog\u00e9 et pr\u00e9sent\u00e9 en fin de journ\u00e9e, \u00e0 20h, devant le procureur de la r\u00e9publique qui l&rsquo;a transf\u00e9r\u00e9 devant le juge d&rsquo;instruction de la 10e chambre du tribunal de sidi m&rsquo;hamed\u00a0\u00bb, ajoutant qu\u2019\u00a0\u00ab\u00a0il a \u00e9t\u00e9 d\u00e9cid\u00e9 de sa mise sous mandat de d\u00e9p\u00f4t \u00e0 la prison d&rsquo;El Harrach le jeudi 10 octobre 2019, sans la pr\u00e9sence des avocats et sans informer sa famille\u00a0\u00bb.\u00a0 Le Rassemblement qualifie par ailleurs, les deux chefs d\u2019inculpation retenus contre lui, \u00e0 savoir \u00ab atteinte \u00e0 l\u2019int\u00e9grit\u00e9 du territoire national \u00bb et \u00ab incitation \u00e0 la violence\u00bb, pr\u00e9vus dans les articles 74 et 79 du code p\u00e9nal, de \u00ab\u00a0fallacieux et injustes\u00a0\u00bb.<\/p>\n<p class=\"c10\">Le RAJ\u00a0 n\u2019a pas manqu\u00e9 \u00e9galement de d\u00e9noncer, entre autres \u00ab\u00a0cette atteinte flagrante aux proc\u00e9dures judiciaires\u00a0\u00bb, \u00ab la loi sur les hydrocarbures \u00e9labor\u00e9e par un pouvoir ill\u00e9gitime\u00a0\u00bb et \u00ab\u00a0la poursuite des compagnes d&rsquo;arrestations arbitraires\u00a0\u00bb.<\/p>\n<p class=\"c11\"><strong>Im\u00e8ne AMOKRANE<\/strong><\/p>\n<\/div>\n<p>Auteur:<br \/>\n<a href=\"https:\/\/www.liberte-algerie.com\/actualite\/le-raj-denonce-linterpellation-de-fersaoui-abdelouhab-325970\">Cliquez ici pour lire l&rsquo;article depuis sa source.<\/a><\/p>\n","protected":false},"excerpt":{"rendered":"<p>Le Rassemblement Actions Jeunesse (RAJ) d\u00e9nonce dans un communiqu\u00e9 l\u2019interpellation de son Pr\u00e9sident, Fersaoui Abdelouhab, le jeudi, devant le tribunal de Sidi M\u2019hamed et sa mise sous mandat de d\u00e9p\u00f4t le lendemain (vendredi). Sur les circonstances de son incarc\u00e9ration, le bureau national de RAJ explique qu\u2019\u00a0\u00ab\u00a0apr\u00e8s son interpellation le 10 octobre aux alentours de midi [&hellip;]<\/p>\n","protected":false},"author":1742,"featured_media":0,"comment_status":"closed","ping_status":"closed","sticky":false,"template":"","format":"standard","meta":{"fifu_image_url":"","fifu_image_alt":"","footnotes":""},"categories":[73,53],"tags":[],"class_list":["post-64313","post","type-post","status-publish","format-standard","hentry","category-actualite","category-algerie"],"_links":{"self":[{"href":"https:\/\/linitiative.ca\/International\/wp-json\/wp\/v2\/posts\/64313","targetHints":{"allow":["GET"]}}],"collection":[{"href":"https:\/\/linitiative.ca\/International\/wp-json\/wp\/v2\/posts"}],"about":[{"href":"https:\/\/linitiative.ca\/International\/wp-json\/wp\/v2\/types\/post"}],"author":[{"embeddable":true,"href":"https:\/\/linitiative.ca\/International\/wp-json\/wp\/v2\/users\/1742"}],"replies":[{"embeddable":true,"href":"https:\/\/linitiative.ca\/International\/wp-json\/wp\/v2\/comments?post=64313"}],"version-history":[{"count":0,"href":"https:\/\/linitiative.ca\/International\/wp-json\/wp\/v2\/posts\/64313\/revisions"}],"wp:attachment":[{"href":"https:\/\/linitiative.ca\/International\/wp-json\/wp\/v2\/media?parent=64313"}],"wp:term":[{"taxonomy":"category","embeddable":true,"href":"https:\/\/linitiative.ca\/International\/wp-json\/wp\/v2\/categories?post=64313"},{"taxonomy":"post_tag","embeddable":true,"href":"https:\/\/linitiative.ca\/International\/wp-json\/wp\/v2\/tags?post=64313"}],"curies":[{"name":"wp","href":"https:\/\/api.w.org\/{rel}","templated":true}]}}