{"id":64314,"date":"2019-10-14T10:00:00","date_gmt":"2019-10-14T14:00:00","guid":{"rendered":"https:\/\/linitiative.ca\/International\/prolongation-de-la-detention-provisoire-de-6-detenus\/"},"modified":"2019-10-14T10:00:00","modified_gmt":"2019-10-14T14:00:00","slug":"prolongation-de-la-detention-provisoire-de-6-detenus","status":"publish","type":"post","link":"https:\/\/linitiative.ca\/International\/prolongation-de-la-detention-provisoire-de-6-detenus\/","title":{"rendered":"Prolongation de la d\u00e9tention provisoire de 6 d\u00e9tenus"},"content":{"rendered":"<div id=\"originalText\" readability=\"56\">\n<p class=\"c10\">La d\u00e9put\u00e9e Fetta Sadat a annonc\u00e9, aujourd\u2019hui lundi, la d\u00e9cision du juge d\u2019instruction du tribunal de Sidi M\u2019hamed, \u00e0 Alger, de prolonger la d\u00e9tention provisoire de six d\u00e9tenus.<\/p>\n<p class=\"c10\">Apr\u00e8s avoir pass\u00e9 plus de quatre mois en prison, les d\u00e9tenus arr\u00eat\u00e9s lors du 18e vendredi de manifestation et plac\u00e9s sous mandat de d\u00e9p\u00f4t le 23 juin 2019, pour port de l\u2019embl\u00e8me amazigh, se voient contraints de rester quatre mois de plus en prison, \u00ab suite \u00e0 une d\u00e9cision du juge d\u2019instruction du tribunal de Sidi M\u2019hamed, de prolonger leur d\u00e9tention provisoire jusqu\u2019en f\u00e9vrier 2020 \u00bb, a indiqu\u00e9 Me Fetta Sadat \u00e0 \u00ab\u00a0Libert\u00e9 Arabi\u00a0\u00bb.<\/p>\n<p class=\"c10\">La d\u00e9put\u00e9e a \u00e9galement soulign\u00e9 que l\u2019inculpation pour \u00ab atteinte \u00e0 l\u2019unit\u00e9 nationale, \u00e0 l\u2019encontre des d\u00e9tenus, avait \u00e9t\u00e9 confirm\u00e9e en s\u2019appuyant sur le contenu de l\u2019article 79 du Code p\u00e9nal, bien qu\u2019il n\u2019existe aucun texte juridique qui interdit le port d\u2019un embl\u00e8me autre que le drapeau national \u00bb.<\/p>\n<p class=\"c11\"><strong>Sihem Benmalek<\/strong><\/p>\n<\/div>\n<div id=\"text_core\" readability=\"56\">\n<p class=\"c10\">La d\u00e9put\u00e9e Fetta Sadat a annonc\u00e9, aujourd\u2019hui lundi, la d\u00e9cision du juge d\u2019instruction du tribunal de Sidi M\u2019hamed, \u00e0 Alger, de prolonger la d\u00e9tention provisoire de six d\u00e9tenus.<\/p>\n<p class=\"c10\">Apr\u00e8s avoir pass\u00e9 plus de quatre mois en prison, les d\u00e9tenus arr\u00eat\u00e9s lors du 18e vendredi de manifestation et plac\u00e9s sous mandat de d\u00e9p\u00f4t le 23 juin 2019, pour port de l\u2019embl\u00e8me amazigh, se voient contraints de rester quatre mois de plus en prison, \u00ab suite \u00e0 une d\u00e9cision du juge d\u2019instruction du tribunal de Sidi M\u2019hamed, de prolonger leur d\u00e9tention provisoire jusqu\u2019en f\u00e9vrier 2020 \u00bb, a indiqu\u00e9 Me Fetta Sadat \u00e0 \u00ab\u00a0Libert\u00e9 Arabi\u00a0\u00bb.<\/p>\n<p class=\"c10\">La d\u00e9put\u00e9e a \u00e9galement soulign\u00e9 que l\u2019inculpation pour \u00ab atteinte \u00e0 l\u2019unit\u00e9 nationale, \u00e0 l\u2019encontre des d\u00e9tenus, avait \u00e9t\u00e9 confirm\u00e9e en s\u2019appuyant sur le contenu de l\u2019article 79 du Code p\u00e9nal, bien qu\u2019il n\u2019existe aucun texte juridique qui interdit le port d\u2019un embl\u00e8me autre que le drapeau national \u00bb.<\/p>\n<p class=\"c11\"><strong>Sihem Benmalek<\/strong><\/p>\n<\/div>\n<p>Auteur:<br \/>\n<a href=\"https:\/\/www.liberte-algerie.com\/actualite\/prolongation-de-la-detention-provisoire-de-6-detenus-325969\">Cliquez ici pour lire l&rsquo;article depuis sa source.<\/a><\/p>\n","protected":false},"excerpt":{"rendered":"<p>La d\u00e9put\u00e9e Fetta Sadat a annonc\u00e9, aujourd\u2019hui lundi, la d\u00e9cision du juge d\u2019instruction du tribunal de Sidi M\u2019hamed, \u00e0 Alger, de prolonger la d\u00e9tention provisoire de six d\u00e9tenus. Apr\u00e8s avoir pass\u00e9 plus de quatre mois en prison, les d\u00e9tenus arr\u00eat\u00e9s lors du 18e vendredi de manifestation et plac\u00e9s sous mandat de d\u00e9p\u00f4t le 23 juin [&hellip;]<\/p>\n","protected":false},"author":1742,"featured_media":0,"comment_status":"closed","ping_status":"closed","sticky":false,"template":"","format":"standard","meta":{"fifu_image_url":"","fifu_image_alt":"","footnotes":""},"categories":[73,53],"tags":[],"class_list":["post-64314","post","type-post","status-publish","format-standard","hentry","category-actualite","category-algerie"],"_links":{"self":[{"href":"https:\/\/linitiative.ca\/International\/wp-json\/wp\/v2\/posts\/64314","targetHints":{"allow":["GET"]}}],"collection":[{"href":"https:\/\/linitiative.ca\/International\/wp-json\/wp\/v2\/posts"}],"about":[{"href":"https:\/\/linitiative.ca\/International\/wp-json\/wp\/v2\/types\/post"}],"author":[{"embeddable":true,"href":"https:\/\/linitiative.ca\/International\/wp-json\/wp\/v2\/users\/1742"}],"replies":[{"embeddable":true,"href":"https:\/\/linitiative.ca\/International\/wp-json\/wp\/v2\/comments?post=64314"}],"version-history":[{"count":0,"href":"https:\/\/linitiative.ca\/International\/wp-json\/wp\/v2\/posts\/64314\/revisions"}],"wp:attachment":[{"href":"https:\/\/linitiative.ca\/International\/wp-json\/wp\/v2\/media?parent=64314"}],"wp:term":[{"taxonomy":"category","embeddable":true,"href":"https:\/\/linitiative.ca\/International\/wp-json\/wp\/v2\/categories?post=64314"},{"taxonomy":"post_tag","embeddable":true,"href":"https:\/\/linitiative.ca\/International\/wp-json\/wp\/v2\/tags?post=64314"}],"curies":[{"name":"wp","href":"https:\/\/api.w.org\/{rel}","templated":true}]}}