{"id":64316,"date":"2019-10-14T08:47:39","date_gmt":"2019-10-14T12:47:39","guid":{"rendered":"https:\/\/linitiative.ca\/International\/la-securite-de-la-region-mena-et-du-sahel-sous-la-loupe\/"},"modified":"2019-10-14T08:47:39","modified_gmt":"2019-10-14T12:47:39","slug":"la-securite-de-la-region-mena-et-du-sahel-sous-la-loupe","status":"publish","type":"post","link":"https:\/\/linitiative.ca\/International\/la-securite-de-la-region-mena-et-du-sahel-sous-la-loupe\/","title":{"rendered":"La s\u00e9curit\u00e9 de la r\u00e9gion MENA et du Sahel sous la loupe"},"content":{"rendered":"<div readability=\"38\">\n<p>Marrakech \u2013 La s\u00e9curit\u00e9 et la stabilit\u00e9 de la r\u00e9gion MENA et du Sahel ont \u00e9t\u00e9, lundi \u00e0 Marrakech, sous la loupe des chercheurs et experts en g\u00e9opolitique, qui ont appel\u00e9 \u00e0 l\u2019adoption d\u2019une approche \u00ab\u00a0holistique\u00a0\u00bb et \u00ab\u00a0multidimensionnelle\u00a0\u00bb bas\u00e9e sur la coop\u00e9ration et l\u2019int\u00e9gration en faveur d\u2019un d\u00e9veloppement durable.<\/p>\n<\/div>\n<div readability=\"144\">\n<p>S\u2019exprimant lors d\u2019une session pl\u00e9ni\u00e8re sur le \u00ab\u00a0Moyen-Orient\/Afrique du Nord et de l\u2019Ouest\u00a0\u00bb dans le cadre de la 12\u00e8me \u00e9dition de la World Policy Conference (WPC), le Repr\u00e9sentant sp\u00e9cial du Secr\u00e9taire g\u00e9n\u00e9ral et chef du Bureau des Nations Unies pour l\u2019Afrique de l\u2019Ouest et le Sahel, Mohamed Ibn Chambas, a soulign\u00e9 que la s\u00e9curit\u00e9 est mise \u00e0 mal dans cette r\u00e9gion fragilis\u00e9e par plusieurs d\u00e9fis, notamment la mont\u00e9e du terrorisme et de l\u2019extr\u00e9misme violent.<\/p>\n<p>L\u2019approche s\u00e9curitaire \u00e0 elle seule ne suffira pas \u00e0 assurer la stabilit\u00e9 dans le Sahel: elle doit \u00eatre accompagn\u00e9e d\u2019une approche int\u00e9gr\u00e9e bas\u00e9e sur la coop\u00e9ration, a-t-il relev\u00e9, appelant \u00e0 favoriser les partenariats solides au lieu de l\u2019ing\u00e9rence ou l\u2019interf\u00e9rence.<\/p>\n<p>Un engagement collectif s\u2019av\u00e8re primordial pour que cette r\u00e9gion ne devienne pas une autoroute du terrorisme et un foyer pour la diffusion des id\u00e9ologies extr\u00e9mistes, a-t-il insist\u00e9.<\/p>\n<p>Il a, ainsi, indiqu\u00e9 que la r\u00e9gion du Sahel conna\u00eet des conflits communautaires en raison de l\u2019infiltration des groupes terroristes et de la d\u00e9t\u00e9rioration de la situation s\u00e9curitaire dans cette zone du Continent.<\/p>\n<p>La Communaut\u00e9 \u00e9conomique des Etats de l\u2019Afrique de l\u2019Ouest (CEDEAO) est fortement engag\u00e9e dans cette r\u00e9gion \u00e0 travers diff\u00e9rentes actions dans plusieurs domaines de coop\u00e9ration, notamment avec des partenaires de l\u2019Union Europ\u00e9enne et des Etats-Unis, a-t-il fait savoir, ajoutant que cette coop\u00e9ration multidimensionnelle doit \u00eatre ax\u00e9e plus sur le d\u00e9veloppement \u00e9conomique et durable au service des populations locales.<\/p>\n<p>De son c\u00f4t\u00e9, le vice-pr\u00e9sident du China Institute of International Studies, Dong Manyuan, s\u2019est dit optimiste quant \u00e0 l\u2019avenir de la r\u00e9gion MENA, appelant \u00e0 renforcer la paix et la s\u00e9curit\u00e9, \u00e0 travers la coop\u00e9ration et l\u2019engagement constructif de la Communaut\u00e9 internationale.<\/p>\n<p>La cr\u00e9ation d\u2019un environnement de s\u00e9curit\u00e9 pour rendre la r\u00e9gion plus stable et pacifique passe in\u00e9luctablement par le d\u00e9veloppement \u00e9conomique interne, a-t-il fait remarquer.<\/p>\n<p>La Chine veut contribuer au d\u00e9veloppement du Moyen-Orient, a-t-il insist\u00e9, mettant en avant l&rsquo;\u00a0\u00bbInitiative la Ceinture et la Route\u00a0\u00bb (ICR) qui vise \u00e0 \u00e9tablir une coop\u00e9ration ouverte et de haut niveau pour am\u00e9liorer la vie des gens et favoriser le d\u00e9veloppement durable dans la r\u00e9gion.<\/p>\n<p>Pour sa part, le pr\u00e9sident du Gulf Research Center (Arabie Saoudite), Abdulaziz Othman bin Sager, a pass\u00e9 en revue la situation dans le Moyen-Orient, soulignant la n\u00e9cessit\u00e9 d\u2019un v\u00e9ritable engagement de la Communaut\u00e9 internationale pour la d\u00e9sescalade de la situation dans la r\u00e9gion \u00e0 m\u00eame d\u2019assurer sa stabilit\u00e9.<\/p>\n<p>Il a \u00e9galement affirm\u00e9 que cet engagement doit \u00eatre constructif au lieu de se transformer en une sorte d\u2019ing\u00e9rence ou d\u2019interf\u00e9rence dans les affaires internes des pays de la r\u00e9gion.<\/p>\n<p>La 12\u00e8me \u00e9dition de la World Policy Conference (WPC) s\u2019est ouverte, samedi \u00e0 Marrakech, avec la participation d\u2019un parterre d\u2019\u00e9minentes personnalit\u00e9s du monde de la politique, de l\u2019\u00e9conomie et des m\u00e9dias, outre des acad\u00e9miciens, des experts et des chercheurs issus des cinq continents.<\/p>\n<p>Plac\u00e9e sous le Haut Patronage de SM le Roi Mohammed VI, cette Conf\u00e9rence a pour mission de contribuer \u00e0 promouvoir un monde plus ouvert, plus prosp\u00e8re et plus juste, ce qui suppose un effort permanent pour comprendre la r\u00e9alit\u00e9 des forces en jeu et leurs interactions, et r\u00e9fl\u00e9chir \u00e0 l\u2019adaptation pacifique de l\u2019organisation des rapports inter\u00e9tatiques \u00e0 tous les niveaux, dans le respect de la culture et des int\u00e9r\u00eats fondamentaux de chaque Nation.<\/p>\n<p>Elle offre, \u00e9galement, un espace de r\u00e9flexion et de dialogue essentiel autour des grands enjeux de la gouvernance mondiale, tout en permettant de d\u00e9velopper des liens durables.<\/p>\n<p>Les travaux de cette 12\u00e8me \u00e9dition, qui prendront fin lundi soir, ont port\u00e9 sur les enjeux de la technologie dans la soci\u00e9t\u00e9 et en politique, les cyberpuissances, la cybermenace, l\u2019\u00e9nergie et l\u2019environnement, ainsi que sur les perspectives \u00e9conomiques et politiques, le commerce, l\u2019investissement direct et la confiance, mais aussi sur l\u2019avenir du syst\u00e8me mon\u00e9taire international, l\u2019arme du droit et la mondialisation.<\/p>\n<p>Ont \u00e9galement \u00e9t\u00e9 abord\u00e9s les th\u00e8mes suivants: l\u2019Europe, l\u2019Am\u00e9rique latine, le Moyen-Orient, l\u2019Afrique et notamment l\u2019Afrique du Nord et de l\u2019Ouest, les nouvelles tendances de politiques \u00e9trang\u00e8res en Asie de l\u2019Est, et bien d\u2019autres sujets.<\/p>\n<\/div>\n<p>Auteur: Meriem IGASS<br \/>\n<a href=\"http:\/\/www.mapmarrakech.ma\/fr\/wpc2019-la-securite-de-la-region-mena-et-du-sahel-sous-la-loupe\/\">Cliquez ici pour lire l&rsquo;article depuis sa source.<\/a><\/p>\n","protected":false},"excerpt":{"rendered":"<p>Marrakech \u2013 La s\u00e9curit\u00e9 et la stabilit\u00e9 de la r\u00e9gion MENA et du Sahel ont \u00e9t\u00e9, lundi \u00e0 Marrakech, sous la loupe des chercheurs et experts en g\u00e9opolitique, qui ont appel\u00e9 \u00e0 l\u2019adoption d\u2019une approche \u00ab\u00a0holistique\u00a0\u00bb et \u00ab\u00a0multidimensionnelle\u00a0\u00bb bas\u00e9e sur la coop\u00e9ration et l\u2019int\u00e9gration en faveur d\u2019un d\u00e9veloppement durable. S\u2019exprimant lors d\u2019une session pl\u00e9ni\u00e8re sur [&hellip;]<\/p>\n","protected":false},"author":1788,"featured_media":0,"comment_status":"closed","ping_status":"closed","sticky":false,"template":"","format":"standard","meta":{"fifu_image_url":"","fifu_image_alt":"","footnotes":""},"categories":[54,76],"tags":[],"class_list":["post-64316","post","type-post","status-publish","format-standard","hentry","category-maroc","category-regions"],"_links":{"self":[{"href":"https:\/\/linitiative.ca\/International\/wp-json\/wp\/v2\/posts\/64316","targetHints":{"allow":["GET"]}}],"collection":[{"href":"https:\/\/linitiative.ca\/International\/wp-json\/wp\/v2\/posts"}],"about":[{"href":"https:\/\/linitiative.ca\/International\/wp-json\/wp\/v2\/types\/post"}],"author":[{"embeddable":true,"href":"https:\/\/linitiative.ca\/International\/wp-json\/wp\/v2\/users\/1788"}],"replies":[{"embeddable":true,"href":"https:\/\/linitiative.ca\/International\/wp-json\/wp\/v2\/comments?post=64316"}],"version-history":[{"count":0,"href":"https:\/\/linitiative.ca\/International\/wp-json\/wp\/v2\/posts\/64316\/revisions"}],"wp:attachment":[{"href":"https:\/\/linitiative.ca\/International\/wp-json\/wp\/v2\/media?parent=64316"}],"wp:term":[{"taxonomy":"category","embeddable":true,"href":"https:\/\/linitiative.ca\/International\/wp-json\/wp\/v2\/categories?post=64316"},{"taxonomy":"post_tag","embeddable":true,"href":"https:\/\/linitiative.ca\/International\/wp-json\/wp\/v2\/tags?post=64316"}],"curies":[{"name":"wp","href":"https:\/\/api.w.org\/{rel}","templated":true}]}}