{"id":64317,"date":"2019-10-14T09:06:54","date_gmt":"2019-10-14T13:06:54","guid":{"rendered":"https:\/\/linitiative.ca\/International\/la-fondation-zahid-recompense-des-projets-de-classe\/"},"modified":"2019-10-14T09:06:54","modified_gmt":"2019-10-14T13:06:54","slug":"la-fondation-zahid-recompense-des-projets-de-classe","status":"publish","type":"post","link":"https:\/\/linitiative.ca\/International\/la-fondation-zahid-recompense-des-projets-de-classe\/","title":{"rendered":"La Fondation Zahid r\u00e9compense des projets de classe"},"content":{"rendered":"<div readability=\"37\">\n<p>Marrakech \u2013 La Fondation Zahid relevant du Groupe Menara Holding a organis\u00e9 samedi dernier, au mus\u00e9e Mohammed VI pour la civilisation de l\u2019eau \u00e0 Marrakech, une c\u00e9r\u00e9monie pour r\u00e9compenser les meilleurs projets de classe au niveau de la Direction provinciale d\u2019Al Haouz au titre de l\u2019ann\u00e9e scolaire 2018-2019.<\/p>\n<\/div>\n<div readability=\"78\">\n<p>Pr\u00e9sid\u00e9e par le Wali de la r\u00e9gion Marrakech-Safi, gouverneur de la pr\u00e9fecture de Marrakech, Karim Kassi-Lahlou, cette premi\u00e8re \u00e9dition a r\u00e9compens\u00e9 05 projets de classe port\u00e9s par des cadres \u00e9ducatifs dans deux cat\u00e9gories : l\u2019enseignement primaire et les classes de l\u2019\u00e9ducation inclusive.<\/p>\n<p>Dans la cat\u00e9gorie Classe Primaire, c\u2019est l\u2019enseignant Ismail Ben Tiss de l\u2019\u00e9cole l\u2019Amiti\u00e9 qui s\u2019est class\u00e9 premier pour son projet de \u00ab\u00a0production d\u2019un roman par les apprenants\u00a0\u00bb.<\/p>\n<p>La deuxi\u00e8me position dans cette cat\u00e9gorie est revenue \u00e0 Khadija Bouanani du groupe scolaire Ouled Yahia pour son projet \u00ab\u00a0Je t\u2019aime Math\u00e9matiques\u00a0\u00bb alors que la troisi\u00e8me position a \u00e9t\u00e9 remport\u00e9e par Farah Sraidi de l\u2019\u00e9cole Tameslouht pour son projet de \u00ab\u00a0promotion de l\u2019apprentissage de la langue arabe\u00a0\u00bb.<\/p>\n<p>Dans la cat\u00e9gorie \u00ab\u00a0Education inclusive\u00a0\u00bb, Mouna Chouirki de l\u2019\u00e9cole Ouled Yahia a remport\u00e9 la premi\u00e8re position pour son projet \u00ab\u00a0qualification professionnelle des enfants \u00e0 besoins sp\u00e9cifiques\u00a0\u00bb alors que Bouchra Moujjahid (\u00e9cole Mohamed Zerktouni) a occup\u00e9 la deuxi\u00e8me place pour son projet de \u00ab\u00a0club des activit\u00e9s manuelles : loisir et \u00e9ducation\u00a0\u00bb.<\/p>\n<p>Organis\u00e9e en partenariat avec l\u2019Acad\u00e9mie r\u00e9gionale d\u2019\u00e9ducation et de formation (AREF) Marrakech-Safi et la Direction provinciale d\u2019Al Haouz et en coordination avec l\u2019association des amis de l\u2019\u00e9cole publique et l\u2019association de la promotion de l\u2019entraide scolaire de la m\u00eame direction, cette initiative vise \u00e0 consacrer la culture de la reconnaissance et encourager les initiatives pionni\u00e8res port\u00e9es par les femmes et hommes de l\u2019\u00e9ducation et de la formation.<\/p>\n<p>Elle t\u00e9moigne de l\u2019importance accord\u00e9e \u00e0 ce secteur dans la r\u00e9gion conform\u00e9ment aux orientations Royales et s\u2019assigne aussi objectifs de mobiliser les diff\u00e9rents intervenants et partenaires et d\u2019encourager le tissu socio\u00e9conomique \u00e0 adh\u00e9rer dans le chantier de r\u00e9forme du syst\u00e8me de l\u2019\u00e9ducation et de la formation.<\/p>\n<p>Ce concours a ainsi connu la participation de 50 enseignants du cycle de l\u2019enseignement primaire et les classes de l\u2019\u00e9ducation inclusive \u00e0 travers la conception et l\u2019\u00e9laboration de 50 projets de classe ayant cibl\u00e9 pr\u00e8s de 1.500 \u00e9l\u00e8ves issus de la Direction provinciale d\u2019Al Haouz.<\/p>\n<p>Cette c\u00e9r\u00e9monie s\u2019est d\u00e9roul\u00e9e en pr\u00e9sence des directeurs des curricula, du Centre national des innovations p\u00e9dagogiques et de l\u2019exp\u00e9rimentation, la directrice du Programme \u00ab\u00a0G\u00e9nie\u00a0\u00bb au sein du minist\u00e8re, le directeur de l\u2019AREF Marrakech-Safi, le pr\u00e9sident de la fondation Zahid, la pr\u00e9sidente de l\u2019Association des amis de l\u2019\u00e9cole publique et le pr\u00e9sident de la F\u00e9d\u00e9ration nationale des associations des parents des \u00e9l\u00e8ves ainsi que des personnalit\u00e9s issus du monde de l\u2019entreprise et des acteurs de la soci\u00e9t\u00e9 civile.<\/p>\n<\/div>\n<p>Auteur: Meriem IGASS<br \/>\n<a href=\"http:\/\/www.mapmarrakech.ma\/fr\/la-fondation-zahid-recompense-les-meilleurs-projets-de-classe\/\">Cliquez ici pour lire l&rsquo;article depuis sa source.<\/a><\/p>\n","protected":false},"excerpt":{"rendered":"<p>Marrakech \u2013 La Fondation Zahid relevant du Groupe Menara Holding a organis\u00e9 samedi dernier, au mus\u00e9e Mohammed VI pour la civilisation de l\u2019eau \u00e0 Marrakech, une c\u00e9r\u00e9monie pour r\u00e9compenser les meilleurs projets de classe au niveau de la Direction provinciale d\u2019Al Haouz au titre de l\u2019ann\u00e9e scolaire 2018-2019. Pr\u00e9sid\u00e9e par le Wali de la r\u00e9gion [&hellip;]<\/p>\n","protected":false},"author":1788,"featured_media":0,"comment_status":"closed","ping_status":"closed","sticky":false,"template":"","format":"standard","meta":{"fifu_image_url":"","fifu_image_alt":"","footnotes":""},"categories":[54,76],"tags":[],"class_list":["post-64317","post","type-post","status-publish","format-standard","hentry","category-maroc","category-regions"],"_links":{"self":[{"href":"https:\/\/linitiative.ca\/International\/wp-json\/wp\/v2\/posts\/64317","targetHints":{"allow":["GET"]}}],"collection":[{"href":"https:\/\/linitiative.ca\/International\/wp-json\/wp\/v2\/posts"}],"about":[{"href":"https:\/\/linitiative.ca\/International\/wp-json\/wp\/v2\/types\/post"}],"author":[{"embeddable":true,"href":"https:\/\/linitiative.ca\/International\/wp-json\/wp\/v2\/users\/1788"}],"replies":[{"embeddable":true,"href":"https:\/\/linitiative.ca\/International\/wp-json\/wp\/v2\/comments?post=64317"}],"version-history":[{"count":0,"href":"https:\/\/linitiative.ca\/International\/wp-json\/wp\/v2\/posts\/64317\/revisions"}],"wp:attachment":[{"href":"https:\/\/linitiative.ca\/International\/wp-json\/wp\/v2\/media?parent=64317"}],"wp:term":[{"taxonomy":"category","embeddable":true,"href":"https:\/\/linitiative.ca\/International\/wp-json\/wp\/v2\/categories?post=64317"},{"taxonomy":"post_tag","embeddable":true,"href":"https:\/\/linitiative.ca\/International\/wp-json\/wp\/v2\/tags?post=64317"}],"curies":[{"name":"wp","href":"https:\/\/api.w.org\/{rel}","templated":true}]}}