{"id":64318,"date":"2019-10-14T10:59:57","date_gmt":"2019-10-14T14:59:57","guid":{"rendered":"https:\/\/linitiative.ca\/International\/ficls-quand-le-cinema-et-la-litterature-font-bon-menage\/"},"modified":"2019-10-14T10:59:57","modified_gmt":"2019-10-14T14:59:57","slug":"ficls-quand-le-cinema-et-la-litterature-font-bon-menage","status":"publish","type":"post","link":"https:\/\/linitiative.ca\/International\/ficls-quand-le-cinema-et-la-litterature-font-bon-menage\/","title":{"rendered":"FICLS: Quand le cin\u00e9ma et la litt\u00e9rature font bon m\u00e9nage"},"content":{"rendered":"<p>La 1\u00e8re \u00e9dition de ce festival, pr\u00e9vue du 25 au 31 octobre courant \u00e0 la cit\u00e9 de l\u2019Atlantique, projettera essentiellement des films adapt\u00e9s d\u2019\u0153uvres litt\u00e9raires dont des romans, des nouvelles et des contes entre autres.<\/p>\n<p>Cette manifestation culturelle offre ainsi une opportunit\u00e9 unique de r\u00e9unir les auteurs d\u2019\u0153uvres litt\u00e9raires et les \u00e9diteurs, d\u2019une part, et les auteurs d\u2019\u0153uvres cin\u00e9matographiques et producteurs, d\u2019autre part, afin d\u2019encourager l\u2019adaptation des \u0153uvres litt\u00e9raires au cin\u00e9ma.<\/p>\n<p>Pour le pr\u00e9sident d\u00e9l\u00e9gu\u00e9 du FICLS, Driss Chouika, le cin\u00e9ma et la litt\u00e9rature sont deux modes d\u2019expression diff\u00e9rents mais bien compl\u00e9mentaires.<\/p>\n<p>D\u2019o\u00f9, a-t-il expliqu\u00e9, ce festival sera un moment d\u2019\u00e9change privil\u00e9gi\u00e9 tr\u00e8s productif et g\u00e9n\u00e9rateur d\u2019id\u00e9es constructives capables de contribuer \u00e0 l\u2019\u00e9volution enrichissante de ces deux modes d\u2019expression.<\/p>\n<p>En effet, le septi\u00e8me art n\u2019a cess\u00e9, depuis ses d\u00e9buts, de puiser son inspiration dans les \u0153uvres litt\u00e9raires qui ont gagn\u00e9 en c\u00e9l\u00e9brit\u00e9 gr\u00e2ce \u00e0 ces adaptations au cin\u00e9ma.<\/p>\n<p>Pour les r\u00e9alisateurs et les producteurs, parier sur un sc\u00e9nario s\u2019inspirant d\u2019une \u0153uvre litt\u00e9raire peut rassurer quant \u00e0 la r\u00e9ussite de l\u2019\u0153uvre cin\u00e9matographique. L\u2019adaptation d\u2019une \u0153uvre litt\u00e9raire au cin\u00e9ma suscite toujours une curiosit\u00e9 de la part d\u2019un public qui a d\u00e9j\u00e0 lu l\u2019histoire, mais qui souhaite d\u00e9couvrir l\u2019adaptation.<\/p>\n<p>Toutefois, Driss Chouika d\u00e9plore le fait que dans l\u2019histoire du cin\u00e9ma marocain, rares sont les \u0153uvres litt\u00e9raires, ne d\u00e9passant pas une dizaine, qui ont \u00e9t\u00e9 adapt\u00e9es au cin\u00e9ma.<\/p>\n<p>Tout en refusant de qualifier cette situation de \u00ab\u00a0r\u00e9pugnance\u00a0\u00bb entre les \u00e9crivains et les auteurs d\u2019\u0153uvres cin\u00e9matographiques, ce cin\u00e9aste de renom opte, plut\u00f4t, \u00e0 un appel au rapprochement entre ces deux modes d\u2019expression, chose qui ne pourra qu\u2019\u00eatre b\u00e9n\u00e9fique \u00e0 la fois aux films cin\u00e9matographiques et aux \u0153uvres litt\u00e9raires elles-m\u00eames.<\/p>\n<p>La 1\u00e8re \u00e9dition du Festival international cin\u00e9ma et litt\u00e9rature de Safi a \u00e9t\u00e9 justement con\u00e7ue pour favoriser ce rapprochement entre les auteurs d\u2019\u0153uvres litt\u00e9raires et les auteurs d\u2019\u0153uvres cin\u00e9matographiques dans la perspective de dissiper ce \u00ab\u00a0malentendu\u00a0\u00bb entre les \u00e9crivains marocains et producteurs et r\u00e9alisateurs cin\u00e9matographiques.<\/p>\n<p>Ces artistes appartenant \u00e0 deux modes d\u2019expression diff\u00e9rents viendront \u00e9changer dans le cadre de ce festival afin de penser davantage \u00e0 des projets communs, qui permettront d\u2019une part d\u2019enrichir les \u0153uvres cin\u00e9matographiques et d\u2019autre part la diffusion des \u0153uvres litt\u00e9raires aupr\u00e8s d\u2019un large public.<\/p>\n<p>Il est \u00e0 souligner que les \u0153uvres cin\u00e9matographiques qui seront projet\u00e9es dans le cadre de ce festival, ont \u00e9t\u00e9 adapt\u00e9es au cin\u00e9ma d\u2019\u0153uvres litt\u00e9raires d\u2019\u00e9crivains c\u00e9l\u00e8bres.<\/p>\n<p>Dans la comp\u00e9tition officielle, on retrouve des \u0153uvres litt\u00e9raires de Fouad Laroui (\u00ab\u00a0Sophisma\u00a0\u00bb, \u00ab\u00a0une ann\u00e9e chez les Fran\u00e7ais\u00a0\u00bb), de Mahi Binebine (\u00ab\u00a0Ima\u00a0\u00bb), de Virginie Gimaray et Jom Roniger (\u00ab\u00a0Dans le bain d\u2019Hector\u00a0\u00bb), Jean Genet (\u00ab\u00a0Mort-Bois\u00a0\u00bb), Marcel Dub\u00e9 (\u00ab\u00a0Au-del\u00e0 du mur\u00a0\u00bb), Marguerite Duras (\u00ab\u00a0la douleur\u00a0\u00bb), Evelyne Mpoudi-Ngol\u00e9 (Petit Jo, enfant des rues\u00a0\u00bb), F. Garcia Lorca (\u00ab\u00a0la novia\u00a0\u00bb), L\u00e9on Tolsto\u00ef (\u00ab\u00a0Anna Kar\u00e9nine\u00a0\u00bb), Ibrahim Issa ((\u00ab\u00a0Mawlana\u00a0\u00bb) et Romain Gary (\u00ab\u00a0la promesse de l\u2019aube\u00a0\u00bb).<\/p>\n<p>La s\u00e9lection des films adapt\u00e9s (hors comp\u00e9tition) comprend elle aussi, des \u0153uvres cin\u00e9matographiques de renomm\u00e9e telles que \u00ab\u00a0l\u2019amante du Rif\u00a0\u00bb de Narjiss Nejjar adapt\u00e9e d\u2019une \u0153uvre litt\u00e9raire de Noufissa Sbai, \u00ab\u00a0la pri\u00e8re de l\u2019absent\u00a0\u00bb de Hamid Bennani\u00a0 adapt\u00e9e du roman de Tahar de Benjelloun, \u00ab\u00a0secrets d\u2019oreiller\u00a0\u00bb de Jilali Ferhati adapt\u00e9e du roman de Bachir Damoun, \u00ab\u00a0la terre\u00a0\u00bb de Youssef Chahine adapt\u00e9e d\u2019un roman de Abderrahman Cherkaoui, \u00ab\u00a0la faim\u00a0\u00bb de Ali Badrakhan adapt\u00e9e d\u2019un roman de Naguib Mahfouz, \u00ab\u00a0l\u2019amour sur le plateau des pyramides\u00a0\u00bb de Atef El-Taib adapt\u00e9e aussi d\u2019un roman de Naguib Mahfouz, \u00ab\u00a0Diamond Dust\u00a0\u00bb de Marwan Hamed adapt\u00e9 de l\u2019ouevre litt\u00e9raire de Ahmed Mourad, \u00ab\u00a0Ouard Masmoum\u00a0\u00bb de Ahmed Faouzi Saleh adapt\u00e9e d\u2019une \u0153uvre de Ahmed Zaghloul Al Sheety, \u00ab\u00a0Ward N\u00b06\u00a0\u00bb de Karen Shakhnazarov adapt\u00e9e d\u2019une oeuvre de Anton Tchekhov, et \u00ab\u00a0Guerre et Paix\u00a0\u00bb de Serge Bondartchuk adapt\u00e9e du c\u00e9l\u00e8bre roman de L\u00e9on Tolsto\u00ef.<\/p>\n<p>Des \u0153uvres cin\u00e9matographiques tri\u00e9es au volet qui visent \u00e0 favoriser un dialogue multiculturel sur la base de regards crois\u00e9s sur le cin\u00e9ma et la litt\u00e9rature et c\u2019est ce qui explique que le comit\u00e9 d\u2019organisation ait mis deux ans \u00e0 pr\u00e9parer ce festival.<\/p>\n<p>Organis\u00e9e par l\u2019association Agora pour les Arts et \u00ab\u00a0D&#038;R productions\u00a0\u00bb avec le soutien du minist\u00e8re de la culture, de la jeunesse et des sports et en partenariat avec le Groupe OCP-Site de Safi et l\u2019Ordre des avocats de Safi, la 1\u00e8re \u00e9dition du Festival international cin\u00e9ma et litt\u00e9rature de Safi comporte la projection de 09 longs m\u00e9trages adapt\u00e9s et 07 Courts m\u00e9trages adapt\u00e9s dans le cadre de la comp\u00e9tition officielle issus du Maroc, la France, le Canada Qu\u00e9bec, la Turquie, la Tunisie, l\u2019Egypte, le Cameroun, l\u2019Espagne, le Canada et la Russie.<\/p>\n<p>Le festival qui investira diff\u00e9rents espaces de Safi (Cit\u00e9 des Arts, Cin\u00e9ma Atlantide, des centres culturels, des maisons de jeunes, des internats d\u2019\u00e9tablissements scolaires), comprendra \u00e9galement des projections en plein air sur la Place Moulay Youssef, outre des conf\u00e9rences portant sur les th\u00e9matiques \u00ab\u00a0cin\u00e9ma et litt\u00e9rature : convergence et divergences\u00a0\u00bb et \u00ab\u00a0du roman au film : exp\u00e9riences particuli\u00e8res\u00a0\u00bb ainsi que des ateliers au profit des jeunes de la r\u00e9gion sur le sc\u00e9nario, l\u2019image, la r\u00e9alisation et le montage.<\/p>\n<p>Au programme de cette manifestation figurent aussi des hommages rendus \u00e0 des personnalit\u00e9s du monde du cin\u00e9ma et de la litt\u00e9rature, dont le producteur et r\u00e9alisateur camerounais Daniel Kamwa, la r\u00e9alisatrice et sc\u00e9nariste Farida Benlyazid, la chanteuse de l\u2019aita Aida, l\u2019\u00e9ditrice Layla Chaouni, le sc\u00e9nariste Ali Smai, l\u2019avocat et cin\u00e9phile Abdellah El Ouezzani, en plus d\u2019un hommage posthume \u00e0 Michel Galabru, com\u00e9dien fran\u00e7ais n\u00e9 \u00e0 Safi en pr\u00e9sence de sa fille Emmanuelle Galabru.<\/p>\n<p>Le film \u00ab\u00a0l\u2019attentat\u00a0\u00bb du r\u00e9alisateur Ziad Doueiri fera l\u2019ouverture de ce festival alors que le film marocain \u00ab\u00a0Bamou\u00a0\u00bb du r\u00e9alisateur Driss Mrini sera projet\u00e9 en cl\u00f4ture de cette manifestation artistique.<\/p>\n<p>Le jury officiel de la premi\u00e8re \u00e9dition du Festival international cin\u00e9ma et litt\u00e9rature de Safi sera pr\u00e9sid\u00e9 par le grand com\u00e9dien et chanteur fran\u00e7ais Jean-Pierre Kalfon et compos\u00e9 du com\u00e9dien fran\u00e7ais, Guy Paillot, le r\u00e9alisateur marocain Abdelkader Lagtaa, le r\u00e9alisateur et producteur luxembourgeois Ody Roos, l\u2019\u00e9ditrice marocaine Layla Chaouni et l\u2019\u00e9crivaine marocaine Bahaa Trabelsi.<\/p>\n<p>Auteur: Meriem IGASS<br \/>\n<a href=\"http:\/\/www.mapmarrakech.ma\/fr\/ficls-quand-le-cinema-et-la-litterature-font-bon-menage\/\">Cliquez ici pour lire l&rsquo;article depuis sa source.<\/a><\/p>\n","protected":false},"excerpt":{"rendered":"<p>La 1\u00e8re \u00e9dition de ce festival, pr\u00e9vue du 25 au 31 octobre courant \u00e0 la cit\u00e9 de l\u2019Atlantique, projettera essentiellement des films adapt\u00e9s d\u2019\u0153uvres litt\u00e9raires dont des romans, des nouvelles et des contes entre autres. Cette manifestation culturelle offre ainsi une opportunit\u00e9 unique de r\u00e9unir les auteurs d\u2019\u0153uvres litt\u00e9raires et les \u00e9diteurs, d\u2019une part, et [&hellip;]<\/p>\n","protected":false},"author":1788,"featured_media":0,"comment_status":"closed","ping_status":"closed","sticky":false,"template":"","format":"standard","meta":{"fifu_image_url":"","fifu_image_alt":"","footnotes":""},"categories":[54,76],"tags":[],"class_list":["post-64318","post","type-post","status-publish","format-standard","hentry","category-maroc","category-regions"],"_links":{"self":[{"href":"https:\/\/linitiative.ca\/International\/wp-json\/wp\/v2\/posts\/64318","targetHints":{"allow":["GET"]}}],"collection":[{"href":"https:\/\/linitiative.ca\/International\/wp-json\/wp\/v2\/posts"}],"about":[{"href":"https:\/\/linitiative.ca\/International\/wp-json\/wp\/v2\/types\/post"}],"author":[{"embeddable":true,"href":"https:\/\/linitiative.ca\/International\/wp-json\/wp\/v2\/users\/1788"}],"replies":[{"embeddable":true,"href":"https:\/\/linitiative.ca\/International\/wp-json\/wp\/v2\/comments?post=64318"}],"version-history":[{"count":0,"href":"https:\/\/linitiative.ca\/International\/wp-json\/wp\/v2\/posts\/64318\/revisions"}],"wp:attachment":[{"href":"https:\/\/linitiative.ca\/International\/wp-json\/wp\/v2\/media?parent=64318"}],"wp:term":[{"taxonomy":"category","embeddable":true,"href":"https:\/\/linitiative.ca\/International\/wp-json\/wp\/v2\/categories?post=64318"},{"taxonomy":"post_tag","embeddable":true,"href":"https:\/\/linitiative.ca\/International\/wp-json\/wp\/v2\/tags?post=64318"}],"curies":[{"name":"wp","href":"https:\/\/api.w.org\/{rel}","templated":true}]}}