{"id":64339,"date":"2019-10-13T20:00:00","date_gmt":"2019-10-14T00:00:00","guid":{"rendered":"https:\/\/linitiative.ca\/International\/deces-dune-personne-en-garde-a-vue-le-parquet-de-blida-ouvre-une-enquete\/"},"modified":"2019-10-13T20:00:00","modified_gmt":"2019-10-14T00:00:00","slug":"deces-dune-personne-en-garde-a-vue-le-parquet-de-blida-ouvre-une-enquete","status":"publish","type":"post","link":"https:\/\/linitiative.ca\/International\/deces-dune-personne-en-garde-a-vue-le-parquet-de-blida-ouvre-une-enquete\/","title":{"rendered":"D\u00e9c\u00e8s d\u2019une personne en garde \u00e0 vue : Le Parquet de Blida ouvre une enqu\u00eate"},"content":{"rendered":"<p>Le procureur de la R\u00e9publique pr\u00e8s la Cour de Blida a ordonn\u00e9 l\u2019ouverture d\u2019une instruction judiciaire \u00e0 propos du d\u00e9c\u00e8s, suite \u00e0 un malaise, d\u2019une personne en garde \u00e0 vue en plus d&rsquo;une autopsie aux fins de d\u00e9terminer la cause de la mort selon un communiqu\u00e9. Le \u00abmis en cause (dans cette affaire) a \u00e9t\u00e9 arr\u00eat\u00e9 le 12 octobre \u00e0 la cit\u00e9 Djilali Bouna\u00e0ma du centre-ville, aux environs de 01h00 du matin. Il \u00e9tait suspect\u00e9 d\u2019un d\u00e9lit puni par la loi\u00bb, est-il ajout\u00e9. Une fois entendu \u00e0 propos des faits qui lui \u00e9taient reproch\u00e9s, le suspect a \u00e9t\u00e9 examin\u00e9 par un m\u00e9decin, avant d\u2019\u00eatre plac\u00e9 en garde \u00e0 vue, selon la m\u00eame source, qui signale que ce dernier a \u00e9t\u00e9 victime d\u2019un malaise aux environs de 10h20. \u00abUne \u00e9quipe m\u00e9dicale a \u00e9t\u00e9 d\u00e9p\u00each\u00e9e sur place pour l\u2019assister, mais en vain\u00bb, est-il d\u00e9plor\u00e9 dans le m\u00eame document. Suite \u00e0 quoi, il a \u00e9t\u00e9 transf\u00e9r\u00e9 imm\u00e9diatement vers l\u2019h\u00f4pital Brahim Tirichine (ex- Faubourg) o\u00f9 a \u00e9t\u00e9 constat\u00e9 le d\u00e9c\u00e8s.<br \/>Selon les premi\u00e8res informations disponibles \u00e0 son propos, le d\u00e9funt, r\u00e9pondant aux initiales de Gh.S. \u00absouffrait d\u2019une maladie chronique\u00bb, est-il soulign\u00e9 dans le m\u00eame communiqu\u00e9, pr\u00e9cisant qu\u2019une \u00abordonnance a \u00e9t\u00e9 \u00e9mise par le parquet de la R\u00e9publique en vue de faire autopsier son corps pour d\u00e9terminer la cause du d\u00e9c\u00e8s, parall\u00e8lement \u00e0 l\u2019ouverture d\u2019une enqu\u00eate judiciaire\u00bb.<\/p>\n<p>Auteur: elmoudjahid<br \/>\n<a href=\"http:\/\/www.elmoudjahid.com\/fr\/actualites\/143158\">Cliquez ici pour lire l&rsquo;article depuis sa source.<\/a><\/p>\n","protected":false},"excerpt":{"rendered":"<p>Le procureur de la R\u00e9publique pr\u00e8s la Cour de Blida a ordonn\u00e9 l\u2019ouverture d\u2019une instruction judiciaire \u00e0 propos du d\u00e9c\u00e8s, suite \u00e0 un malaise, d\u2019une personne en garde \u00e0 vue en plus d&rsquo;une autopsie aux fins de d\u00e9terminer la cause de la mort selon un communiqu\u00e9. Le \u00abmis en cause (dans cette affaire) a \u00e9t\u00e9 [&hellip;]<\/p>\n","protected":false},"author":1744,"featured_media":0,"comment_status":"closed","ping_status":"closed","sticky":false,"template":"","format":"standard","meta":{"fifu_image_url":"","fifu_image_alt":"","footnotes":""},"categories":[73,53],"tags":[],"class_list":["post-64339","post","type-post","status-publish","format-standard","hentry","category-actualite","category-algerie"],"_links":{"self":[{"href":"https:\/\/linitiative.ca\/International\/wp-json\/wp\/v2\/posts\/64339","targetHints":{"allow":["GET"]}}],"collection":[{"href":"https:\/\/linitiative.ca\/International\/wp-json\/wp\/v2\/posts"}],"about":[{"href":"https:\/\/linitiative.ca\/International\/wp-json\/wp\/v2\/types\/post"}],"author":[{"embeddable":true,"href":"https:\/\/linitiative.ca\/International\/wp-json\/wp\/v2\/users\/1744"}],"replies":[{"embeddable":true,"href":"https:\/\/linitiative.ca\/International\/wp-json\/wp\/v2\/comments?post=64339"}],"version-history":[{"count":0,"href":"https:\/\/linitiative.ca\/International\/wp-json\/wp\/v2\/posts\/64339\/revisions"}],"wp:attachment":[{"href":"https:\/\/linitiative.ca\/International\/wp-json\/wp\/v2\/media?parent=64339"}],"wp:term":[{"taxonomy":"category","embeddable":true,"href":"https:\/\/linitiative.ca\/International\/wp-json\/wp\/v2\/categories?post=64339"},{"taxonomy":"post_tag","embeddable":true,"href":"https:\/\/linitiative.ca\/International\/wp-json\/wp\/v2\/tags?post=64339"}],"curies":[{"name":"wp","href":"https:\/\/api.w.org\/{rel}","templated":true}]}}