{"id":64340,"date":"2019-10-13T20:00:00","date_gmt":"2019-10-14T00:00:00","guid":{"rendered":"https:\/\/linitiative.ca\/International\/le-secretaire-detat-espagnol-aux-affaires-etrangeres-en-visite-de-travail-a-alger\/"},"modified":"2019-10-13T20:00:00","modified_gmt":"2019-10-14T00:00:00","slug":"le-secretaire-detat-espagnol-aux-affaires-etrangeres-en-visite-de-travail-a-alger","status":"publish","type":"post","link":"https:\/\/linitiative.ca\/International\/le-secretaire-detat-espagnol-aux-affaires-etrangeres-en-visite-de-travail-a-alger\/","title":{"rendered":"Le secr\u00e9taire d\u2019\u00e9tat espagnol aux Affaires \u00e9trang\u00e8res en visite de travail \u00e0 Alger"},"content":{"rendered":"<p>Le secr\u00e9taire d\u2019Etat espagnol aux Affaires \u00e9trang\u00e8res, Fernando Valenzuela Marzo, effectue \u00e0 partir d\u2019aujourd\u2019hui une visite de travail de deux jours \u00e0 Alger, dans le cadre des consultations politiques r\u00e9guli\u00e8res entre l\u2019Alg\u00e9rie et l\u2019Espagne.\u2008Ces consultations politiques seront copr\u00e9sid\u00e9es par le secr\u00e9taire g\u00e9n\u00e9ral du minist\u00e8re des Affaires \u00e9trang\u00e8res, Rachid Bladehane, et le secr\u00e9taire d\u2019Etat espagnol. Cette visite sera l\u2019occasion de faire le point sur \u201cla mise en \u0153uvre des conclusions et d\u00e9cisions de la 7e r\u00e9union de Haut niveau alg\u00e9ro-espagnole tenue \u00e0 Alger le 3 octobre 2018, d\u2019examiner les prochaines \u00e9ch\u00e9ances bilat\u00e9rales, en particulier la 8e r\u00e9union de Haut niveau pr\u00e9vue \u00e0 Madrid en 2020, et d\u2019avoir un \u00e9change de vues sur les questions r\u00e9gionales et internationales d\u2019int\u00e9r\u00eat commun, notamment la situation au Sahel, en Libye, au Proche-Orient ainsi que sur les questions de la migration et de la lutte contre le terrorisme\u201d, pr\u00e9cise-t-on de m\u00eame source.<br \/>\u00a0\u201cLes relations entre l\u2019Alg\u00e9rie et l\u2019Union europ\u00e9enne et la coop\u00e9ration dans le cadre de l\u2019UPM figureront \u00e9galement au menu des discussions entre les deux parties\u201d.\u00a0<\/p>\n<p>Auteur: elmoudjahid<br \/>\n<a href=\"http:\/\/www.elmoudjahid.com\/fr\/actualites\/143159\">Cliquez ici pour lire l&rsquo;article depuis sa source.<\/a><\/p>\n","protected":false},"excerpt":{"rendered":"<p>Le secr\u00e9taire d\u2019Etat espagnol aux Affaires \u00e9trang\u00e8res, Fernando Valenzuela Marzo, effectue \u00e0 partir d\u2019aujourd\u2019hui une visite de travail de deux jours \u00e0 Alger, dans le cadre des consultations politiques r\u00e9guli\u00e8res entre l\u2019Alg\u00e9rie et l\u2019Espagne.\u2008Ces consultations politiques seront copr\u00e9sid\u00e9es par le secr\u00e9taire g\u00e9n\u00e9ral du minist\u00e8re des Affaires \u00e9trang\u00e8res, Rachid Bladehane, et le secr\u00e9taire d\u2019Etat espagnol. Cette [&hellip;]<\/p>\n","protected":false},"author":1744,"featured_media":0,"comment_status":"closed","ping_status":"closed","sticky":false,"template":"","format":"standard","meta":{"fifu_image_url":"","fifu_image_alt":"","footnotes":""},"categories":[73,53],"tags":[],"class_list":["post-64340","post","type-post","status-publish","format-standard","hentry","category-actualite","category-algerie"],"_links":{"self":[{"href":"https:\/\/linitiative.ca\/International\/wp-json\/wp\/v2\/posts\/64340","targetHints":{"allow":["GET"]}}],"collection":[{"href":"https:\/\/linitiative.ca\/International\/wp-json\/wp\/v2\/posts"}],"about":[{"href":"https:\/\/linitiative.ca\/International\/wp-json\/wp\/v2\/types\/post"}],"author":[{"embeddable":true,"href":"https:\/\/linitiative.ca\/International\/wp-json\/wp\/v2\/users\/1744"}],"replies":[{"embeddable":true,"href":"https:\/\/linitiative.ca\/International\/wp-json\/wp\/v2\/comments?post=64340"}],"version-history":[{"count":0,"href":"https:\/\/linitiative.ca\/International\/wp-json\/wp\/v2\/posts\/64340\/revisions"}],"wp:attachment":[{"href":"https:\/\/linitiative.ca\/International\/wp-json\/wp\/v2\/media?parent=64340"}],"wp:term":[{"taxonomy":"category","embeddable":true,"href":"https:\/\/linitiative.ca\/International\/wp-json\/wp\/v2\/categories?post=64340"},{"taxonomy":"post_tag","embeddable":true,"href":"https:\/\/linitiative.ca\/International\/wp-json\/wp\/v2\/tags?post=64340"}],"curies":[{"name":"wp","href":"https:\/\/api.w.org\/{rel}","templated":true}]}}