{"id":64357,"date":"2019-10-14T11:00:00","date_gmt":"2019-10-14T15:00:00","guid":{"rendered":"https:\/\/linitiative.ca\/International\/ferme-engagement-des-villes-du-maghreb-et-du-sahel-africain-pour-une-cooperation-renforcee\/"},"modified":"2019-10-14T11:00:00","modified_gmt":"2019-10-14T15:00:00","slug":"ferme-engagement-des-villes-du-maghreb-et-du-sahel-africain-pour-une-cooperation-renforcee","status":"publish","type":"post","link":"https:\/\/linitiative.ca\/International\/ferme-engagement-des-villes-du-maghreb-et-du-sahel-africain-pour-une-cooperation-renforcee\/","title":{"rendered":"Ferme engagement des villes du Maghreb et du Sahel africain pour une coop\u00e9ration renforc\u00e9e"},"content":{"rendered":"<p>\u00ab Le co\u00fbt de la non-coop\u00e9ration et de la non-solidarit\u00e9 entre nos cit\u00e9s est si \u00e9lev\u00e9 qu\u2019il p\u00e9nalise lourdement nos populations \u00bb a soulign\u00e9 Mme Souad Ben Abderrahim, maire de Tunis \u00e0 l\u2019ouverture de la conf\u00e9rence internationale des villes des pays du Maghreb et du Sahel africain qui a d\u00e9but\u00e9 lundi \u00e0 Tunis. \u00ab Nous devons lever ensemble les d\u00e9fis de cr\u00e9ation d\u2019un r\u00e9seau des villes maghr\u00e9bines pour une coop\u00e9ration d\u00e9centralis\u00e9e, d\u2019instauration de flux effectifs d\u2019\u00e9changes et d\u2019interaction avec les acteurs locaux pour un d\u00e9veloppement intensif de nos cit\u00e9s et d\u2019ancrage d\u2019une solidarit\u00e9 agissante avec les villes du Sahel africain \u00bb, a-t-elle ajout\u00e9.<\/p>\n<p>Organis\u00e9e par la Ville de Tunis, avec l\u2019appui de l\u2019Union europ\u00e9enne, sur le th\u00e8me de \u00abVilles, mise \u00e0 l\u2019emploi des jeunes, pour un mieux vivre ensemble en harmonie \u00bbcette conf\u00e9rence, groupe les maires des deux r\u00e9gions, des chercheurs et des repr\u00e9sentants de la soci\u00e9t\u00e9 civile. Elle est notamment marqu\u00e9e par la participation du secr\u00e9taire g\u00e9n\u00e9ral de l\u2019Union du Maghreb Arabe (UMA), M.Taieb Baccouche ainsi que du maire de Ouagadougou, M. Armand Roland Pierre Beouinde, \u00e9galement vice-pr\u00e9sident Afrique de CGLU, membre du Comit\u00e9 Ex\u00e9cutif de CGLU Afrique, et membre du Conseil Panafricain et du pr\u00e9sident de la Chambre de Commerce et d\u2019industrie de Tunis, M. Mounir Mouakhar, sa qualit\u00e9 \u00e9galement de pr\u00e9sident de la Conf\u00e9rence permanente des chambres consulaires africaines et francophones (CPCCAF).<\/p>\n<h2>Bombe ou boom<\/h2>\n<p>\u00abPour prendre l\u2019exemple de ma ville, Ouagadougou qui compte pr\u00e8s de 3.5 millions d\u2019habitant, avec une croissance d\u00e9mographique annuelle de 7.6%, d\u00e9clarera son maire, M. Beouinde, nous voyons arriver chaque ann\u00e9e sur le march\u00e9 de l\u2019emploi plus de 30.000 jeunes. Vou\u00e9s au ch\u00f4mage et \u00e0 l\u2019oisivit\u00e9, ils feront le lit de l\u2019extr\u00e9misme et constitueront ainsi des bombes vivantes. Employ\u00e9s, ils seront le facteur d\u2019un grand boom \u00e9conomique. D\u00e9samor\u00e7ons les bombes, suscitons les booms ! \u00bb<\/p>\n<p>\u00ab Le r\u00f4le des bailleurs de fonds est essentiel dans la r\u00e9sorption du ch\u00f4mage, la cr\u00e9ation d\u2019emploi et la r\u00e9duction des in\u00e9galit\u00e9s, a soulign\u00e9 M. Taieb Baccouche. Il leur appartient d\u2019apporter une contribution substantielle aux efforts d\u00e9ploy\u00e9s par les villes du Maghreb et du Sahel africain et de soutenir leurs initiatives en y associant le secteur priv\u00e9. \u00bb<\/p>\n<h2>Les op\u00e9rateurs \u00e9conomiques au service des communaut\u00e9s urbaines<\/h2>\n<p>\u00ab Les chambres de commerce et d\u2019industrie sont pleinement dispos\u00e9es \u00e0 s\u2019associer \u00e0 cet \u00e9lan de coop\u00e9ration solidaire qui s\u2019y initie aujourd\u2019hui, a affirm\u00e9 M. Mounir Mouakhar. Les op\u00e9rateurs \u00e9conomiques du secteur priv\u00e9 mettent toutes leurs potentialit\u00e9s au service des municipalit\u00e9s comme ils le font actuellement dans nombre de villes \u00e0 la faveur de projets notamment de l\u2019eau, de collecte et recyclage des d\u00e9chets et d\u2019\u00e9nergies nouvelles et renouvelables. \u00bb<\/p>\n<p>Engagement et partenariat, a insist\u00e9 Mme Ben Abderrahim, en mode op\u00e9ratoire d\u2019une coop\u00e9ration agissante, soulignant particuli\u00e8rement la dimension humaine, sociale et culturelle de ce vivre-ensemble dans les cit\u00e9s du Maghreb et du Sahel africain. \u00ab En puisant dans la longue histoire qui nous lie et le patrimoine partag\u00e9, a-t-elle indiqu\u00e9, ils nous appartient aujourd\u2019hui de pr\u00eater une attention plus grande aux questions de migration, d\u2019accueil des \u00e9tudiants, d\u2019\u00e9changes entre les jeunes et d\u2019interaction culturelle. \u00bb<\/p>\n<p>Les travaux de la conf\u00e9rence internationale se poursuivront en deuxi\u00e8me et derni\u00e8re journ\u00e9e ce mardi 15 octobre, en r\u00e9flexion et propositions d\u2019action, du contexte actuel des espaces maghr\u00e9bins et sah\u00e9liens et de leurs liens et potentiels afin d\u2019identifier des piliers communs porteurs de coop\u00e9rations appropri\u00e9es. Le premier objectif est de favoriser une dynamique de voisinage, de d\u00e9velopper les principes d\u2019empathie, de solidarit\u00e9, de compl\u00e9mentarit\u00e9 entre les villes d\u2019une zone g\u00e9ographique caract\u00e9ris\u00e9e \u00e0 la fois par les richesses qu\u2019elle rec\u00e8le, sa place dans la strat\u00e9gie internationale, sa langue et sa culture communes.<\/p>\n<p>Auteur:<br \/>\n<a href=\"https:\/\/www.leaders.com.tn\/article\/28195-ferme-engagement-des-villes-du-maghreb-et-du-sahel-africain-pour-une-cooperation-renforcee\">Cliquez ici pour lire l&rsquo;article depuis sa source.<\/a><\/p>\n","protected":false},"excerpt":{"rendered":"<p>\u00ab Le co\u00fbt de la non-coop\u00e9ration et de la non-solidarit\u00e9 entre nos cit\u00e9s est si \u00e9lev\u00e9 qu\u2019il p\u00e9nalise lourdement nos populations \u00bb a soulign\u00e9 Mme Souad Ben Abderrahim, maire de Tunis \u00e0 l\u2019ouverture de la conf\u00e9rence internationale des villes des pays du Maghreb et du Sahel africain qui a d\u00e9but\u00e9 lundi \u00e0 Tunis. \u00ab Nous [&hellip;]<\/p>\n","protected":false},"author":1772,"featured_media":0,"comment_status":"closed","ping_status":"closed","sticky":false,"template":"","format":"standard","meta":{"fifu_image_url":"","fifu_image_alt":"","footnotes":""},"categories":[73,55],"tags":[],"class_list":["post-64357","post","type-post","status-publish","format-standard","hentry","category-actualite","category-tunisie"],"_links":{"self":[{"href":"https:\/\/linitiative.ca\/International\/wp-json\/wp\/v2\/posts\/64357","targetHints":{"allow":["GET"]}}],"collection":[{"href":"https:\/\/linitiative.ca\/International\/wp-json\/wp\/v2\/posts"}],"about":[{"href":"https:\/\/linitiative.ca\/International\/wp-json\/wp\/v2\/types\/post"}],"author":[{"embeddable":true,"href":"https:\/\/linitiative.ca\/International\/wp-json\/wp\/v2\/users\/1772"}],"replies":[{"embeddable":true,"href":"https:\/\/linitiative.ca\/International\/wp-json\/wp\/v2\/comments?post=64357"}],"version-history":[{"count":0,"href":"https:\/\/linitiative.ca\/International\/wp-json\/wp\/v2\/posts\/64357\/revisions"}],"wp:attachment":[{"href":"https:\/\/linitiative.ca\/International\/wp-json\/wp\/v2\/media?parent=64357"}],"wp:term":[{"taxonomy":"category","embeddable":true,"href":"https:\/\/linitiative.ca\/International\/wp-json\/wp\/v2\/categories?post=64357"},{"taxonomy":"post_tag","embeddable":true,"href":"https:\/\/linitiative.ca\/International\/wp-json\/wp\/v2\/tags?post=64357"}],"curies":[{"name":"wp","href":"https:\/\/api.w.org\/{rel}","templated":true}]}}