{"id":64362,"date":"2019-10-14T06:00:00","date_gmt":"2019-10-14T10:00:00","guid":{"rendered":"https:\/\/linitiative.ca\/International\/absents-a-lappel-ils-font-quoi\/"},"modified":"2019-10-14T06:00:00","modified_gmt":"2019-10-14T10:00:00","slug":"absents-a-lappel-ils-font-quoi","status":"publish","type":"post","link":"https:\/\/linitiative.ca\/International\/absents-a-lappel-ils-font-quoi\/","title":{"rendered":"Absents \u00e0 l\u2019appel, ils font quoi ?"},"content":{"rendered":"<p>Une question ! Celle que je ne suis pas la seule \u00e0 me poser \u00e0 leur propos ! Non pas qu\u2019ils nous aient habitu\u00e9s \u00e0 plus de pr\u00e9sence ces derni\u00e8res ann\u00e9es, mais j\u2019avoue \u00eatre surprise qu\u2019ils n\u2019aient toujours pas fait l\u2019effort de se prononcer en faveur de la rue ou de ceux qui lui sont oppos\u00e9s.<br \/>Un petit effort pour dire leur solidarit\u00e9 ou leur rejet de ce que d\u2019aucuns qualifient d\u2019agitation contre-productive. Je parle de ceux qui, le mardi et le vendredi, battent le pav\u00e9 sans penser \u00e0 se mettre \u00e0 l\u2019abri des coups, ne craignant pas d\u2019\u00eatre embarqu\u00e9s et de croupir en prison sous des accusations qui insultent la raison.<br \/>En v\u00e9rit\u00e9, ces derniers n\u2019ont absolument pas besoin d\u2019\u00eatre guid\u00e9s par une suppos\u00e9e ma\u00eetrise des mouvements qui s\u2019op\u00e8rent dans un pays lorsque ce dernier, dans sa grande majorit\u00e9, est convaincu qu\u2019avancer vers la lumi\u00e8re exige que l\u2019on y consacre du temps et de l\u2019\u00e9nergie. O\u00f9 sont pass\u00e9s nos intellectuels ? O\u00f9 sont ceux dont on serait pr\u00e8s \u00e0 jurer qu\u2019ils d\u00e9tiennent la science infuse et le raisonnement qui va avec ? Ceux qui ont l\u2019insupportable audace de partir en croisade contre les compatriotes qui leur font de l\u2019ombre en produisant du sens ? On ne les entend pas ! Il y aurait pourtant de quoi longuement disserter. De quoi dire et s\u2019opposer sans jamais attendre l\u2019embarrassante permission de le faire. Attention, je ne mets pas tous ceux qui pensent, cr\u00e9ent, illustrent et publient dans le m\u00eame panier ! Dieu merci ! Parce que sinon, il y aurait de quoi s\u00e9rieusement s\u2019inqui\u00e9ter ou carr\u00e9ment perdre espoir et ne plus rien percevoir de l\u2019avenir que les vilaines choses dont on aimerait nous convaincre.<br \/>J\u2019avais trouv\u00e9 triste, par exemple, qu\u2019un Boudjedra, dont on ne devrait \u00e9voquer le nom que pour en conter les qualit\u00e9s, accepte de partager l\u2019univers, lamentablement d\u00e9pourvu d\u2019intelligence, de personnages douteux qui s\u00e9vissent au sein de r\u00e9dactions poubelles qui n\u2019ont d\u2019\u00e9tique que leur alignement sur ce que leur inspire l\u2019ambiance qui r\u00e8gne en coulisses. J\u2019aurais pr\u00e9f\u00e9r\u00e9 qu\u2019au lieu de plonger dans leur univers crasse et effroyable, il m\u2019aide \u00e0 entrevoir, pr\u00e9matur\u00e9ment, cet autre avenir que les Alg\u00e9riens r\u00e9clament inlassablement !<br \/>M.\u2008B.\u2008<\/p>\n<p>Auteur:<br \/>\n<a href=\"https:\/\/www.lesoirdalgerie.com\/soit-dit-en-passant\/absents-a-lappel-ils-font-quoi-31817\">Cliquez ici pour lire l&rsquo;article depuis sa source.<\/a><\/p>\n","protected":false},"excerpt":{"rendered":"<p>Une question ! Celle que je ne suis pas la seule \u00e0 me poser \u00e0 leur propos ! Non pas qu\u2019ils nous aient habitu\u00e9s \u00e0 plus de pr\u00e9sence ces derni\u00e8res ann\u00e9es, mais j\u2019avoue \u00eatre surprise qu\u2019ils n\u2019aient toujours pas fait l\u2019effort de se prononcer en faveur de la rue ou de ceux qui lui sont [&hellip;]<\/p>\n","protected":false},"author":1741,"featured_media":0,"comment_status":"closed","ping_status":"closed","sticky":false,"template":"","format":"standard","meta":{"fifu_image_url":"","fifu_image_alt":"","footnotes":""},"categories":[73,53],"tags":[],"class_list":["post-64362","post","type-post","status-publish","format-standard","hentry","category-actualite","category-algerie"],"_links":{"self":[{"href":"https:\/\/linitiative.ca\/International\/wp-json\/wp\/v2\/posts\/64362","targetHints":{"allow":["GET"]}}],"collection":[{"href":"https:\/\/linitiative.ca\/International\/wp-json\/wp\/v2\/posts"}],"about":[{"href":"https:\/\/linitiative.ca\/International\/wp-json\/wp\/v2\/types\/post"}],"author":[{"embeddable":true,"href":"https:\/\/linitiative.ca\/International\/wp-json\/wp\/v2\/users\/1741"}],"replies":[{"embeddable":true,"href":"https:\/\/linitiative.ca\/International\/wp-json\/wp\/v2\/comments?post=64362"}],"version-history":[{"count":0,"href":"https:\/\/linitiative.ca\/International\/wp-json\/wp\/v2\/posts\/64362\/revisions"}],"wp:attachment":[{"href":"https:\/\/linitiative.ca\/International\/wp-json\/wp\/v2\/media?parent=64362"}],"wp:term":[{"taxonomy":"category","embeddable":true,"href":"https:\/\/linitiative.ca\/International\/wp-json\/wp\/v2\/categories?post=64362"},{"taxonomy":"post_tag","embeddable":true,"href":"https:\/\/linitiative.ca\/International\/wp-json\/wp\/v2\/tags?post=64362"}],"curies":[{"name":"wp","href":"https:\/\/api.w.org\/{rel}","templated":true}]}}