{"id":64363,"date":"2019-10-14T06:00:00","date_gmt":"2019-10-14T10:00:00","guid":{"rendered":"https:\/\/linitiative.ca\/International\/o-raj-o-espoir\/"},"modified":"2019-10-14T06:00:00","modified_gmt":"2019-10-14T10:00:00","slug":"o-raj-o-espoir","status":"publish","type":"post","link":"https:\/\/linitiative.ca\/International\/o-raj-o-espoir\/","title":{"rendered":"\u00d4 Raj, \u00f4 espoir !"},"content":{"rendered":"<p>Huit militants du RAJ sont en prison, dont le pr\u00e9sident. \u00c7a s\u2019appelle un \u00e9t\u00eatement. Pour couper la t\u00eate d\u2019une organisation de cette mani\u00e8re si vigoureuse, il faut vraiment qu\u2019elle soit hyper-efficace et qu\u2019elle fasse dr\u00f4lement peur. Je ne sais pas si le Raj a eu des probl\u00e8mes d\u2019agr\u00e9ment, mais, l\u00e0, a contrario, c\u2019est un agr\u00e9ment qu\u2019il vient de recevoir.<br \/>Pour que le syst\u00e8me ait la main aussi lourde, il faut qu\u2019il reconnaisse lourdement le Raj. Cela dit, la place de ces jeunes n\u2019est pas en prison.<br \/>A.\u2008T.<\/p>\n<p>Auteur:<br \/>\n<a href=\"https:\/\/www.lesoirdalgerie.com\/digoutage\/o-raj-o-espoir-31816\">Cliquez ici pour lire l&rsquo;article depuis sa source.<\/a><\/p>\n","protected":false},"excerpt":{"rendered":"<p>Huit militants du RAJ sont en prison, dont le pr\u00e9sident. \u00c7a s\u2019appelle un \u00e9t\u00eatement. Pour couper la t\u00eate d\u2019une organisation de cette mani\u00e8re si vigoureuse, il faut vraiment qu\u2019elle soit hyper-efficace et qu\u2019elle fasse dr\u00f4lement peur. Je ne sais pas si le Raj a eu des probl\u00e8mes d\u2019agr\u00e9ment, mais, l\u00e0, a contrario, c\u2019est un agr\u00e9ment [&hellip;]<\/p>\n","protected":false},"author":1741,"featured_media":0,"comment_status":"closed","ping_status":"closed","sticky":false,"template":"","format":"standard","meta":{"fifu_image_url":"","fifu_image_alt":"","footnotes":""},"categories":[73,53],"tags":[],"class_list":["post-64363","post","type-post","status-publish","format-standard","hentry","category-actualite","category-algerie"],"_links":{"self":[{"href":"https:\/\/linitiative.ca\/International\/wp-json\/wp\/v2\/posts\/64363","targetHints":{"allow":["GET"]}}],"collection":[{"href":"https:\/\/linitiative.ca\/International\/wp-json\/wp\/v2\/posts"}],"about":[{"href":"https:\/\/linitiative.ca\/International\/wp-json\/wp\/v2\/types\/post"}],"author":[{"embeddable":true,"href":"https:\/\/linitiative.ca\/International\/wp-json\/wp\/v2\/users\/1741"}],"replies":[{"embeddable":true,"href":"https:\/\/linitiative.ca\/International\/wp-json\/wp\/v2\/comments?post=64363"}],"version-history":[{"count":0,"href":"https:\/\/linitiative.ca\/International\/wp-json\/wp\/v2\/posts\/64363\/revisions"}],"wp:attachment":[{"href":"https:\/\/linitiative.ca\/International\/wp-json\/wp\/v2\/media?parent=64363"}],"wp:term":[{"taxonomy":"category","embeddable":true,"href":"https:\/\/linitiative.ca\/International\/wp-json\/wp\/v2\/categories?post=64363"},{"taxonomy":"post_tag","embeddable":true,"href":"https:\/\/linitiative.ca\/International\/wp-json\/wp\/v2\/tags?post=64363"}],"curies":[{"name":"wp","href":"https:\/\/api.w.org\/{rel}","templated":true}]}}