{"id":64364,"date":"2019-10-14T06:00:00","date_gmt":"2019-10-14T10:00:00","guid":{"rendered":"https:\/\/linitiative.ca\/International\/des-escaliers-mecaniques-aux-oubliettes\/"},"modified":"2019-10-14T06:00:00","modified_gmt":"2019-10-14T10:00:00","slug":"des-escaliers-mecaniques-aux-oubliettes","status":"publish","type":"post","link":"https:\/\/linitiative.ca\/International\/des-escaliers-mecaniques-aux-oubliettes\/","title":{"rendered":"Des escaliers m\u00e9caniques aux oubliettes"},"content":{"rendered":"<div class=\"picture\"><img class=\"lazy\" data-original=\"\/data\/images\/article\/thumbs\/d-des-escaliers-mecaniques-aux-oubliettes-3da1e.jpg\"\/>\n<\/div>\n<p>Les escaliers m\u00e9caniques reliant la rue Larbi-Ben-M\u2019hidi \u00e0 la rue Docteur-Sa\u00e2dane, en contrebas du palais du Gouvernement, restent toujours ferm\u00e9s au public en d\u00e9pit de leur utilit\u00e9 et de la facilit\u00e9 qu\u2019ils offraient nagu\u00e8re aux riverains de passer d\u2019un niveau \u00e0 un autre dans cette partie escarp\u00e9e du centre de la capitale. Construits au d\u00e9but du si\u00e8cle dernier, ces escaliers ont \u00e9t\u00e9 ferm\u00e9s, rappelons-le, au lendemain de l\u2019attentat qui avait vis\u00e9 le palais durant la d\u00e9cennie noire. Aujourd\u2019hui, avec le retour de la paix, rien ne peut encore justifier cette fermeture et les responsables de l\u2019Etusa, charg\u00e9e de la gestion de ce moyen de transport, devraient le r\u00e9habiliter et le restituer \u00e0 ses utilisateurs.<\/p>\n<p>Auteur:<br \/>\n<a href=\"https:\/\/www.lesoirdalgerie.com\/periscoop\/des-escaliers-mecaniques-aux-oubliettes-31815\">Cliquez ici pour lire l&rsquo;article depuis sa source.<\/a><\/p>\n","protected":false},"excerpt":{"rendered":"<p>Les escaliers m\u00e9caniques reliant la rue Larbi-Ben-M\u2019hidi \u00e0 la rue Docteur-Sa\u00e2dane, en contrebas du palais du Gouvernement, restent toujours ferm\u00e9s au public en d\u00e9pit de leur utilit\u00e9 et de la facilit\u00e9 qu\u2019ils offraient nagu\u00e8re aux riverains de passer d\u2019un niveau \u00e0 un autre dans cette partie escarp\u00e9e du centre de la capitale. Construits au d\u00e9but [&hellip;]<\/p>\n","protected":false},"author":1741,"featured_media":0,"comment_status":"closed","ping_status":"closed","sticky":false,"template":"","format":"standard","meta":{"fifu_image_url":"","fifu_image_alt":"","footnotes":""},"categories":[73,53],"tags":[],"class_list":["post-64364","post","type-post","status-publish","format-standard","hentry","category-actualite","category-algerie"],"_links":{"self":[{"href":"https:\/\/linitiative.ca\/International\/wp-json\/wp\/v2\/posts\/64364","targetHints":{"allow":["GET"]}}],"collection":[{"href":"https:\/\/linitiative.ca\/International\/wp-json\/wp\/v2\/posts"}],"about":[{"href":"https:\/\/linitiative.ca\/International\/wp-json\/wp\/v2\/types\/post"}],"author":[{"embeddable":true,"href":"https:\/\/linitiative.ca\/International\/wp-json\/wp\/v2\/users\/1741"}],"replies":[{"embeddable":true,"href":"https:\/\/linitiative.ca\/International\/wp-json\/wp\/v2\/comments?post=64364"}],"version-history":[{"count":0,"href":"https:\/\/linitiative.ca\/International\/wp-json\/wp\/v2\/posts\/64364\/revisions"}],"wp:attachment":[{"href":"https:\/\/linitiative.ca\/International\/wp-json\/wp\/v2\/media?parent=64364"}],"wp:term":[{"taxonomy":"category","embeddable":true,"href":"https:\/\/linitiative.ca\/International\/wp-json\/wp\/v2\/categories?post=64364"},{"taxonomy":"post_tag","embeddable":true,"href":"https:\/\/linitiative.ca\/International\/wp-json\/wp\/v2\/tags?post=64364"}],"curies":[{"name":"wp","href":"https:\/\/api.w.org\/{rel}","templated":true}]}}