{"id":64365,"date":"2019-10-14T06:00:00","date_gmt":"2019-10-14T10:00:00","guid":{"rendered":"https:\/\/linitiative.ca\/International\/branle-bas-de-combat-chez-belabed\/"},"modified":"2019-10-14T06:00:00","modified_gmt":"2019-10-14T10:00:00","slug":"branle-bas-de-combat-chez-belabed","status":"publish","type":"post","link":"https:\/\/linitiative.ca\/International\/branle-bas-de-combat-chez-belabed\/","title":{"rendered":"Branle-bas de combat chez Belabed"},"content":{"rendered":"<p>Le minist\u00e8re de l\u2019Education pr\u00e9pare activement la participation de l\u2019Alg\u00e9rie aux travaux de la quaranti\u00e8me session de l\u2019Unesco, pr\u00e9vue du 12 au 27 novembre.\u2008Les membres du Comit\u00e9 national de l\u2019Unesco, repr\u00e9sentant plusieurs d\u00e9partements, s\u2019activent, en effet, \u00e0 pr\u00e9parer les dossiers devant \u00eatre discut\u00e9s \u00e0 l\u2019occasion de cette session.<br \/>\u00a0\u00a0<\/p>\n<p>Auteur:<br \/>\n<a href=\"https:\/\/www.lesoirdalgerie.com\/periscoop\/branle-bas-de-combat-chez-belabed-31814\">Cliquez ici pour lire l&rsquo;article depuis sa source.<\/a><\/p>\n","protected":false},"excerpt":{"rendered":"<p>Le minist\u00e8re de l\u2019Education pr\u00e9pare activement la participation de l\u2019Alg\u00e9rie aux travaux de la quaranti\u00e8me session de l\u2019Unesco, pr\u00e9vue du 12 au 27 novembre.\u2008Les membres du Comit\u00e9 national de l\u2019Unesco, repr\u00e9sentant plusieurs d\u00e9partements, s\u2019activent, en effet, \u00e0 pr\u00e9parer les dossiers devant \u00eatre discut\u00e9s \u00e0 l\u2019occasion de cette session.\u00a0\u00a0 Auteur: Cliquez ici pour lire l&rsquo;article depuis [&hellip;]<\/p>\n","protected":false},"author":1741,"featured_media":0,"comment_status":"closed","ping_status":"closed","sticky":false,"template":"","format":"standard","meta":{"fifu_image_url":"","fifu_image_alt":"","footnotes":""},"categories":[73,53],"tags":[],"class_list":["post-64365","post","type-post","status-publish","format-standard","hentry","category-actualite","category-algerie"],"_links":{"self":[{"href":"https:\/\/linitiative.ca\/International\/wp-json\/wp\/v2\/posts\/64365","targetHints":{"allow":["GET"]}}],"collection":[{"href":"https:\/\/linitiative.ca\/International\/wp-json\/wp\/v2\/posts"}],"about":[{"href":"https:\/\/linitiative.ca\/International\/wp-json\/wp\/v2\/types\/post"}],"author":[{"embeddable":true,"href":"https:\/\/linitiative.ca\/International\/wp-json\/wp\/v2\/users\/1741"}],"replies":[{"embeddable":true,"href":"https:\/\/linitiative.ca\/International\/wp-json\/wp\/v2\/comments?post=64365"}],"version-history":[{"count":0,"href":"https:\/\/linitiative.ca\/International\/wp-json\/wp\/v2\/posts\/64365\/revisions"}],"wp:attachment":[{"href":"https:\/\/linitiative.ca\/International\/wp-json\/wp\/v2\/media?parent=64365"}],"wp:term":[{"taxonomy":"category","embeddable":true,"href":"https:\/\/linitiative.ca\/International\/wp-json\/wp\/v2\/categories?post=64365"},{"taxonomy":"post_tag","embeddable":true,"href":"https:\/\/linitiative.ca\/International\/wp-json\/wp\/v2\/tags?post=64365"}],"curies":[{"name":"wp","href":"https:\/\/api.w.org\/{rel}","templated":true}]}}