{"id":64366,"date":"2019-10-14T06:00:00","date_gmt":"2019-10-14T10:00:00","guid":{"rendered":"https:\/\/linitiative.ca\/International\/gel-des-programmes-dimportation-des-medicaments\/"},"modified":"2019-10-14T06:00:00","modified_gmt":"2019-10-14T10:00:00","slug":"gel-des-programmes-dimportation-des-medicaments","status":"publish","type":"post","link":"https:\/\/linitiative.ca\/International\/gel-des-programmes-dimportation-des-medicaments\/","title":{"rendered":"Gel des programmes d\u2019importation des m\u00e9dicaments"},"content":{"rendered":"<p>Le ministre de la Sant\u00e9 a annonc\u00e9 la mise en place d\u2019une strat\u00e9gie pour rem\u00e9dier \u00e0 la p\u00e9nurie de m\u00e9dicaments et il assure avoir pris des dispositions pour l\u2019ann\u00e9e prochaine. Pourtant, selon des sources cr\u00e9dibles, sur les programmes d\u2019importation de m\u00e9dicaments d\u00e9pos\u00e9s par les op\u00e9rateurs en juillet dernier, au titre de l\u2019ann\u00e9e 2020, aucun dossier n\u2019a \u00e9t\u00e9 encore \u00e9tudi\u00e9 ni valid\u00e9 \u00e0 ce jour.<\/p>\n<p>Auteur:<br \/>\n<a href=\"https:\/\/www.lesoirdalgerie.com\/periscoop\/gel-des-programmes-dimportation-des-medicaments-31813\">Cliquez ici pour lire l&rsquo;article depuis sa source.<\/a><\/p>\n","protected":false},"excerpt":{"rendered":"<p>Le ministre de la Sant\u00e9 a annonc\u00e9 la mise en place d\u2019une strat\u00e9gie pour rem\u00e9dier \u00e0 la p\u00e9nurie de m\u00e9dicaments et il assure avoir pris des dispositions pour l\u2019ann\u00e9e prochaine. Pourtant, selon des sources cr\u00e9dibles, sur les programmes d\u2019importation de m\u00e9dicaments d\u00e9pos\u00e9s par les op\u00e9rateurs en juillet dernier, au titre de l\u2019ann\u00e9e 2020, aucun dossier [&hellip;]<\/p>\n","protected":false},"author":1741,"featured_media":0,"comment_status":"closed","ping_status":"closed","sticky":false,"template":"","format":"standard","meta":{"fifu_image_url":"","fifu_image_alt":"","footnotes":""},"categories":[73,53],"tags":[],"class_list":["post-64366","post","type-post","status-publish","format-standard","hentry","category-actualite","category-algerie"],"_links":{"self":[{"href":"https:\/\/linitiative.ca\/International\/wp-json\/wp\/v2\/posts\/64366","targetHints":{"allow":["GET"]}}],"collection":[{"href":"https:\/\/linitiative.ca\/International\/wp-json\/wp\/v2\/posts"}],"about":[{"href":"https:\/\/linitiative.ca\/International\/wp-json\/wp\/v2\/types\/post"}],"author":[{"embeddable":true,"href":"https:\/\/linitiative.ca\/International\/wp-json\/wp\/v2\/users\/1741"}],"replies":[{"embeddable":true,"href":"https:\/\/linitiative.ca\/International\/wp-json\/wp\/v2\/comments?post=64366"}],"version-history":[{"count":0,"href":"https:\/\/linitiative.ca\/International\/wp-json\/wp\/v2\/posts\/64366\/revisions"}],"wp:attachment":[{"href":"https:\/\/linitiative.ca\/International\/wp-json\/wp\/v2\/media?parent=64366"}],"wp:term":[{"taxonomy":"category","embeddable":true,"href":"https:\/\/linitiative.ca\/International\/wp-json\/wp\/v2\/categories?post=64366"},{"taxonomy":"post_tag","embeddable":true,"href":"https:\/\/linitiative.ca\/International\/wp-json\/wp\/v2\/tags?post=64366"}],"curies":[{"name":"wp","href":"https:\/\/api.w.org\/{rel}","templated":true}]}}