{"id":64368,"date":"2019-10-14T11:51:20","date_gmt":"2019-10-14T15:51:20","guid":{"rendered":"https:\/\/linitiative.ca\/International\/video-mehdi-benatia-tire-a-boulets-rouges-sur-les-lions-de-latlas\/"},"modified":"2019-10-14T11:51:20","modified_gmt":"2019-10-14T15:51:20","slug":"video-mehdi-benatia-tire-a-boulets-rouges-sur-les-lions-de-latlas","status":"publish","type":"post","link":"https:\/\/linitiative.ca\/International\/video-mehdi-benatia-tire-a-boulets-rouges-sur-les-lions-de-latlas\/","title":{"rendered":"Video.Mehdi Benatia tire \u00e0 boulets rouges sur les Lions de l\u2019Atlas"},"content":{"rendered":"<p><strong>Le d\u00e9fenseur d\u2019Al-Duhail, Mehdi Benatia, a \u00e9voqu\u00e9 la r\u00e9cente participation du Maroc \u00e0 la Coupe d\u2019Afrique des Nations (CAF) en \u00c9gypte, soulignant que l\u2019\u00e9quipe nationale n\u2019as pas l\u2019effectif pour gagner cette coupe.<\/strong><\/p>\n<div class=\"c10\"\/>\n<p>Cette d\u00e9claration vient deux semaines seulement apr\u00e8s l\u2019annonce de sa retraite. Benatia apprend aupr\u00e8s de BeIn Sport qu\u2019il n\u2019\u00e9tait pas content du rendement des Lions de l\u2019Atlas et qu\u2019il a mal dig\u00e9r\u00e9 la d\u00e9faite contre le B\u00e9nin.<\/p>\n<p>\u00ab\u00a0Avons-nous des joueurs capables de gagner la Coupe d\u2019Afrique\u00a0? Je ne le pense pas. Mais est-ce qu\u2019on avait l\u2019effectif pour battre le B\u00e9nin\u00a0? Evidemment\u00a0! Ce qui est frustrant, c\u2019est de sortir face \u00e0 une \u00e9quipe qui n\u2019\u00e9tait pas plus forte que nous\u00a0\u00bb, a d\u00e9clar\u00e9 Benatia dans une interview avec BeIn Sport.<\/p>\n<p>Le d\u00e9fenseur \u00e2g\u00e9 de 32 ans estime que le Maroc manque de grands joueurs et notamment de buteurs \u00ab\u00a0Tu ne gagnes pas une comp\u00e9tition avec de bons joueurs, mais plut\u00f4t avec de grands joueurs. On me parle de l\u2019Alg\u00e9rie. Ils n\u2019ont peut-\u00eatre pas fait une super coupe d\u2019Afrique dans le jeu mais ils ont \u00e9t\u00e9 vaillants. Mahrez, par exemple, \u00e9tait l\u00e0 quand on avait besoin de lui car c\u2019est un grand joueur. Je pense que c\u2019est ce qui manque au Maroc. Un avant-centre qui marque 35 buts par saison dans un grand club en Europe qui vient et qui d\u00e9bloque les matchs. \u00c7a nous a manqu\u00e9 durant tout mon parcours en s\u00e9lection\u00a0\u00bb, a-t-il soulign\u00e9.<\/p>\n<div class=\"wp-block-embed__wrapper\"><iframe loading=\"lazy\" title=\"\u0645\u0647\u062f\u064a \u0628\u0646\u0639\u0637\u064a\u0629 \u0645\u0646\u062a\u062e\u0628 \u0627\u0644\u0645\u063a\u0631\u0628 \u0644\u0627 \u064a\u0645\u0644\u0643 \u0627\u0644\u0644\u0627\u0639\u0628\u064a\u0646 \u0627\u0644\u0642\u0627\u062f\u0631\u064a\u0646 \u0639\u0644\u0649 \u0627\u0644\u0641\u0648\u0632 \u0628\u0643\u0623\u0633 \u0627\u0644\u0623\u0645\u0645 \u0627\u0644\u0625\u0641\u0631\u064a\u0642\u064a\u0629\" width=\"1140\" height=\"641\" src=\"https:\/\/www.youtube.com\/embed\/4FahjbaLDTk?feature=oembed\" frameborder=\"0\" allow=\"accelerometer; autoplay; encrypted-media; gyroscope; picture-in-picture\" allowfullscreen=\"\">[embedded content]<\/iframe><\/div>\n<div class=\"c17\">\n<fieldset class=\"c16\">\n<legend><strong><span class=\"c11\">Challenge<\/span><span class=\"c12\">news<\/span><\/strong><\/legend>\n<div class=\"c15\">Le meilleur de la r\u00e9daction s\u00e9lectionn\u00e9 par Challenge :<\/p>\n<\/div>\n<\/fieldset>\n<\/div>\n<p>Auteur: Hajar DARI<br \/>\n<a href=\"https:\/\/www.challenge.ma\/mehdi-benatia-tire-a-boulets-rouges-sur-les-lions-de-latlas-120058\/\">Cliquez ici pour lire l&rsquo;article depuis sa source.<\/a><\/p>\n","protected":false},"excerpt":{"rendered":"<p>Le d\u00e9fenseur d\u2019Al-Duhail, Mehdi Benatia, a \u00e9voqu\u00e9 la r\u00e9cente participation du Maroc \u00e0 la Coupe d\u2019Afrique des Nations (CAF) en \u00c9gypte, soulignant que l\u2019\u00e9quipe nationale n\u2019as pas l\u2019effectif pour gagner cette coupe. Cette d\u00e9claration vient deux semaines seulement apr\u00e8s l\u2019annonce de sa retraite. Benatia apprend aupr\u00e8s de BeIn Sport qu\u2019il n\u2019\u00e9tait pas content du rendement [&hellip;]<\/p>\n","protected":false},"author":1787,"featured_media":0,"comment_status":"closed","ping_status":"closed","sticky":false,"template":"","format":"standard","meta":{"fifu_image_url":"","fifu_image_alt":"","footnotes":""},"categories":[78,54],"tags":[],"class_list":["post-64368","post","type-post","status-publish","format-standard","hentry","category-economie","category-maroc"],"_links":{"self":[{"href":"https:\/\/linitiative.ca\/International\/wp-json\/wp\/v2\/posts\/64368","targetHints":{"allow":["GET"]}}],"collection":[{"href":"https:\/\/linitiative.ca\/International\/wp-json\/wp\/v2\/posts"}],"about":[{"href":"https:\/\/linitiative.ca\/International\/wp-json\/wp\/v2\/types\/post"}],"author":[{"embeddable":true,"href":"https:\/\/linitiative.ca\/International\/wp-json\/wp\/v2\/users\/1787"}],"replies":[{"embeddable":true,"href":"https:\/\/linitiative.ca\/International\/wp-json\/wp\/v2\/comments?post=64368"}],"version-history":[{"count":0,"href":"https:\/\/linitiative.ca\/International\/wp-json\/wp\/v2\/posts\/64368\/revisions"}],"wp:attachment":[{"href":"https:\/\/linitiative.ca\/International\/wp-json\/wp\/v2\/media?parent=64368"}],"wp:term":[{"taxonomy":"category","embeddable":true,"href":"https:\/\/linitiative.ca\/International\/wp-json\/wp\/v2\/categories?post=64368"},{"taxonomy":"post_tag","embeddable":true,"href":"https:\/\/linitiative.ca\/International\/wp-json\/wp\/v2\/tags?post=64368"}],"curies":[{"name":"wp","href":"https:\/\/api.w.org\/{rel}","templated":true}]}}