{"id":64391,"date":"2019-10-14T05:35:09","date_gmt":"2019-10-14T09:35:09","guid":{"rendered":"https:\/\/linitiative.ca\/International\/2e-compact-du-mcc-des-opportunites-daffaires-offertes-aux-entreprises\/"},"modified":"2019-10-14T05:35:09","modified_gmt":"2019-10-14T09:35:09","slug":"2e-compact-du-mcc-des-opportunites-daffaires-offertes-aux-entreprises","status":"publish","type":"post","link":"https:\/\/linitiative.ca\/International\/2e-compact-du-mcc-des-opportunites-daffaires-offertes-aux-entreprises\/","title":{"rendered":"2e compact du MCC : des opportunit\u00e9s d\u2019affaires offertes  aux entreprises"},"content":{"rendered":"<div>\n<p><strong>L\u2019Unit\u00e9 de coordination de la formulation du deuxi\u00e8me compact du Burkina (UCF-Burkina) a organis\u00e9, le vendredi 11 octobre 2019 \u00e0 Ouagadougou, un atelier de sensibilisation et de r\u00e9seautage des parties prenantes sur les opportunit\u00e9s du second compact.<\/strong><\/p>\n<p>La formulation du second compact accord\u00e9 par le Mill\u00e9nium challenge corporation (MCC) au Burkina Faso \u00ab touche \u00e0 sa fin \u00bb et des march\u00e9s s\u2019offriront bient\u00f4t aux entreprises. Pour permettre \u00e0 celles burkinab\u00e8 de saisir ces opportunit\u00e9s d\u2019affaires, l\u2019Unit\u00e9 de coordination de la formulation du deuxi\u00e8me compact (UCF-Burkina) a organis\u00e9, le vendredi 11 octobre 2019 \u00e0 Ouagadougou, un atelier de sensibilisation et de r\u00e9seautage des parties prenantes sur les opportunit\u00e9s du second compact centr\u00e9 sur l\u2019\u00e9lectricit\u00e9. Il s\u2019est agi de pr\u00e9senter aux repr\u00e9sentants des institutions publiques, du secteur priv\u00e9 et aux partenaires techniques et financiers les opportunit\u00e9s de march\u00e9s existant dans le Compact 2 et les directives du MCC en mati\u00e8re de passation de march\u00e9. A ce propos, le consultant du MCC, Victor Voicu, a dans sa communication, r\u00e9v\u00e9l\u00e9 que ce sont des proc\u00e9dures ouvertes, \u00e9quitables et concurrentielles qui sont utilis\u00e9es de mani\u00e8re transparente pour faire des appels d\u2019offres, attribuer et administrer des march\u00e9s pour l\u2019acquisition de biens, travaux et services. En outre, il a inform\u00e9 que les march\u00e9s doivent \u00eatre attribu\u00e9s uniquement aux entrepreneurs, fournisseurs et consultants qualifi\u00e9s et comp\u00e9tents qui ont la capacit\u00e9 et la volont\u00e9 d\u2019ex\u00e9cuter les contrats conform\u00e9ment aux termes et conditions des contrats en vigueur dans les d\u00e9lais et \u00e0 un co\u00fbt rentable. \u00abSeulement un prix commercialement raisonnable d\u00e9termin\u00e9 par exemple en comparaison des offres de prix et des prix sur le march\u00e9 sera pay\u00e9 pour l\u2019acquisition de biens, travaux et services \u00bb, a-t-il d\u00e9taill\u00e9. Contrairement aux programmes d\u2019autres bailleurs, il a indiqu\u00e9 que tous les fonds sont non li\u00e9s. Aussi, aucune pr\u00e9f\u00e9rence nationale n\u2019est faite et les entreprises publiques ne peuvent soumettre d\u2019offres sur les march\u00e9s de biens et travaux.<\/p>\n<p><strong>Analyser le march\u00e9<\/strong><\/p>\n<p>Au regard des informations re\u00e7ues, le coordonnateur de l\u2019UCF-Burkina, Samuel Tambi Kabor\u00e9, a invit\u00e9 les entreprises \u00e0 formuler des suggestions pour leur meilleur positionnement et \u00e0 se pr\u00e9parer pour participer avec succ\u00e8s, aux march\u00e9s qui seront lanc\u00e9s. \u00ab Il est souvent reproch\u00e9 au milieu des affaires du Burkina d\u2019aller en rangs dispers\u00e9s et de perdre des march\u00e9s par d\u00e9faut de capacit\u00e9 individuelle. C\u2019est un d\u00e9fi de pr\u00e9paration que ceux qui sont int\u00e9ress\u00e9s doivent relever en se fondant sur les proc\u00e9dures du MCC \u00bb, a-t-il ajout\u00e9. Pour sa part, le directeur g\u00e9n\u00e9ral de la Chambre de commerce et d\u2019industrie du Burkina Faso (CCI-BF), Issaka Kargougou a salu\u00e9 la tenue de la rencontre. Ce d\u2019autant plus qu\u2019il a rappel\u00e9 que lors de la mise en \u0153uvre du premier compact, les entreprises nationales n\u2019ont pas \u00e9t\u00e9 au rendez-vous des march\u00e9s pour des raisons financi\u00e8res, mat\u00e9rielles, la m\u00e9connaissance des proc\u00e9dures et les exigences du MCC, le manque d\u2019exp\u00e9rience, l\u2019approche solitaire\u2026<\/p>\n<p>\u00ab La CCI-BF compte donc sur le professionnalisme, l\u2019engagement et la responsabilit\u00e9 des chefs d\u2019entreprise pour relever les d\u00e9fis \u00bb, a-t-il soulign\u00e9. Tout en partageant l\u2019espoir du DG de la CCI-BF, le directeur du MCC-BF, Michael Simsik, a soutenu que dans le cadre de la planification de la mise en \u0153uvre du programme, le gouvernement burkinab\u00e8 et son institution ont initi\u00e9 une analyse de march\u00e9. Elle vise, entre autres, \u00e0 fournir une meilleure compr\u00e9hension de l\u2019environnement commercial g\u00e9n\u00e9ral et des composantes structurelles du march\u00e9 de l\u2019\u00e9nergie au pays des Hommes int\u00e8gres, et formuler des recommandations sur les strat\u00e9gies de passation de march\u00e9s afin que les projets puissent \u00eatre mis en \u0153uvre par des entreprises nationales et\/ou internationales performantes.<\/p>\n<p style=\"text-align: right\"><strong>Eliane SOME<\/strong><br \/><strong>elianesome4@gmail.com<\/strong><\/p>\n<p>L\u2019article <a rel=\"nofollow\" href=\"https:\/\/www.sidwaya.info\/blog\/2019\/10\/14\/2e-compact-du-millenium-challenge-corporation-des-opportunites-daffaires-offertes-aux-entreprises\/\">2e compact du MCC : des opportunit\u00e9s d\u2019affaires offertes  aux entreprises<\/a> est apparu en premier sur <a rel=\"nofollow\" href=\"https:\/\/www.sidwaya.info\/\">Quotidien Sidwaya<\/a>.<\/p>\n<\/div>\n<p>Auteur: DD. Sidwaya<br \/>\n<a href=\"https:\/\/www.sidwaya.info\/blog\/2019\/10\/14\/2e-compact-du-millenium-challenge-corporation-des-opportunites-daffaires-offertes-aux-entreprises\/\">Cliquez ici pour lire l&rsquo;article depuis sa source.<\/a><\/p>\n","protected":false},"excerpt":{"rendered":"<p>L\u2019Unit\u00e9 de coordination de la formulation du deuxi\u00e8me compact du Burkina (UCF-Burkina) a organis\u00e9, le vendredi 11 octobre 2019 \u00e0 Ouagadougou, un atelier de sensibilisation et de r\u00e9seautage des parties prenantes sur les opportunit\u00e9s du second compact. La formulation du second compact accord\u00e9 par le Mill\u00e9nium challenge corporation (MCC) au Burkina Faso \u00ab touche \u00e0 [&hellip;]<\/p>\n","protected":false},"author":1816,"featured_media":0,"comment_status":"closed","ping_status":"closed","sticky":false,"template":"","format":"standard","meta":{"fifu_image_url":"","fifu_image_alt":"","footnotes":""},"categories":[73,81],"tags":[],"class_list":["post-64391","post","type-post","status-publish","format-standard","hentry","category-actualite","category-burkina-faso"],"_links":{"self":[{"href":"https:\/\/linitiative.ca\/International\/wp-json\/wp\/v2\/posts\/64391","targetHints":{"allow":["GET"]}}],"collection":[{"href":"https:\/\/linitiative.ca\/International\/wp-json\/wp\/v2\/posts"}],"about":[{"href":"https:\/\/linitiative.ca\/International\/wp-json\/wp\/v2\/types\/post"}],"author":[{"embeddable":true,"href":"https:\/\/linitiative.ca\/International\/wp-json\/wp\/v2\/users\/1816"}],"replies":[{"embeddable":true,"href":"https:\/\/linitiative.ca\/International\/wp-json\/wp\/v2\/comments?post=64391"}],"version-history":[{"count":0,"href":"https:\/\/linitiative.ca\/International\/wp-json\/wp\/v2\/posts\/64391\/revisions"}],"wp:attachment":[{"href":"https:\/\/linitiative.ca\/International\/wp-json\/wp\/v2\/media?parent=64391"}],"wp:term":[{"taxonomy":"category","embeddable":true,"href":"https:\/\/linitiative.ca\/International\/wp-json\/wp\/v2\/categories?post=64391"},{"taxonomy":"post_tag","embeddable":true,"href":"https:\/\/linitiative.ca\/International\/wp-json\/wp\/v2\/tags?post=64391"}],"curies":[{"name":"wp","href":"https:\/\/api.w.org\/{rel}","templated":true}]}}