{"id":64392,"date":"2019-10-14T09:59:18","date_gmt":"2019-10-14T13:59:18","guid":{"rendered":"https:\/\/linitiative.ca\/International\/attaques-terroristes-contre-des-communautes-religieuses-message-du-president-du-faso\/"},"modified":"2019-10-14T09:59:18","modified_gmt":"2019-10-14T13:59:18","slug":"attaques-terroristes-contre-des-communautes-religieuses-message-du-president-du-faso","status":"publish","type":"post","link":"https:\/\/linitiative.ca\/International\/attaques-terroristes-contre-des-communautes-religieuses-message-du-president-du-faso\/","title":{"rendered":"Attaques terroristes contre des communaut\u00e9s religieuses : message du pr\u00e9sident du Faso."},"content":{"rendered":"<div class=\"td-post-featured-image\"><a href=\"https:\/\/i0.wp.com\/www.sidwaya.info\/wp-content\/uploads\/2019\/10\/roch.jpg?fit=704%2C549&#038;ssl=1\" data-caption=\"\"><img loading=\"lazy\" decoding=\"async\" width=\"696\" height=\"543\" class=\"entry-thumb td-modal-image\" src=\"https:\/\/i0.wp.com\/www.sidwaya.info\/wp-content\/uploads\/2019\/10\/roch.jpg?resize=696%2C543&#038;ssl=1\" srcset=\"https:\/\/i0.wp.com\/www.sidwaya.info\/wp-content\/uploads\/2019\/10\/roch.jpg?w=704&#038;ssl=1 704w, https:\/\/i0.wp.com\/www.sidwaya.info\/wp-content\/uploads\/2019\/10\/roch.jpg?resize=300%2C234&#038;ssl=1 300w, https:\/\/i0.wp.com\/www.sidwaya.info\/wp-content\/uploads\/2019\/10\/roch.jpg?resize=696%2C543&#038;ssl=1 696w, https:\/\/i0.wp.com\/www.sidwaya.info\/wp-content\/uploads\/2019\/10\/roch.jpg?resize=539%2C420&#038;ssl=1 539w\" sizes=\"auto, (max-width: 696px) 100vw, 696px\" alt=\"\" title=\"roch\"\/><\/a><\/div>\n<div class=\"td-a-rec td-a-rec-id-content_top td_uid_30_5da4eb34d95a2_rand td_block_template_1\"><img loading=\"lazy\" decoding=\"async\" class=\"aligncenter size-full wp-image-15084\" src=\"https:\/\/www.sidwaya.info\/wp-content\/uploads\/2019\/10\/Bannie%CC%80re.png\" alt=\"\" width=\"720\" height=\"90\"\/><\/div>\n<p>Des confessions religieuses font de plus en plus l\u2019objet d\u2019attaques terroristes ces derniers temps dans notre pays. Des fid\u00e8les sont assassin\u00e9s en plein exercice de leur foi.<\/p>\n<p>Vendredi dernier, \u00e0 Salmossi dans la commune de Markoye, une mosqu\u00e9e a \u00e9t\u00e9 la cible d\u2019une attaque qui a caus\u00e9 la mort de 15 personnes.<\/p>\n<p>Plus t\u00f4t cette ann\u00e9e, le 29 avril, un pasteur et cinq fid\u00e8les sont tu\u00e9s dans une \u00e9glise protestante \u00e0 Silgadji, et le 12 mai, un pr\u00eatre du dioc\u00e8se de Kaya et cinq fid\u00e8les sont tu\u00e9s dans une \u00e9glise catholique \u00e0 Dablo.<\/p>\n<p>Ces attaques visent \u00e0 fragiliser notre vivre-ensemble et la coh\u00e9sion sociale, que nous ont l\u00e9gu\u00e9s nos anc\u00eatres, et que nous devons pr\u00e9server \u00e0 tout prix. C\u2019est l\u2019occasion pour moi d\u2019exhorter les Burkinab\u00e8, toutes confessions religieuses et toutes origines sociales et communautaires confondues, \u00e0 rester unis et solidaires. Les religions sont des vecteurs de tol\u00e9rance, et ces attaques barbares et crapuleuses renseignent sur la nature de l\u2019ennemi, que nous devons combattre, dans un engagement individuel et collectif de tous les instants.<\/p>\n<p>Dieu b\u00e9nisse le Burkina Faso!<\/p>\n<p>Roch Marc Christian Kabor\u00e9, pr\u00e9sident du Faso.<\/p>\n<div class=\"td-a-rec td-a-rec-id-content_bottom td_uid_31_5da4eb34d9790_rand td_block_template_1\"><img loading=\"lazy\" decoding=\"async\" class=\"aligncenter size-full wp-image-9623\" src=\"https:\/\/www.sidwaya.info\/wp-content\/uploads\/2019\/06\/Projet-bannie%CC%80re-Orange-mobile.jpg\" alt=\"\" width=\"728\" height=\"81\"\/><\/div>\n<p>Auteur: BS. Sidwaya<br \/>\n<a href=\"https:\/\/www.sidwaya.info\/blog\/2019\/10\/14\/attaques-terroristes-contre-des-communautes-religieuses-message-du-president-du-faso\/\">Cliquez ici pour lire l&rsquo;article depuis sa source.<\/a><\/p>\n","protected":false},"excerpt":{"rendered":"<p>Des confessions religieuses font de plus en plus l\u2019objet d\u2019attaques terroristes ces derniers temps dans notre pays. Des fid\u00e8les sont assassin\u00e9s en plein exercice de leur foi. Vendredi dernier, \u00e0 Salmossi dans la commune de Markoye, une mosqu\u00e9e a \u00e9t\u00e9 la cible d\u2019une attaque qui a caus\u00e9 la mort de 15 personnes. Plus t\u00f4t cette [&hellip;]<\/p>\n","protected":false},"author":1816,"featured_media":0,"comment_status":"closed","ping_status":"closed","sticky":false,"template":"","format":"standard","meta":{"fifu_image_url":"","fifu_image_alt":"","footnotes":""},"categories":[73,81],"tags":[],"class_list":["post-64392","post","type-post","status-publish","format-standard","hentry","category-actualite","category-burkina-faso"],"_links":{"self":[{"href":"https:\/\/linitiative.ca\/International\/wp-json\/wp\/v2\/posts\/64392","targetHints":{"allow":["GET"]}}],"collection":[{"href":"https:\/\/linitiative.ca\/International\/wp-json\/wp\/v2\/posts"}],"about":[{"href":"https:\/\/linitiative.ca\/International\/wp-json\/wp\/v2\/types\/post"}],"author":[{"embeddable":true,"href":"https:\/\/linitiative.ca\/International\/wp-json\/wp\/v2\/users\/1816"}],"replies":[{"embeddable":true,"href":"https:\/\/linitiative.ca\/International\/wp-json\/wp\/v2\/comments?post=64392"}],"version-history":[{"count":0,"href":"https:\/\/linitiative.ca\/International\/wp-json\/wp\/v2\/posts\/64392\/revisions"}],"wp:attachment":[{"href":"https:\/\/linitiative.ca\/International\/wp-json\/wp\/v2\/media?parent=64392"}],"wp:term":[{"taxonomy":"category","embeddable":true,"href":"https:\/\/linitiative.ca\/International\/wp-json\/wp\/v2\/categories?post=64392"},{"taxonomy":"post_tag","embeddable":true,"href":"https:\/\/linitiative.ca\/International\/wp-json\/wp\/v2\/tags?post=64392"}],"curies":[{"name":"wp","href":"https:\/\/api.w.org\/{rel}","templated":true}]}}