{"id":64395,"date":"2019-10-14T16:18:03","date_gmt":"2019-10-14T20:18:03","guid":{"rendered":"https:\/\/linitiative.ca\/International\/retrouvailles-wade-macky-sall-vers-un-chamboulement-de-la-scene-politique\/"},"modified":"2019-10-14T16:18:03","modified_gmt":"2019-10-14T20:18:03","slug":"retrouvailles-wade-macky-sall-vers-un-chamboulement-de-la-scene-politique","status":"publish","type":"post","link":"https:\/\/linitiative.ca\/International\/retrouvailles-wade-macky-sall-vers-un-chamboulement-de-la-scene-politique\/","title":{"rendered":"Retrouvailles Wade-Macky Sall: vers un chamboulement de la sc\u00e8ne politique ?"},"content":{"rendered":"<p>Apr\u00e8s plus de sept ans de brouille, l\u2019ancien pr\u00e9sident s\u00e9n\u00e9galais Abdoulaye Wade (2000-2012) a \u00e9t\u00e9 re\u00e7u en audience samedi dernier par son successeur Macky Sall au palais de la R\u00e9publique.Les deux hommes ont discut\u00e9 \u00e0 huis clos pendant plus de trois heures. Ces retrouvailles scell\u00e9es sous l\u2019\u00e9gide du Khalife g\u00e9n\u00e9ral de la puissante confr\u00e9rie musulmane des Mourides, pourrait provoquer une nouvelle reconfiguration du jeu politique incarn\u00e9, outre le chef de l\u2019\u00e9tat actuel, par Idrissa Seck, Ousmane Sonko ou Khalifa Sall, les principaux opposants.<\/p>\n<p>\u00ab Le grand perdant \u00bb de cette \u00ab r\u00e9conciliation \u00bb entre les deux pr\u00e9sidents \u00ab risque d\u2019\u00eatre Ousmane Sonko \u00bb, 45 ans, benjamin de la derni\u00e8re pr\u00e9sidentielle de f\u00e9vrier 2019 \u00e0 laquelle il est arriv\u00e9 troisi\u00e8me avec plus de 15%, analyse le professeur Moussa Diaw, ancien chef du d\u00e9partement de Sciences politiques de l\u2019Universit\u00e9 Gaston-Berger de Saint-Louis (nord).<\/p>\n<p>Ce sc\u00e9nario politique semblait pourtant peu \u00e9vident. \u00a0Il y a quelques mois lorsque, le 9 f\u00e9vrier dernier, en pleine campagne pr\u00e9sidentielle, Sonko, la figure montante de la politique s\u00e9n\u00e9galaise, \u00e9tait parti r\u00e9pondre \u00e0 l\u2019invitation de l\u2019ancien pr\u00e9sident.<\/p>\n<p>Abdoulaye Wade, 93 ans, qui alors multipliait les r\u00e9ceptions dans son h\u00f4tel quelques jours apr\u00e8s son retour au pays.<\/p>\n<p>Si le jeune leader politique esp\u00e9rait le soutien de celui qu\u2019il prenait pour \u00ab exemple \u00bb dans l\u2019espoir de remporter la pr\u00e9sidentielle de f\u00e9vrier dernier, l\u2019ancien pr\u00e9sident entendait, lui, \u00ab emp\u00eacher la tenue de l\u2019\u00e9lection \u00bb, appelant m\u00eame ses militants \u00e0 \u00ab br\u00fbler \u00bb leurs cartes d\u2019\u00e9lecteur.<\/p>\n<p>Cette rencontre entre ces deux g\u00e9n\u00e9rations de politiques avait fait r\u00e9agir de nombreux observateurs, estimant qu\u2019un appel \u00e0 voter de Wade serait fatal \u00e0 Macky Sall dans son objectif de deuxi\u00e8me mandat.<\/p>\n<p>Vu comme \u00ab l\u2019arbitre \u00bb de ce moment d\u00e9cisif, son parti, le Parti D\u00e9mocratique S\u00e9n\u00e9galais (PDS), dont le candidat \u00e9tait \u00e9cart\u00e9 par la justice, est devenu la principale formation de l\u2019opposition apr\u00e8s son fort score acquis aux l\u00e9gislatives de 2017 derri\u00e8re la vaste coalition pr\u00e9sidentielle.<\/p>\n<p>Le parti de Wade \u00e9tait naturellement courtis\u00e9 sans pour autant c\u00e9der aux avances de Sonko ni \u00e0 celles des autres candidats.<\/p>\n<p>En d\u00e9pit de toutes ces man\u0153uvres, le pr\u00e9sident sortant Macky Sall a \u00e9t\u00e9 r\u00e9\u00e9lu pour un second mandat de 5 ans, avec plus de 58 pourcent des voix.<\/p>\n<p>Si Seck, arriv\u00e9 deuxi\u00e8me avec +20% des voix lors de la pr\u00e9sidentielle de 2019 est presque \u00ab muet \u00bb, le jeune Sonko, lui, affiche une position de moins en moins sereine.<\/p>\n<p>Il multiplie en effet les sorties, redoutant surtout une attaque judiciaire depuis que la commission d\u2019enqu\u00eate parlementaire l\u2019a \u00e9pingl\u00e9 dans son rapport sur \u00ab l\u2019affaire des 94 milliards \u00bb qu\u2019il avait lui-m\u00eame soulev\u00e9e contre l\u2019ancien directeur g\u00e9n\u00e9ral des Domaines, Mamour Diallo.<\/p>\n<p>Quant aux \u00ab retrouvailles \u00bb entre Wade et Sall, le jeune leader opposant affirme dans un post sur sa page Facebook en ignorer \u00ab les tenants et aboutissants \u00bb et appelle ses partisans tr\u00e8s actifs sur les r\u00e9seaux sociaux, \u00ab \u00e0 s\u2019abstenir de toutes conjectures, commentaires ou jugements \u00bb.<\/p>\n<p>Selon Moussa Diaw, ce \u00ab rapprochement \u00bb entre Wade et son successeur, qui risque d\u2019ailleurs de sonner une \u00ab recomposition de la famille lib\u00e9rale \u00bb ; celle dont sont issus historiquement les deux hommes, pourrait aussi contribuer \u00e0 pacifier le climat entre le pouvoir et l\u2019opposition.<\/p>\n<p>Dans ce sens, le camp de l\u2019ancien pr\u00e9sident Wade attend surtout des concessions de la part du pouvoir sur deux dossiers majeurs. Le premier est celui de Khalifa Sall, ancien maire de Dakar, condamn\u00e9 par la justice, notamment, \u00e0 5 ans de prison pour \u00ab faux et usage de faux \u00ab et \u00ab escroquerie portant sur les deniers publics \u00bb.<\/p>\n<p>Graci\u00e9 par d\u00e9cret pr\u00e9sidentiel dimanche 29 septembre, l\u2019ancien maire de Dakar a retrouv\u00e9 la libert\u00e9.<\/p>\n<p>\u00a0Le second est celui de Karim Wade. Fils et ancien proche collaborateur d\u2019Abdoulaye Wade, a \u00e9t\u00e9 condamn\u00e9 \u00e0 six ans de prison pour \u00ab enrichissement illicite \u00bb durant la p\u00e9riode o\u00f9 son p\u00e8re \u00e9tait au pouvoir.<\/p>\n<p>Vivant aujourd\u2019hui en exil au Qatar, celui que les S\u00e9n\u00e9galais appellent tout simplement Karim, a \u00e9t\u00e9 lib\u00e9r\u00e9 en 2016 apr\u00e8s 38 mois de prison suite une gr\u00e2ce partielle obtenue \u00e0 la faveur d\u2019interventions de plusieurs personnalit\u00e9s influentes dont l\u2019Emir du Qatar.<\/p>\n<p>Karim Wade qui nourrirait l\u2019ambition de briguer le fauteuil du chef de l\u2019\u00c9tat en a jusqu\u2019ici \u00e9t\u00e9 emp\u00each\u00e9 par plusieurs obstacles juridiques que seule une amnistie totale pourrait \u00e9ventuellement lever.<\/p>\n<p>Selon plusieurs analystes, l\u2019obtention de cette amnistie au profit de Karim Wade serait justement une des principales motivations qui a conduit l\u2019ancien pr\u00e9sident \u00e0 accepter ces \u00ab retrouvailles \u00bb avec son successeur. La suite imm\u00e9diate pourrait en \u00eatre la participation du Pds, au \u00ab dialogue national \u00bb r\u00e9cemment lanc\u00e9 par le pouvoir et que les partisans de Wade avaient jusqu\u2019ici boud\u00e9.<\/p>\n<p>Hier dimanche 13 octobre, lors d\u2019une rencontre avec des membres de sa coalition, le pr\u00e9sident Macky Sall a d\u00e9clar\u00e9 \u00e0 l\u2019encontre d\u2019une \u00ab certaine opposition \u00bb qu\u2019il ne voulait pas \u00ab ces temps-ci (\u2026) \u00eatre agressif \u00bb encore moins \u00ab combatif \u00bb.<\/p>\n<p>Auteur: APA News<br \/>\n<a href=\"https:\/\/www.journalducameroun.com\/retrouvailles-wade-macky-sall-vers-un-chamboulement-de-la-scene-politique\/\">Cliquez ici pour lire l&rsquo;article depuis sa source.<\/a><\/p>\n","protected":false},"excerpt":{"rendered":"<p>Apr\u00e8s plus de sept ans de brouille, l\u2019ancien pr\u00e9sident s\u00e9n\u00e9galais Abdoulaye Wade (2000-2012) a \u00e9t\u00e9 re\u00e7u en audience samedi dernier par son successeur Macky Sall au palais de la R\u00e9publique.Les deux hommes ont discut\u00e9 \u00e0 huis clos pendant plus de trois heures. Ces retrouvailles scell\u00e9es sous l\u2019\u00e9gide du Khalife g\u00e9n\u00e9ral de la puissante confr\u00e9rie musulmane [&hellip;]<\/p>\n","protected":false},"author":1965,"featured_media":0,"comment_status":"closed","ping_status":"closed","sticky":false,"template":"","format":"standard","meta":{"fifu_image_url":"","fifu_image_alt":"","footnotes":""},"categories":[73,82],"tags":[],"class_list":["post-64395","post","type-post","status-publish","format-standard","hentry","category-actualite","category-cameroun"],"_links":{"self":[{"href":"https:\/\/linitiative.ca\/International\/wp-json\/wp\/v2\/posts\/64395","targetHints":{"allow":["GET"]}}],"collection":[{"href":"https:\/\/linitiative.ca\/International\/wp-json\/wp\/v2\/posts"}],"about":[{"href":"https:\/\/linitiative.ca\/International\/wp-json\/wp\/v2\/types\/post"}],"author":[{"embeddable":true,"href":"https:\/\/linitiative.ca\/International\/wp-json\/wp\/v2\/users\/1965"}],"replies":[{"embeddable":true,"href":"https:\/\/linitiative.ca\/International\/wp-json\/wp\/v2\/comments?post=64395"}],"version-history":[{"count":0,"href":"https:\/\/linitiative.ca\/International\/wp-json\/wp\/v2\/posts\/64395\/revisions"}],"wp:attachment":[{"href":"https:\/\/linitiative.ca\/International\/wp-json\/wp\/v2\/media?parent=64395"}],"wp:term":[{"taxonomy":"category","embeddable":true,"href":"https:\/\/linitiative.ca\/International\/wp-json\/wp\/v2\/categories?post=64395"},{"taxonomy":"post_tag","embeddable":true,"href":"https:\/\/linitiative.ca\/International\/wp-json\/wp\/v2\/tags?post=64395"}],"curies":[{"name":"wp","href":"https:\/\/api.w.org\/{rel}","templated":true}]}}