{"id":64400,"date":"2019-10-14T13:50:27","date_gmt":"2019-10-14T17:50:27","guid":{"rendered":"https:\/\/linitiative.ca\/International\/bruno-le-maire-annonce-la-disponibilite-de-la-france-a-revoir-le-statut-du-franc-cfa\/"},"modified":"2019-10-14T13:50:27","modified_gmt":"2019-10-14T17:50:27","slug":"bruno-le-maire-annonce-la-disponibilite-de-la-france-a-revoir-le-statut-du-franc-cfa","status":"publish","type":"post","link":"https:\/\/linitiative.ca\/International\/bruno-le-maire-annonce-la-disponibilite-de-la-france-a-revoir-le-statut-du-franc-cfa\/","title":{"rendered":"Bruno Le Maire annonce la disponibilit\u00e9 de la France \u00e0 revoir le statut du franc CFA"},"content":{"rendered":"<p><em>\u00ab\u2009Nous sommes ouverts, avec le pr\u00e9sident de la R\u00e9publique, \u00e0 une r\u00e9forme ambitieuse de la zone franc\u2009\u00bb<\/em>, affirm\u00e9 <strong>Bruno Le Maire<\/strong>, <strong>ministre fran\u00e7ais des Finances<\/strong>\u00a0 lors d\u2019une conf\u00e9rence de presse, vendredi dernier \u00e0 Paris, au terme d\u2019une r\u00e9union des ministres des Finances et des gouverneurs des pays ayant une utilisation commune du <strong>franc CFA<\/strong> .\u00a0<em>\u00ab\u2009Nous sommes disponibles et nous sommes pr\u00eats\u2009\u00bb,<\/em>\u00a0a-t-il ajout\u00e9. \u00ab<em>\u2009Ensuite, c\u2019est aux \u00c9tats membres de d\u00e9cider ce qu\u2019ils souhaitent. C\u2019est \u00e0 eux et \u00e0 eux seuls\u2009\u00bb,\u00a0<\/em>a pr\u00e9venu le ministre fran\u00e7ais qui a dit entendre\u00a0<em>\u00ab\u2009les attentes des \u00c9tats et des peuples\u2009\u00bb<\/em>\u00a0sur la r\u00e9forme du franc CFA, en vigueur dans 15 pays africains.<\/p>\n<p><strong>La stabilit\u00e9 des taux de change<\/strong><\/p>\n<p>Il a toutefois \u00e9num\u00e9r\u00e9 les m\u00e9rites de cette devise, alors que les pays d\u2019Afrique de l\u2019Ouest ont l\u2019intention de se doter d\u2019une monnaie d\u00e8s l\u2019ann\u00e9e prochaine.\u00a0<em>\u00ab\u2009La zone franc est un espace de stabilit\u00e9 et de prosp\u00e9rit\u00e9<\/em>\u2009\u00bb, a assur\u00e9 Bruno Le Maire.\u00a0<em>\u00ab\u2009Elle permet \u00e0 tous les \u00c9tats membres de travailler ensemble, d\u2019\u00eatre solidaires, de faire converger davantage les \u00e9conomies\u2009\u00bb,<\/em>\u00a0a-t-il d\u00e9clar\u00e9.\u00a0<em>\u00ab\u2009\u00catre ensemble, \u00e7a prot\u00e8ge\u2009! C\u2019est vrai pour les \u00c9tats de la zone franc et c\u2019est vrai pour les \u00c9tats de la zone euro\u2009\u00bb,<\/em>\u00a0a-t-il soulign\u00e9. Il a aussi qualifi\u00e9 d\u2019acquis \u2009fondamental\u2009 la stabilit\u00e9 des taux de change pour la zone franc\u00a0<em>\u00ab\u2009\u00e0 un moment o\u00f9 l\u2019on voit resurgir le risque d\u2019une guerre des monnaies et des changes\u2009\u00bb<\/em>, rappelant aussi qu\u2019il n\u2019y avait pas d\u2019inflation dans les pays membres.<\/p>\n<p><strong>Adoption \u00e0 l\u2019horizon 2020 d\u2019une monnaie unique<\/strong><\/p>\n<p>D\u00e9but juillet, le pr\u00e9sident\u00a0<strong>Emmanuel Macron<\/strong>\u00a0avait assur\u00e9 que le sujet d\u00e9licat de l\u2019avenir du\u00a0<strong>franc CFA<\/strong>\u00a0pouvait \u00eatre discut\u00e9 \u00ab\u2009<em>de mani\u00e8re apais\u00e9e<\/em>\u2009\u00bb et \u00ab\u2009<em>sans tabou<\/em>\u2009\u00bb. Les quinze membres de la <strong>Communaut\u00e9 \u00e9conomique des \u00c9tats d\u2019Afrique de l\u2019Ouest<\/strong> (<strong>C\u00e9d\u00e9ao<\/strong>) dont le Ghana se sont mis d\u2019accord fin juin pour l\u2019adoption \u00e0 l\u2019horizon 2020 d\u2019une monnaie unique d\u00e9nomm\u00e9e<strong>\u00a0Eco<\/strong>\u00a0qui sonnerait le glas du FCFA dans cette r\u00e9gion. Toutefois, si la France semble d\u2019accord pour une r\u00e9forme audacieuse du syst\u00e8me, du c\u00f4t\u00e9 africain, les participants ont surtout\u00a0<em>\u00ab r\u00e9it\u00e9r\u00e9 leur volont\u00e9 de continuer \u00e0 faire de la Zone franc un espace de coordination active des politiques publiques, en lien avec les principaux bailleurs et institutions \u00bb.<\/em><\/p>\n<div class=\"about-author about-author-box container-wrapper\">\n<div class=\"author-avatar\">\n<p><img decoding=\"async\" src=\"http:\/\/\" alt=\"\"\/><\/p>\n<\/div>\n<p><h4>La R\u00e9daction EcoMatin<\/h4>\n<\/p>\n<\/div>\n<div class=\"awac-wrapper awac widget blog_subscription-2\">\n<h4 class=\"widget-title\">Abonnez-vous \u00e0 notre lettre d&rsquo;information<\/h4>\n<\/div>\n<p>Auteur: EcoMatin<br \/>\n<a href=\"https:\/\/ecomatin.net\/bruno-le-maire-annonce-la-disponibilite-de-la-france-a-revoir-le-statut-du-franc-cfa\/\">Cliquez ici pour lire l&rsquo;article depuis sa source.<\/a><\/p>\n","protected":false},"excerpt":{"rendered":"<p>\u00ab\u2009Nous sommes ouverts, avec le pr\u00e9sident de la R\u00e9publique, \u00e0 une r\u00e9forme ambitieuse de la zone franc\u2009\u00bb, affirm\u00e9 Bruno Le Maire, ministre fran\u00e7ais des Finances\u00a0 lors d\u2019une conf\u00e9rence de presse, vendredi dernier \u00e0 Paris, au terme d\u2019une r\u00e9union des ministres des Finances et des gouverneurs des pays ayant une utilisation commune du franc CFA .\u00a0\u00ab\u2009Nous [&hellip;]<\/p>\n","protected":false},"author":1969,"featured_media":0,"comment_status":"closed","ping_status":"closed","sticky":false,"template":"","format":"standard","meta":{"fifu_image_url":"","fifu_image_alt":"","footnotes":""},"categories":[82,78],"tags":[],"class_list":["post-64400","post","type-post","status-publish","format-standard","hentry","category-cameroun","category-economie"],"_links":{"self":[{"href":"https:\/\/linitiative.ca\/International\/wp-json\/wp\/v2\/posts\/64400","targetHints":{"allow":["GET"]}}],"collection":[{"href":"https:\/\/linitiative.ca\/International\/wp-json\/wp\/v2\/posts"}],"about":[{"href":"https:\/\/linitiative.ca\/International\/wp-json\/wp\/v2\/types\/post"}],"author":[{"embeddable":true,"href":"https:\/\/linitiative.ca\/International\/wp-json\/wp\/v2\/users\/1969"}],"replies":[{"embeddable":true,"href":"https:\/\/linitiative.ca\/International\/wp-json\/wp\/v2\/comments?post=64400"}],"version-history":[{"count":0,"href":"https:\/\/linitiative.ca\/International\/wp-json\/wp\/v2\/posts\/64400\/revisions"}],"wp:attachment":[{"href":"https:\/\/linitiative.ca\/International\/wp-json\/wp\/v2\/media?parent=64400"}],"wp:term":[{"taxonomy":"category","embeddable":true,"href":"https:\/\/linitiative.ca\/International\/wp-json\/wp\/v2\/categories?post=64400"},{"taxonomy":"post_tag","embeddable":true,"href":"https:\/\/linitiative.ca\/International\/wp-json\/wp\/v2\/tags?post=64400"}],"curies":[{"name":"wp","href":"https:\/\/api.w.org\/{rel}","templated":true}]}}