{"id":64402,"date":"2019-10-14T14:21:38","date_gmt":"2019-10-14T18:21:38","guid":{"rendered":"https:\/\/linitiative.ca\/International\/pnud-et-ministere-du-commerce-lancent-une-etude-pour-mieux-approvisionner-les-marches-de-lextreme-nord\/"},"modified":"2019-10-14T14:21:38","modified_gmt":"2019-10-14T18:21:38","slug":"pnud-et-ministere-du-commerce-lancent-une-etude-pour-mieux-approvisionner-les-marches-de-lextreme-nord","status":"publish","type":"post","link":"https:\/\/linitiative.ca\/International\/pnud-et-ministere-du-commerce-lancent-une-etude-pour-mieux-approvisionner-les-marches-de-lextreme-nord\/","title":{"rendered":"PNUD et minist\u00e8re du Commerce lancent une \u00e9tude pour mieux approvisionner les march\u00e9s de l\u2019Extr\u00eame-nord"},"content":{"rendered":"<div class=\"featured-area featured-area-inner\"><img loading=\"lazy\" decoding=\"async\" width=\"780\" height=\"405\" src=\"https:\/\/i2.wp.com\/ecomatin.net\/wp-content\/uploads\/2019\/10\/ecomatin.net-pnud-et-ministere-du-commerce-lancent-une-etude-pour-mieux-approvisionner-les-marches-de-lextreme-nord-marche-cameroun.jpg?resize=780%2C405&#038;ssl=1&#038;is-pending-load=1\" class=\"attachment-jannah-image-post size-jannah-image-post wp-post-image jetpack-lazy-image\" alt=\"\" data-attachment-id=\"12840\" data-permalink=\"https:\/\/ecomatin.net\/pnud-et-ministere-du-commerce-lancent-une-etude-pour-mieux-approvisionner-les-marches-de-lextreme-nord\/marche-cameroun\/\" data-orig-file=\"https:\/\/i2.wp.com\/ecomatin.net\/wp-content\/uploads\/2019\/10\/ecomatin.net-pnud-et-ministere-du-commerce-lancent-une-etude-pour-mieux-approvisionner-les-marches-de-lextreme-nord-marche-cameroun.jpg?fit=1280%2C680&#038;ssl=1\" data-orig-size=\"1280,680\" data-comments-opened=\"0\" data-image-meta=\"{\"aperture\":\"0\",\"credit\":\"\",\"camera\":\"\",\"caption\":\"\",\"created_timestamp\":\"0\",\"copyright\":\"\",\"focal_length\":\"0\",\"iso\":\"0\",\"shutter_speed\":\"0\",\"title\":\"\",\"orientation\":\"0\"}\" data-image-title=\"March\u00e9 cameroun\" data-image-description=\"\" data-medium-file=\"https:\/\/i2.wp.com\/ecomatin.net\/wp-content\/uploads\/2019\/10\/ecomatin.net-pnud-et-ministere-du-commerce-lancent-une-etude-pour-mieux-approvisionner-les-marches-de-lextreme-nord-marche-cameroun.jpg?fit=300%2C159&#038;ssl=1\" data-large-file=\"https:\/\/i2.wp.com\/ecomatin.net\/wp-content\/uploads\/2019\/10\/ecomatin.net-pnud-et-ministere-du-commerce-lancent-une-etude-pour-mieux-approvisionner-les-marches-de-lextreme-nord-marche-cameroun.jpg?fit=1024%2C544&#038;ssl=1\" srcset=\"data:image\/gif;base64,R0lGODlhAQABAIAAAAAAAP\/\/\/yH5BAEAAAAALAAAAAABAAEAAAIBRAA7\"\/><\/div>\n<div class=\"entry-content entry clearfix\" readability=\"51\">\n<p>Le <strong>Programme des Nations-Unies pour le d\u00e9veloppement<\/strong> (PNUD) et le <strong>minist\u00e8re du Commerce<\/strong> ont lanc\u00e9, en fin de semaine derni\u00e8re, une \u00e9tude en vue de palier la d\u00e9structuration caus\u00e9e par l\u2019ins\u00e9curit\u00e9 des trois derni\u00e8res ann\u00e9es dans la r\u00e9gion de l\u2019Extr\u00eame-nord du Cameroun. Les termes de r\u00e9f\u00e9rences ont \u00e9t\u00e9 pr\u00e9sent\u00e9s par le consultant <strong>Eric Fofiri<\/strong> et d\u00e9battus entre les diff\u00e9rents participants \u00e0 la r\u00e9union.<\/p>\n<p>Lesdits termes portent sur la faisabilit\u00e9 des syst\u00e8mes communautaires d\u2019approvisionnement des march\u00e9s en denr\u00e9es alimentaires de premi\u00e8re n\u00e9cessit\u00e9. Les d\u00e9partements cibl\u00e9s sont situ\u00e9s dans cette partie du Cameroun qui subit les affres de l\u2019ins\u00e9curit\u00e9 caus\u00e9 par la pr\u00e9sence et les exactions du groupe djihadiste Boko Haram.<\/p>\n<p>L\u2019objectif de l\u2019\u00e9tude, apprend-on, vise l\u2019am\u00e9lioration des syst\u00e8mes de stockages et commercialisation des produits agropastoraux dans le Mayo Sava, le Logone et Chari, le Mayo-Tsanaga et le Diamar\u00e9. Une \u00e9tude importante d\u2019autant plus que le d\u00e9ficit d\u2019approvisionnement de la r\u00e9gion de l\u2019Extr\u00eame-nord en certains produits de consommation de premi\u00e8re n\u00e9cessit\u00e9 cause r\u00e9guli\u00e8rement des p\u00e9nuries et une forte inflation des prix.<\/p>\n<div class=\"about-author about-author-box container-wrapper\">\n<div class=\"author-avatar\">\n<p><img decoding=\"async\" src=\"http:\/\/\" alt=\"\"\/><\/p>\n<\/div>\n<p><h4>La R\u00e9daction EcoMatin<\/h4>\n<\/p>\n<\/div>\n<div class=\"awac-wrapper awac widget blog_subscription-2\">\n<h4 class=\"widget-title\">Abonnez-vous \u00e0 notre lettre d&rsquo;information<\/h4>\n<\/div>\n<\/div>\n<div class=\"toggle-post-content clearfix\"><a id=\"toggle-post-button\" class=\"button\" href=\"#\">Afficher plus <\/a><\/div>\n<p>Auteur: EcoMatin<br \/>\n<a href=\"https:\/\/ecomatin.net\/pnud-et-ministere-du-commerce-lancent-une-etude-pour-mieux-approvisionner-les-marches-de-lextreme-nord\/\">Cliquez ici pour lire l&rsquo;article depuis sa source.<\/a><\/p>\n","protected":false},"excerpt":{"rendered":"<p>Le Programme des Nations-Unies pour le d\u00e9veloppement (PNUD) et le minist\u00e8re du Commerce ont lanc\u00e9, en fin de semaine derni\u00e8re, une \u00e9tude en vue de palier la d\u00e9structuration caus\u00e9e par l\u2019ins\u00e9curit\u00e9 des trois derni\u00e8res ann\u00e9es dans la r\u00e9gion de l\u2019Extr\u00eame-nord du Cameroun. Les termes de r\u00e9f\u00e9rences ont \u00e9t\u00e9 pr\u00e9sent\u00e9s par le consultant Eric Fofiri et [&hellip;]<\/p>\n","protected":false},"author":1969,"featured_media":0,"comment_status":"closed","ping_status":"closed","sticky":false,"template":"","format":"standard","meta":{"fifu_image_url":"","fifu_image_alt":"","footnotes":""},"categories":[82,78],"tags":[],"class_list":["post-64402","post","type-post","status-publish","format-standard","hentry","category-cameroun","category-economie"],"_links":{"self":[{"href":"https:\/\/linitiative.ca\/International\/wp-json\/wp\/v2\/posts\/64402","targetHints":{"allow":["GET"]}}],"collection":[{"href":"https:\/\/linitiative.ca\/International\/wp-json\/wp\/v2\/posts"}],"about":[{"href":"https:\/\/linitiative.ca\/International\/wp-json\/wp\/v2\/types\/post"}],"author":[{"embeddable":true,"href":"https:\/\/linitiative.ca\/International\/wp-json\/wp\/v2\/users\/1969"}],"replies":[{"embeddable":true,"href":"https:\/\/linitiative.ca\/International\/wp-json\/wp\/v2\/comments?post=64402"}],"version-history":[{"count":0,"href":"https:\/\/linitiative.ca\/International\/wp-json\/wp\/v2\/posts\/64402\/revisions"}],"wp:attachment":[{"href":"https:\/\/linitiative.ca\/International\/wp-json\/wp\/v2\/media?parent=64402"}],"wp:term":[{"taxonomy":"category","embeddable":true,"href":"https:\/\/linitiative.ca\/International\/wp-json\/wp\/v2\/categories?post=64402"},{"taxonomy":"post_tag","embeddable":true,"href":"https:\/\/linitiative.ca\/International\/wp-json\/wp\/v2\/tags?post=64402"}],"curies":[{"name":"wp","href":"https:\/\/api.w.org\/{rel}","templated":true}]}}