{"id":64403,"date":"2019-10-15T10:10:08","date_gmt":"2019-10-15T14:10:08","guid":{"rendered":"https:\/\/linitiative.ca\/International\/emulation-coup-denvoi-de-la-1ere-edition-du-prix-de-lenseignante-de-lannee\/"},"modified":"2019-10-15T10:10:08","modified_gmt":"2019-10-15T14:10:08","slug":"emulation-coup-denvoi-de-la-1ere-edition-du-prix-de-lenseignante-de-lannee","status":"publish","type":"post","link":"https:\/\/linitiative.ca\/International\/emulation-coup-denvoi-de-la-1ere-edition-du-prix-de-lenseignante-de-lannee\/","title":{"rendered":"Emulation : Coup d\u2019envoi de la 1\u00e8re \u00e9dition du Prix de l\u2019enseignant(e) de l\u2019ann\u00e9e"},"content":{"rendered":"<header>\n<div class=\"entry-post-meta\">\n<div class=\"author-link\">Publi\u00e9 par <a itemprop=\"author\" itemscope=\"\" itemtype=\"https:\/\/schema.org\/Person\" href=\"http:\/\/aujourdhui.ma\/profile\/kaid\" rel=\"author\"><span itemprop=\"name\">ALM<\/span><\/a><\/div>\n<p>Date\u00a0:<time content=\"2019-10-15T15:10:08+00:00\" class=\"entry-date updated\" datetime=\"2019-10-15T15:10:08+00:00\">octobre 15, 2019<\/time><\/p>\n<div class=\"entry-cat\">dans:<a href=\"http:\/\/aujourdhui.ma\/category\/societe\" rel=\"category tag\">Soci\u00e9t\u00e9<\/a><\/div>\n<p>0 Vues<\/p>\n<\/div>\n<\/header>\n<div class=\"entry-content clearfix\" readability=\"45\"><img decoding=\"async\" class=\"post_layout_5_img\" src=\"http:\/\/aujourdhui.ma\/wp-content\/uploads\/2019\/06\/Re%CC%81forme-de-l%E2%80%99enseignement-e%CC%81cole-prive%CC%81e-maroc.jpg?x29840\" alt=\"Emulation : Coup d\u2019envoi de la 1\u00e8re \u00e9dition du Prix de l\u2019enseignant(e) de l\u2019ann\u00e9e\"\/><\/p>\n<p class=\"p1\"><span class=\"s1 c5\"><span class=\"c4\"><strong>La Fondation Zahid instaure le Prix de l\u2019enseignant(e) de l\u2019ann\u00e9e et lance sa premi\u00e8re \u00e9dition 2018-2019, en partenariat avec l\u2019AREF de la r\u00e9gion Marrakech\u2013Safi et la direction provinciale du Haouz, en coordination avec<span class=\"Apple-converted-space\">\u00a0<\/span> l\u2019Association des amis de l\u2019\u00e9cole publique (AAEP) et l\u2019Association de la coop\u00e9ration scolaire de la direction du Haouz.<\/strong><\/span><\/span> <span id=\"more-320227\"\/><\/p>\n<p class=\"p1\"><span class=\"s1\">Objectif : r\u00e9compenser, valoriser et encourager les enseignants qui mettent en \u0153uvre des projets de classe pilotes et originaux. La c\u00e9r\u00e9monie de remise des prix s\u2019est tenue le 12 octobre 2019 au Mus\u00e9e Mohammed VI pour la civilisation de l\u2019eau \u00e0 Marrakech. Destin\u00e9 aux classes de l\u2019enseignement primaire et de l\u2019\u00e9ducation inclusive, \u00able Prix de l\u2019enseignant(e) de l\u2019ann\u00e9e\u00bb est une initiative originale de la Fondation Zahid et de ses partenaires. 50 enseignant(e)s, 50 projets p\u00e9dagogiques ont impliqu\u00e9 1.500 \u00e9l\u00e8ves. Cinq projets de classe ont \u00e9t\u00e9 s\u00e9lectionn\u00e9s gr\u00e2ce aux comp\u00e9tences et aux qualit\u00e9s professionnelles de celles et de ceux qui les ont port\u00e9s.<\/span><\/p>\n<\/div>\n<p>Auteur: ALM<br \/>\n<a href=\"http:\/\/aujourdhui.ma\/societe\/emulation-coup-denvoi-de-la-1ere-edition-du-prix-de-lenseignante-de-lannee\">Cliquez ici pour lire l&rsquo;article depuis sa source.<\/a><\/p>\n","protected":false},"excerpt":{"rendered":"<p>Publi\u00e9 par ALM Date\u00a0:octobre 15, 2019 dans:Soci\u00e9t\u00e9 0 Vues La Fondation Zahid instaure le Prix de l\u2019enseignant(e) de l\u2019ann\u00e9e et lance sa premi\u00e8re \u00e9dition 2018-2019, en partenariat avec l\u2019AREF de la r\u00e9gion Marrakech\u2013Safi et la direction provinciale du Haouz, en coordination avec\u00a0 l\u2019Association des amis de l\u2019\u00e9cole publique (AAEP) et l\u2019Association de la coop\u00e9ration scolaire [&hellip;]<\/p>\n","protected":false},"author":1759,"featured_media":0,"comment_status":"closed","ping_status":"closed","sticky":false,"template":"","format":"standard","meta":{"fifu_image_url":"","fifu_image_alt":"","footnotes":""},"categories":[73,54],"tags":[],"class_list":["post-64403","post","type-post","status-publish","format-standard","hentry","category-actualite","category-maroc"],"_links":{"self":[{"href":"https:\/\/linitiative.ca\/International\/wp-json\/wp\/v2\/posts\/64403","targetHints":{"allow":["GET"]}}],"collection":[{"href":"https:\/\/linitiative.ca\/International\/wp-json\/wp\/v2\/posts"}],"about":[{"href":"https:\/\/linitiative.ca\/International\/wp-json\/wp\/v2\/types\/post"}],"author":[{"embeddable":true,"href":"https:\/\/linitiative.ca\/International\/wp-json\/wp\/v2\/users\/1759"}],"replies":[{"embeddable":true,"href":"https:\/\/linitiative.ca\/International\/wp-json\/wp\/v2\/comments?post=64403"}],"version-history":[{"count":0,"href":"https:\/\/linitiative.ca\/International\/wp-json\/wp\/v2\/posts\/64403\/revisions"}],"wp:attachment":[{"href":"https:\/\/linitiative.ca\/International\/wp-json\/wp\/v2\/media?parent=64403"}],"wp:term":[{"taxonomy":"category","embeddable":true,"href":"https:\/\/linitiative.ca\/International\/wp-json\/wp\/v2\/categories?post=64403"},{"taxonomy":"post_tag","embeddable":true,"href":"https:\/\/linitiative.ca\/International\/wp-json\/wp\/v2\/tags?post=64403"}],"curies":[{"name":"wp","href":"https:\/\/api.w.org\/{rel}","templated":true}]}}