{"id":64405,"date":"2019-10-15T10:30:37","date_gmt":"2019-10-15T14:30:37","guid":{"rendered":"https:\/\/linitiative.ca\/International\/festival-du-film-arabe-de-casablanca-hommage-a-zhour-slimani-saeed-hamed-et-duraid-laham\/"},"modified":"2019-10-15T10:30:37","modified_gmt":"2019-10-15T14:30:37","slug":"festival-du-film-arabe-de-casablanca-hommage-a-zhour-slimani-saeed-hamed-et-duraid-laham","status":"publish","type":"post","link":"https:\/\/linitiative.ca\/International\/festival-du-film-arabe-de-casablanca-hommage-a-zhour-slimani-saeed-hamed-et-duraid-laham\/","title":{"rendered":"Festival du film arabe de Casablanca : Hommage \u00e0 Zhour Slimani, Saeed Hamed et Duraid Laham"},"content":{"rendered":"<p><img decoding=\"async\" class=\"post_layout_5_img\" src=\"http:\/\/aujourdhui.ma\/wp-content\/uploads\/2019\/10\/Casablanca-Arab-Film-Festival.jpg?x29840\" alt=\"Festival du film arabe de Casablanca : Hommage \u00e0 Zhour Slimani, Saeed Hamed et Duraid Laham\"\/><\/p>\n<p class=\"p1\"><span class=\"c4\"><strong><em>Une vingtaine\u00a0<\/em><em>de films en comp\u00e9tition officielle<\/em><\/strong><\/span><span id=\"more-320186\"\/><\/p>\n<p class=\"p1\">Le Festival du film arabe est de retour pour la deuxi\u00e8me ann\u00e9e cons\u00e9cutive \u00e0 Casablanca, et ce du 18 au 25 octobre 2019. Cette manifestation cin\u00e9matographique organis\u00e9e par l\u2019association Imtidad pour la culture et le d\u00e9veloppement s\u2019annonce prometteuse et riche en nouveaut\u00e9s.<\/p>\n<p class=\"p1\">D\u2019abord, une vingtaine de films entreront en comp\u00e9tition dans deux cat\u00e9gories officielles court et long m\u00e9trages r\u00e9alis\u00e9s en 2018 et 2019. Ainsi, concernant la comp\u00e9tition court m\u00e9trage, organis\u00e9e pour la premi\u00e8re fois, elle conna\u00eetra, selon les organisateurs, la projection de 19 r\u00e9alisations. Parmi lesquelles on retrouve \u00abAwel Ayta\u00bb de Rami Aloui et Mohamed Nadir (Alg\u00e9rie), \u00abBermuda\u00bb de Mohamed Benabdallah (Alg\u00e9rie), \u00abBraids\u00bb de Ismail Dairki (Syrie), \u00abColorblind\u00bb de Menna Ekram (\u00c9gypte), \u00abCrossing\u00bb de Salman Yussuf (Bahre\u00efn), \u00abEyebrows\u00bb de Tamer Ashy (\u00c9gypte), \u00abGhazal\u00bb de Amjad Arafeh (Palestine), \u00abGhost of Spacetime\u00bb de Karim Taj (Maroc). Outre cette s\u00e9rie de courts m\u00e9trages, le festival propose comme \u00e0 son habitude une comp\u00e9tition de long m\u00e9trage.<\/p>\n<p><a href=\"http:\/\/aujourdhui.ma\/wp-content\/uploads\/2019\/10\/Festival-du-film-arabe-de-Casablanca-Hommage-Zhour-Slimani-et-Duraid-Laham-.jpg?x29840\"><img loading=\"lazy\" decoding=\"async\" class=\"size-full wp-image-320189 aligncenter\" src=\"http:\/\/aujourdhui.ma\/wp-content\/uploads\/2019\/10\/Festival-du-film-arabe-de-Casablanca-Hommage-Zhour-Slimani-et-Duraid-Laham-.jpg?x29840\" alt=\"\" width=\"561\" height=\"444\" srcset=\"http:\/\/aujourdhui.ma\/wp-content\/uploads\/2019\/10\/Festival-du-film-arabe-de-Casablanca-Hommage-Zhour-Slimani-et-Duraid-Laham-.jpg 561w, http:\/\/aujourdhui.ma\/wp-content\/uploads\/2019\/10\/Festival-du-film-arabe-de-Casablanca-Hommage-Zhour-Slimani-et-Duraid-Laham--300x237.jpg 300w\" sizes=\"auto, (max-width: 561px) 100vw, 561px\"\/><\/a><\/p>\n<p class=\"p1\">Au total, 11 films ont ainsi \u00e9t\u00e9 choisis pour faire partie de la s\u00e9lection officielle. Il y a lieu de citer \u00abCatharsys ou les Contes du Monde Perdu d\u2019Afina\u00bb de Yassine Marco Marroccu (Maroc), \u00abLaaziza\u00bb de Mohcine<span class=\"Apple-converted-space\">\u00a0<\/span> Basri<span class=\"Apple-converted-space\">\u00a0<\/span> (Maroc), \u00abLe droit chemin\u00bb de Okacha Touita<span class=\"Apple-converted-space\">\u00a0<\/span> (Alg\u00e9rie), \u00abLe Pardon\u00bb de Najoua Limam Salama (Tunisie), \u00abUn jour et une nuit\u00bb de Aymen Makram (Egypte), \u00abZayana\u00bb de Khalid Al Zadjali (Sultanat d\u2019Oman), \u00abYara\u00bb de Abbas Fadhel (Liban\/Irak), \u00ab10 jours avant le mariage\u00bb de Amr Gamal (Yemen) et \u00abZero Distance\u00bb de Abdulaziz Al Shelahi<span class=\"Apple-converted-space\">\u00a0<\/span> (Arabie Saoudite). Ainsi, ces \u0153uvres seront \u00e9valu\u00e9es par un jury professionnel. Il sera pr\u00e9sid\u00e9 d\u2019ailleurs par le r\u00e9alisateur Mohamed Abderrahman Tazi. Celui-ci sera entour\u00e9 du metteur en sc\u00e8ne irakien Qacem Haoul, de l\u2019acteur \u00e9gyptien Fathi Abdelwahab, le critique de cin\u00e9ma kowe\u00eftien Abdul Sattar Naji et l\u2019actrice tunisienne Souhir Ben Amara.<\/p>\n<p class=\"p1\">En effet, le festival propose \u00e9galement la projection d\u2019une vingtaine de films dans la cat\u00e9gorie panorama. De plus, le festival rend hommage \u00e0 plusieurs figures du cin\u00e9ma arabe et marocain \u00e0 l\u2019instar de l\u2019actrice Zhour Slimani, le r\u00e9alisateur soudanais Saeed Hamed et l\u2019acteur syrien Duraid Laham. Ce n\u2019est pas tout, la manifestation propose \u00e9galement d\u2019autres activit\u00e9s en parall\u00e8le, \u00e0 l\u2019instar de masters class, tables rondes et d\u2019autres workshops.<\/p>\n<p>Auteur: Siham Jadraoui<br \/>\n<a href=\"http:\/\/aujourdhui.ma\/culture\/cinema\/festival-du-film-arabe-de-casablanca-hommage-a-zhour-slimani-saeed-hamed-et-duraid-laham\">Cliquez ici pour lire l&rsquo;article depuis sa source.<\/a><\/p>\n","protected":false},"excerpt":{"rendered":"<p>Une vingtaine\u00a0de films en comp\u00e9tition officielle Le Festival du film arabe est de retour pour la deuxi\u00e8me ann\u00e9e cons\u00e9cutive \u00e0 Casablanca, et ce du 18 au 25 octobre 2019. Cette manifestation cin\u00e9matographique organis\u00e9e par l\u2019association Imtidad pour la culture et le d\u00e9veloppement s\u2019annonce prometteuse et riche en nouveaut\u00e9s. D\u2019abord, une vingtaine de films entreront en [&hellip;]<\/p>\n","protected":false},"author":1759,"featured_media":0,"comment_status":"closed","ping_status":"closed","sticky":false,"template":"","format":"standard","meta":{"fifu_image_url":"","fifu_image_alt":"","footnotes":""},"categories":[73,54],"tags":[],"class_list":["post-64405","post","type-post","status-publish","format-standard","hentry","category-actualite","category-maroc"],"_links":{"self":[{"href":"https:\/\/linitiative.ca\/International\/wp-json\/wp\/v2\/posts\/64405","targetHints":{"allow":["GET"]}}],"collection":[{"href":"https:\/\/linitiative.ca\/International\/wp-json\/wp\/v2\/posts"}],"about":[{"href":"https:\/\/linitiative.ca\/International\/wp-json\/wp\/v2\/types\/post"}],"author":[{"embeddable":true,"href":"https:\/\/linitiative.ca\/International\/wp-json\/wp\/v2\/users\/1759"}],"replies":[{"embeddable":true,"href":"https:\/\/linitiative.ca\/International\/wp-json\/wp\/v2\/comments?post=64405"}],"version-history":[{"count":0,"href":"https:\/\/linitiative.ca\/International\/wp-json\/wp\/v2\/posts\/64405\/revisions"}],"wp:attachment":[{"href":"https:\/\/linitiative.ca\/International\/wp-json\/wp\/v2\/media?parent=64405"}],"wp:term":[{"taxonomy":"category","embeddable":true,"href":"https:\/\/linitiative.ca\/International\/wp-json\/wp\/v2\/categories?post=64405"},{"taxonomy":"post_tag","embeddable":true,"href":"https:\/\/linitiative.ca\/International\/wp-json\/wp\/v2\/tags?post=64405"}],"curies":[{"name":"wp","href":"https:\/\/api.w.org\/{rel}","templated":true}]}}