{"id":64407,"date":"2019-10-15T11:29:32","date_gmt":"2019-10-15T15:29:32","guid":{"rendered":"https:\/\/linitiative.ca\/International\/un-train-a-deraille-pres-de-bouskoura-loncf-frole-de-nouveau-la-catastrophe\/"},"modified":"2019-10-15T11:29:32","modified_gmt":"2019-10-15T15:29:32","slug":"un-train-a-deraille-pres-de-bouskoura-loncf-frole-de-nouveau-la-catastrophe","status":"publish","type":"post","link":"https:\/\/linitiative.ca\/International\/un-train-a-deraille-pres-de-bouskoura-loncf-frole-de-nouveau-la-catastrophe\/","title":{"rendered":"Un train a d\u00e9raill\u00e9 pr\u00e8s de Bouskoura : L\u2019ONCF fr\u00f4le de nouveau  la catastrophe"},"content":{"rendered":"<header>\n<\/header>\n<div class=\"entry-content clearfix\" readability=\"51\"><img decoding=\"async\" class=\"post_layout_5_img\" src=\"http:\/\/aujourdhui.ma\/wp-content\/uploads\/2019\/10\/Un-train-a-de%CC%81raille%CC%81-pre%CC%80s-de-Bouskoura.jpg?x29840\" alt=\"Un train a d\u00e9raill\u00e9 pr\u00e8s de Bouskoura : L\u2019ONCF fr\u00f4le de nouveau la catastrophe\"\/><\/p>\n<p class=\"p1\"><span class=\"s1\"><span class=\"c4\"><strong>Les accidents se suivent et se ressemblent pour l\u2019ONCF. Apr\u00e8s le drame de Boulaknadel avec de nombreux victimes, l\u2019Office a fr\u00f4l\u00e9 de nouveau la catastrophe pr\u00e8s de Bouskoura.<\/strong><\/span><\/span> <span id=\"more-320242\"\/><\/p>\n<p class=\"p1\"><span class=\"s1\">En effet, un train reliant Marrakech \u00e0 Casablanca est sorti de ses rails pr\u00e8s de Bouskoura, sans faire de bless\u00e9s, indique l\u2019Office national des chemins de fer (ONCF). <em>\u00abLe 15 octobre 2019 vers 12h20, le train Al Atlas N\u00b0610 reliant Marrakech \u00e0 Casablanca est sorti de ses rails \u00e0 proximit\u00e9 de la gare de Bouskoura (c\u00f4t\u00e9 Berrechid)\u00bb<\/em>, pr\u00e9cise l\u2019ONCF, faisant savoir que cet accident n\u2019a occasionn\u00e9 aucun bless\u00e9.<\/span><\/p>\n<p class=\"p1\"><span class=\"s1\">La m\u00eame source pr\u00e9cise que les \u00e9quipes de l\u2019ONCF se sont d\u00e9plac\u00e9es imm\u00e9diatement sur les lieux pour prendre en charge les voyageurs et les acheminer vers leur destination. Et de conclure: \u00ab<em>l\u2019ONCF indique que plus de pr\u00e9cisions seront apport\u00e9es d\u00e8s r\u00e9tablissement du trafic sur cette ligne, tout en pr\u00e9sentant ses excuses \u00e0 ses clients pour les d\u00e9sagr\u00e9ments subis\u00bb.<\/em> A noter que c\u2019est pas la premi\u00e8re fois qu\u2019un train d\u00e9raille ces derni\u00e8res ann\u00e9es avec tout ce que ceci fait courir comme risques pour les passagers des trains.<\/span><\/p>\n<\/div>\n<p>Auteur: ALM<br \/>\n<a href=\"http:\/\/aujourdhui.ma\/actualite\/un-train-a-deraille-pres-de-bouskoura-loncf-frole-de-nouveau-la-catastrophe\">Cliquez ici pour lire l&rsquo;article depuis sa source.<\/a><\/p>\n","protected":false},"excerpt":{"rendered":"<p>Les accidents se suivent et se ressemblent pour l\u2019ONCF. Apr\u00e8s le drame de Boulaknadel avec de nombreux victimes, l\u2019Office a fr\u00f4l\u00e9 de nouveau la catastrophe pr\u00e8s de Bouskoura. En effet, un train reliant Marrakech \u00e0 Casablanca est sorti de ses rails pr\u00e8s de Bouskoura, sans faire de bless\u00e9s, indique l\u2019Office national des chemins de fer [&hellip;]<\/p>\n","protected":false},"author":1759,"featured_media":0,"comment_status":"closed","ping_status":"closed","sticky":false,"template":"","format":"standard","meta":{"fifu_image_url":"","fifu_image_alt":"","footnotes":""},"categories":[73,54],"tags":[],"class_list":["post-64407","post","type-post","status-publish","format-standard","hentry","category-actualite","category-maroc"],"_links":{"self":[{"href":"https:\/\/linitiative.ca\/International\/wp-json\/wp\/v2\/posts\/64407","targetHints":{"allow":["GET"]}}],"collection":[{"href":"https:\/\/linitiative.ca\/International\/wp-json\/wp\/v2\/posts"}],"about":[{"href":"https:\/\/linitiative.ca\/International\/wp-json\/wp\/v2\/types\/post"}],"author":[{"embeddable":true,"href":"https:\/\/linitiative.ca\/International\/wp-json\/wp\/v2\/users\/1759"}],"replies":[{"embeddable":true,"href":"https:\/\/linitiative.ca\/International\/wp-json\/wp\/v2\/comments?post=64407"}],"version-history":[{"count":0,"href":"https:\/\/linitiative.ca\/International\/wp-json\/wp\/v2\/posts\/64407\/revisions"}],"wp:attachment":[{"href":"https:\/\/linitiative.ca\/International\/wp-json\/wp\/v2\/media?parent=64407"}],"wp:term":[{"taxonomy":"category","embeddable":true,"href":"https:\/\/linitiative.ca\/International\/wp-json\/wp\/v2\/categories?post=64407"},{"taxonomy":"post_tag","embeddable":true,"href":"https:\/\/linitiative.ca\/International\/wp-json\/wp\/v2\/tags?post=64407"}],"curies":[{"name":"wp","href":"https:\/\/api.w.org\/{rel}","templated":true}]}}