{"id":64410,"date":"2019-10-15T06:20:01","date_gmt":"2019-10-15T10:20:01","guid":{"rendered":"https:\/\/linitiative.ca\/International\/le-pps-condamne-lagression-turque-sur-le-territoire-syrien\/"},"modified":"2019-10-15T06:20:01","modified_gmt":"2019-10-15T10:20:01","slug":"le-pps-condamne-lagression-turque-sur-le-territoire-syrien","status":"publish","type":"post","link":"https:\/\/linitiative.ca\/International\/le-pps-condamne-lagression-turque-sur-le-territoire-syrien\/","title":{"rendered":"Le PPS condamne l\u2019agression turque sur le territoire syrien"},"content":{"rendered":"<p class=\"c4\"><span class=\"c3\"><strong><span class=\"c2\">L<\/span>e Bureau politique du Parti du Progr\u00e8s et du Socialisme suit avec inqui\u00e9tude et une vigoureuse condamnation la poursuite de la dangereuse agression militaire turque sur le territoire syrien, au grand m\u00e9pris de toutes les lois et coutumes internationales. Cette agression intervient, pratiquement, dans un mutisme international, qui confirme l\u2019insouciance, voire la collusion de plusieurs parties et puissances internationales \u00e0 l\u2019\u00e9gard de ce qui se passe sur la sc\u00e8ne syrienne.<\/strong><\/span><\/p>\n<p class=\"c4\"><span class=\"c5\">Tout en condamnant dans les termes les plus fermes l\u2019incursion des arm\u00e9es turques dans le Nord-est syrien, le Bureau politique du PPS consid\u00e8re que cette agression, toujours en cours devant les regards du monde et dans un d\u00e9fi manifeste de la l\u00e9galit\u00e9, constitue une menace r\u00e9elle de l\u2019int\u00e9grit\u00e9 du territoire du pays et de son ind\u00e9pendance. Elle repr\u00e9sente une violation flagrante de la s\u00e9curit\u00e9 de son territoire et de sa souverainet\u00e9 et une grave atteinte \u00e0 la coh\u00e9sion de son tissu soci\u00e9tal et d\u00e9mographique. Ce qui va se traduire aussi par une d\u00e9t\u00e9rioration de la situation humanitaire et s\u00e9curitaire, initialement pr\u00e9caire dans la r\u00e9gion, et offrir l\u2019occasion au terrorisme abominable de rassembler ses forces non seulement au niveau r\u00e9gional mais \u00e9galement international. Ce qui constitue une menace certaine pour la s\u00e9curit\u00e9 et la paix internationales.<\/span><\/p>\n<p class=\"c4\"><span class=\"c5\">Le Bureau politique du Parti du Progr\u00e8s et du Socialisme, tout en exprimant sa condamnation et son refus cat\u00e9gorique de l\u2019invasion par la Turquie de parties du territoire syrien, consid\u00e8re que les v\u00e9ritables arri\u00e8re-plans derri\u00e8re les op\u00e9rations militaires turques en cours consistent en la provocation d\u2019un changement d\u00e9mographique et ethnique forc\u00e9 dans la r\u00e9gion. Elle vise les Kurdes du Nord de la Syrie, \u00e0 travers leur dispersion et leur liquidation physique, pour les pousser \u00e0 des d\u00e9placements massifs. Ce qui repr\u00e9sente un v\u00e9ritable drame humanitaire et une guerre d\u2019extermination qui interpellent la conscience mondiale, ainsi qu\u2019une violation flagrante du droit international et un crime de guerre qui doivent faire l\u2019objet de poursuites et de punition.<\/span><\/p>\n<p class=\"c4\"><span class=\"c5\">C\u2019est pourquoi le Parti du Progr\u00e8s et du Socialisme demande \u00e0 la Turquie de retirer imm\u00e9diatement ses forces du territoire syrien et appelle l\u2019ensemble des composantes de la Communaut\u00e9 internationale \u00e0 prendre une position commune forte et d\u00e9finitive et \u00e0 agir de mani\u00e8re pratique et efficace pour imposer l\u2019autorit\u00e9 de la l\u00e9galit\u00e9 et de la l\u00e9gitimit\u00e9 et \u00e0 \u0153uvrer pour interdire \u00e0 la Turquie de continuer de violer et de sous-estimer la Charte des Nations Unies et les principes du Droit international et des coutumes du Droit humanitaire.<\/span><\/p>\n<p class=\"c4\"><span class=\"c5\">Le Bureau politique du Parti du Progr\u00e8s et du Socialisme souligne, en m\u00eame temps, qu\u2019il est imp\u00e9ratif que cessent toutes les autres interventions motiv\u00e9es par les calculs, les int\u00e9r\u00eats et l\u2019alimentation du conflit en Syrie. Il est en effet indispensable que le peuple syrien jouisse de son droit naturel \u00e0 construire son pr\u00e9sent et son avenir, \u00e0 parvenir \u00e0 des alternatives et \u00e0 r\u00e9aliser ses aspirations \u00e0 la d\u00e9mocratie, la dignit\u00e9, le d\u00e9veloppement, la stabilit\u00e9 et \u00e0 la reconstruction, en toute libert\u00e9 et ind\u00e9pendance, dans le cadre de solutions politiques justes et raisonnables qui mettent fin aux souffrances du peuple syrien qui se poursuivent depuis des ann\u00e9es.<\/span><\/p>\n<p class=\"c6\"><strong><span class=\"c5\">(B.P du PPS)<\/span><\/strong><\/p>\n<p>Auteur: M&rsquo;hammed rahal<br \/>\n<a href=\"http:\/\/albayane.press.ma\/le-pps-condamne-lagression-turque-sur-le-territoire-syrien.html\">Cliquez ici pour lire l&rsquo;article depuis sa source.<\/a><\/p>\n","protected":false},"excerpt":{"rendered":"<p>Le Bureau politique du Parti du Progr\u00e8s et du Socialisme suit avec inqui\u00e9tude et une vigoureuse condamnation la poursuite de la dangereuse agression militaire turque sur le territoire syrien, au grand m\u00e9pris de toutes les lois et coutumes internationales. Cette agression intervient, pratiquement, dans un mutisme international, qui confirme l\u2019insouciance, voire la collusion de plusieurs [&hellip;]<\/p>\n","protected":false},"author":1760,"featured_media":0,"comment_status":"closed","ping_status":"closed","sticky":false,"template":"","format":"standard","meta":{"fifu_image_url":"","fifu_image_alt":"","footnotes":""},"categories":[73,54],"tags":[],"class_list":["post-64410","post","type-post","status-publish","format-standard","hentry","category-actualite","category-maroc"],"_links":{"self":[{"href":"https:\/\/linitiative.ca\/International\/wp-json\/wp\/v2\/posts\/64410","targetHints":{"allow":["GET"]}}],"collection":[{"href":"https:\/\/linitiative.ca\/International\/wp-json\/wp\/v2\/posts"}],"about":[{"href":"https:\/\/linitiative.ca\/International\/wp-json\/wp\/v2\/types\/post"}],"author":[{"embeddable":true,"href":"https:\/\/linitiative.ca\/International\/wp-json\/wp\/v2\/users\/1760"}],"replies":[{"embeddable":true,"href":"https:\/\/linitiative.ca\/International\/wp-json\/wp\/v2\/comments?post=64410"}],"version-history":[{"count":0,"href":"https:\/\/linitiative.ca\/International\/wp-json\/wp\/v2\/posts\/64410\/revisions"}],"wp:attachment":[{"href":"https:\/\/linitiative.ca\/International\/wp-json\/wp\/v2\/media?parent=64410"}],"wp:term":[{"taxonomy":"category","embeddable":true,"href":"https:\/\/linitiative.ca\/International\/wp-json\/wp\/v2\/categories?post=64410"},{"taxonomy":"post_tag","embeddable":true,"href":"https:\/\/linitiative.ca\/International\/wp-json\/wp\/v2\/tags?post=64410"}],"curies":[{"name":"wp","href":"https:\/\/api.w.org\/{rel}","templated":true}]}}