{"id":64411,"date":"2019-10-15T06:25:19","date_gmt":"2019-10-15T10:25:19","guid":{"rendered":"https:\/\/linitiative.ca\/International\/une-amitie-seculaire-intarissable\/"},"modified":"2019-10-15T06:25:19","modified_gmt":"2019-10-15T10:25:19","slug":"une-amitie-seculaire-intarissable","status":"publish","type":"post","link":"https:\/\/linitiative.ca\/International\/une-amitie-seculaire-intarissable\/","title":{"rendered":"Une amiti\u00e9 s\u00e9culaire intarissable !"},"content":{"rendered":"<p class=\"c4\"><strong><span class=\"c3\"><span class=\"c2\">L<\/span>a communaut\u00e9 marocaine d\u2019Agadir se joint, en ce samedi 12 octobre, \u00e0 son homologue ib\u00e9rique pour c\u00e9l\u00e9brer, dans la liesse et l\u2019all\u00e9gresse, la \u00abDia de la Rasa\u00bb, devenue par la suite la \u00abDia de la Hispanidad\u00bb.<\/span><\/strong><\/p>\n<p class=\"c4\">Une fois que la d\u00e9mocratie est restaur\u00e9e en Espagne, un d\u00e9cret royal de 1981 maintient le 12 octobre comme journ\u00e9e de la f\u00eate nationale espagnole et mentionne express\u00e9ment qu\u2019il s\u2019agit de la \u00ab Journ\u00e9e de l\u2019Hispanit\u00e9\u00bb. Il faudra attendre six ans pour qu\u2019une loi fasse dispara\u00eetre cette mention et que le 12 octobre soit seulement le jour de la f\u00eate nationale espagnole.<\/p>\n<p class=\"c4\">C\u2019est dans ce sillage historique, orn\u00e9 de symboles, que le consulat du royaume d\u2019Espagne de la capitale du Souss eut la fervente empathie de convier une flop\u00e9e de personnalit\u00e9s de divers horizons, \u00e0 sa t\u00eate, le Wali de la r\u00e9gion Souss Massa, \u00e0 une c\u00e9r\u00e9monie cordiale, dans un palace somptueux de la ville. Une belle occasion pour la Consule g\u00e9n\u00e9rale de r\u00e9it\u00e9rer, lors de son convivial discours de pr\u00e9ambule, devant cette intense affluence hispano-marocaine, l\u2019excellence des relations de coop\u00e9ration mutuelle, au service de deux\u00a0\u00a0peuples s\u00e9culairement condamn\u00e9s \u00e0 se c\u00f4toyer et d\u2019interagir, dans l\u2019estime et le respect.<\/p>\n<p class=\"c4\">Tout en rendant hommage \u00e0 ces rapports d\u2019amiti\u00e9 qui ont marqu\u00e9 les deux nations et scell\u00e9 fortement le voisinage f\u00e9cond, la diplomate castillane n\u2019a pas manqu\u00e9, \u00e0 travers des faits concrets d\u2019illustrer, la diversit\u00e9 et l\u2019exemplarit\u00e9 des actions aux \u00e9chelons \u00e9conomique, social, culturel, acad\u00e9mique et cr\u00e9atif.<\/p>\n<p class=\"c4\">Cette dynamique plurielle est constamment fortifi\u00e9e par les visites de courtoisie et de travail des Souverains et institutionnels bilat\u00e9raux. La r\u00e9ciprocit\u00e9 intensifi\u00e9es, empreinte de volontarisme et d\u2019authenticit\u00e9, accentue de plus en plus, l\u2019\u00e9ventail d\u2019\u00e9change et de rapprochement.<\/p>\n<p class=\"c4\">Par ailleurs, l\u2019intervenante ib\u00e8re n\u2019a pas tari d\u2019\u00e9loge l\u2019\u00e9minence de l\u2019accointance qui raffermit la connexit\u00e9 op\u00e9rante entre les services consulaires et les diff\u00e9rents partenaires de la r\u00e9gion, en particulier les Pouvoirs publics. Cette disponibilit\u00e9, disait-elle, a permis au consulat g\u00e9n\u00e9ral de s\u2019acquitter comme il devait se faire, ses multiples t\u00e2ches, dans des conditions optimales. Dans le m\u00eame ordre d\u2019id\u00e9es, elle se f\u00e9licite de ce sentiment d\u2019entente et de concorde qui \u00e9maille ces contacts, par\u00e9s de tact, de ses interlocuteurs, tout au long de son mandat sur Agadir.<\/p>\n<p class=\"c4\">Enfin, cette chaleureuse allocution d\u00e9but\u00e9e par un arabe classique arbor\u00e9 finement et fort appr\u00e9ci\u00e9 par les h\u00f4tes marocains, a \u00e9t\u00e9 ponctu\u00e9 \u00e9galement par des propos en langue maternelle d\u00e9di\u00e9s en direction de ses compatriotes hispaniques. Par la suite, l\u2019assistance fut convi\u00e9e \u00e0 l\u2019audition des deux hymnes nationaux de l\u2019Espagne et du Maroc.<\/p>\n<p class=\"c5\"><strong>Saoudi El\u00a0Amalki<\/strong><\/p>\n<p>Auteur: M&rsquo;hammed rahal<br \/>\n<a href=\"http:\/\/albayane.press.ma\/une-amitie-seculaire-intarissable.html\">Cliquez ici pour lire l&rsquo;article depuis sa source.<\/a><\/p>\n","protected":false},"excerpt":{"rendered":"<p>La communaut\u00e9 marocaine d\u2019Agadir se joint, en ce samedi 12 octobre, \u00e0 son homologue ib\u00e9rique pour c\u00e9l\u00e9brer, dans la liesse et l\u2019all\u00e9gresse, la \u00abDia de la Rasa\u00bb, devenue par la suite la \u00abDia de la Hispanidad\u00bb. Une fois que la d\u00e9mocratie est restaur\u00e9e en Espagne, un d\u00e9cret royal de 1981 maintient le 12 octobre comme [&hellip;]<\/p>\n","protected":false},"author":1760,"featured_media":0,"comment_status":"closed","ping_status":"closed","sticky":false,"template":"","format":"standard","meta":{"fifu_image_url":"","fifu_image_alt":"","footnotes":""},"categories":[73,54],"tags":[],"class_list":["post-64411","post","type-post","status-publish","format-standard","hentry","category-actualite","category-maroc"],"_links":{"self":[{"href":"https:\/\/linitiative.ca\/International\/wp-json\/wp\/v2\/posts\/64411","targetHints":{"allow":["GET"]}}],"collection":[{"href":"https:\/\/linitiative.ca\/International\/wp-json\/wp\/v2\/posts"}],"about":[{"href":"https:\/\/linitiative.ca\/International\/wp-json\/wp\/v2\/types\/post"}],"author":[{"embeddable":true,"href":"https:\/\/linitiative.ca\/International\/wp-json\/wp\/v2\/users\/1760"}],"replies":[{"embeddable":true,"href":"https:\/\/linitiative.ca\/International\/wp-json\/wp\/v2\/comments?post=64411"}],"version-history":[{"count":0,"href":"https:\/\/linitiative.ca\/International\/wp-json\/wp\/v2\/posts\/64411\/revisions"}],"wp:attachment":[{"href":"https:\/\/linitiative.ca\/International\/wp-json\/wp\/v2\/media?parent=64411"}],"wp:term":[{"taxonomy":"category","embeddable":true,"href":"https:\/\/linitiative.ca\/International\/wp-json\/wp\/v2\/categories?post=64411"},{"taxonomy":"post_tag","embeddable":true,"href":"https:\/\/linitiative.ca\/International\/wp-json\/wp\/v2\/tags?post=64411"}],"curies":[{"name":"wp","href":"https:\/\/api.w.org\/{rel}","templated":true}]}}