{"id":64413,"date":"2019-10-15T09:01:34","date_gmt":"2019-10-15T13:01:34","guid":{"rendered":"https:\/\/linitiative.ca\/International\/nouvelle-generation-de-promoteurs-publication-de-la-liste-definitive-des-candidats-admis\/"},"modified":"2019-10-15T09:01:34","modified_gmt":"2019-10-15T13:01:34","slug":"nouvelle-generation-de-promoteurs-publication-de-la-liste-definitive-des-candidats-admis","status":"publish","type":"post","link":"https:\/\/linitiative.ca\/International\/nouvelle-generation-de-promoteurs-publication-de-la-liste-definitive-des-candidats-admis\/","title":{"rendered":"Nouvelle g\u00e9n\u00e9ration de promoteurs : Publication de la liste d\u00e9finitive des candidats admis"},"content":{"rendered":"<p>Les deux minist\u00e8res de la formation professionnelle et de l\u2019emploi et de l\u2019\u00e9ducation ont annonc\u00e9 lundi, la liste d\u00e9finitive des candidats admis dans le cadre du programme \u00ab nouvelle g\u00e9n\u00e9ration de promoteurs \u00bb, sp\u00e9cialis\u00e9s dans le domaine des petites entreprises d\u2019entretien des \u00e9tablissements \u00e9ducatifs et de maintenance des \u00e9quipements informatiques et des r\u00e9seaux.<\/p>\n<p>Cette liste comprend 94 promoteurs qui participeront durant la p\u00e9riode entre le 28 octobre et 15 novembre 2019 \u00e0 plusieurs sessions de formation dans les domaines de la cr\u00e9ation et la gestion d\u2019entreprises, dans les diff\u00e9rentes sections r\u00e9gionales du centre national de la formation et du d\u00e9veloppement des comp\u00e9tences.<\/p>\n<p>Les deux minist\u00e8res ont pr\u00e9cis\u00e9 dans un communiqu\u00e9 conjoint publi\u00e9 lundi, que la participation aux sessions de formation est obligatoire pour les jeunes promoteurs afin qu\u2019ils puissent b\u00e9n\u00e9ficier de ce programme et obtenir des financements pour la cr\u00e9ation d\u2019entreprises.<\/p>\n<p>Le minist\u00e8re de la Formation professionnelle et de l\u2019Emploi a mis en place une ligne de financement pour faciliter l\u2019attribution des cr\u00e9dits.<\/p>\n<p>De son c\u00f4t\u00e9, le minist\u00e8re de l\u2019Education conclura des march\u00e9s, sur une dur\u00e9e de trois ans, avec les nouvelles entreprises, moyennant une enveloppe de pr\u00e8s de 200 mille dinars par an.<\/p>\n<p>comp\u00e9tences.<\/p>\n<p>.<\/p>\n<p>sp\u00e9cialis\u00e9s dans le domaine des petites entreprises d\u2019entretien des \u00e9tablissements \u00e9ducatifs et de maintenance des \u00e9quipements informatiques et des r\u00e9seaux.<\/p>\n<div>Cette liste comprend 94 promoteurs qui participeront durant la p\u00e9riode entre le 28 octobre et 15 novembre 2019 \u00e0 plusieurs sessions de formation dans les domaines de la cr\u00e9ation et la gestion d\u2019entreprises, dans les diff\u00e9rentes sections r\u00e9gionales du centre national de la formation et du d\u00e9veloppement des comp\u00e9tences.Les deux minist\u00e8res ont pr\u00e9cis\u00e9 dans un communiqu\u00e9 conjoint publi\u00e9 lundi, que la participation aux sessions de formation est obligatoire pour les jeunes promoteurs afin qu\u2019ils puissent b\u00e9n\u00e9ficier de ce programme et obtenir des financements pour la cr\u00e9ation d\u2019entreprises.Le minist\u00e8re de la Formation professionnelle et de l\u2019Emploi a mis en place une ligne de financement pour faciliter l\u2019attribution des cr\u00e9dits.De son c\u00f4t\u00e9, le minist\u00e8re de l\u2019Education conclura des march\u00e9s, sur une dur\u00e9e de trois ans, avec les nouvelles entreprises, moyennant une enveloppe de pr\u00e8s de 200 mille dinars par an.<\/div>\n<p class=\"dpsp-share-text\">Partager c&rsquo;est aimer!<\/p>\n<div class=\"wp-post-author-wrap wp-post-author-shortcode left\">\n<h3 class=\"awpa-title\"\/>\n<div class=\"wp-post-author\">\n<div class=\"awpa-img awpa-author-block square\"><a href=\"http:\/\/lexpertjournal.net\/fr\/author\/expert\/\"><img loading=\"lazy\" decoding=\"async\" alt=\"\" src=\"http:\/\/2.gravatar.com\/avatar\/56d99be2a6f97af88ccb49fada637fcd?s=150&#038;d=mm&#038;r=g\" srcset=\"http:\/\/2.gravatar.com\/avatar\/56d99be2a6f97af88ccb49fada637fcd?s=300&#038;d=mm&#038;r=g 2x\" class=\"avatar avatar-150 photo\" height=\"150\" width=\"150\"\/><\/a><\/div>\n<\/div>\n<\/div>\n<p>Auteur: L&rsquo;expert<br \/>\n<a href=\"http:\/\/lexpertjournal.net\/fr\/2019\/10\/15\/nouvelle-generation-de-promoteurs-publication-de-la-liste-definitive-des-candidats-admis\/\">Cliquez ici pour lire l&rsquo;article depuis sa source.<\/a><\/p>\n","protected":false},"excerpt":{"rendered":"<p>Les deux minist\u00e8res de la formation professionnelle et de l\u2019emploi et de l\u2019\u00e9ducation ont annonc\u00e9 lundi, la liste d\u00e9finitive des candidats admis dans le cadre du programme \u00ab nouvelle g\u00e9n\u00e9ration de promoteurs \u00bb, sp\u00e9cialis\u00e9s dans le domaine des petites entreprises d\u2019entretien des \u00e9tablissements \u00e9ducatifs et de maintenance des \u00e9quipements informatiques et des r\u00e9seaux. Cette liste [&hellip;]<\/p>\n","protected":false},"author":1775,"featured_media":0,"comment_status":"closed","ping_status":"closed","sticky":false,"template":"","format":"standard","meta":{"fifu_image_url":"","fifu_image_alt":"","footnotes":""},"categories":[78,55],"tags":[],"class_list":["post-64413","post","type-post","status-publish","format-standard","hentry","category-economie","category-tunisie"],"_links":{"self":[{"href":"https:\/\/linitiative.ca\/International\/wp-json\/wp\/v2\/posts\/64413","targetHints":{"allow":["GET"]}}],"collection":[{"href":"https:\/\/linitiative.ca\/International\/wp-json\/wp\/v2\/posts"}],"about":[{"href":"https:\/\/linitiative.ca\/International\/wp-json\/wp\/v2\/types\/post"}],"author":[{"embeddable":true,"href":"https:\/\/linitiative.ca\/International\/wp-json\/wp\/v2\/users\/1775"}],"replies":[{"embeddable":true,"href":"https:\/\/linitiative.ca\/International\/wp-json\/wp\/v2\/comments?post=64413"}],"version-history":[{"count":0,"href":"https:\/\/linitiative.ca\/International\/wp-json\/wp\/v2\/posts\/64413\/revisions"}],"wp:attachment":[{"href":"https:\/\/linitiative.ca\/International\/wp-json\/wp\/v2\/media?parent=64413"}],"wp:term":[{"taxonomy":"category","embeddable":true,"href":"https:\/\/linitiative.ca\/International\/wp-json\/wp\/v2\/categories?post=64413"},{"taxonomy":"post_tag","embeddable":true,"href":"https:\/\/linitiative.ca\/International\/wp-json\/wp\/v2\/tags?post=64413"}],"curies":[{"name":"wp","href":"https:\/\/api.w.org\/{rel}","templated":true}]}}