{"id":64415,"date":"2019-10-15T09:07:11","date_gmt":"2019-10-15T13:07:11","guid":{"rendered":"https:\/\/linitiative.ca\/International\/sommet-de-la-cooperation-arabo-turque-mission-dhommes-daffaires-tunisiens-a-istanbul\/"},"modified":"2019-10-15T09:07:11","modified_gmt":"2019-10-15T13:07:11","slug":"sommet-de-la-cooperation-arabo-turque-mission-dhommes-daffaires-tunisiens-a-istanbul","status":"publish","type":"post","link":"https:\/\/linitiative.ca\/International\/sommet-de-la-cooperation-arabo-turque-mission-dhommes-daffaires-tunisiens-a-istanbul\/","title":{"rendered":"Sommet de la coop\u00e9ration arabo-turque :  Mission d\u2019hommes d\u2019affaires tunisiens \u00e0 Istanbul"},"content":{"rendered":"<p>Une mission d\u2019hommes d\u2019affaires tunisiens sera organis\u00e9e, du 19 au 22 novembre 2019 \u00e0 Istanbul (Turquie), dans le cadre de la tenue du Sommet de la Coop\u00e9ration Arabo-Turque en Construction &#038; Investissement Immobilier et en marge du salon de la construction, des mat\u00e9riaux et des technologies de construction, du design d\u2019Int\u00e9rieur et du meuble ainsi que du salon de l\u2019Investissement Immobilier.<\/p>\n<div>Organis\u00e9 \u00e0 l\u2019initiative de l\u2019Agence de promotion de l\u2019industrie et de l\u2019innovation (APII), en collaboration avec le minist\u00e8re de l\u2019Industrie de la Turquie et l\u2019Association d\u2019Affaires Arabo-Turque \u00ab TURAP \u00bb, cet \u00e9v\u00e9nement permettra aux entreprises tunisiennes d\u2019organiser des rencontres Bilat\u00e9rales (BtoB) avec les entreprises participantes, selon un communiqu\u00e9 de l\u2019APII.<\/div>\n<p class=\"dpsp-share-text\">Partager c&rsquo;est aimer!<\/p>\n<div class=\"wp-post-author-wrap wp-post-author-shortcode left\">\n<h3 class=\"awpa-title\"\/>\n<div class=\"wp-post-author\">\n<div class=\"awpa-img awpa-author-block square\"><a href=\"http:\/\/lexpertjournal.net\/fr\/author\/expert\/\"><img loading=\"lazy\" decoding=\"async\" alt=\"\" src=\"http:\/\/2.gravatar.com\/avatar\/56d99be2a6f97af88ccb49fada637fcd?s=150&#038;d=mm&#038;r=g\" srcset=\"http:\/\/2.gravatar.com\/avatar\/56d99be2a6f97af88ccb49fada637fcd?s=300&#038;d=mm&#038;r=g 2x\" class=\"avatar avatar-150 photo\" height=\"150\" width=\"150\"\/><\/a><\/div>\n<\/div>\n<\/div>\n<p>Auteur: L&rsquo;expert<br \/>\n<a href=\"http:\/\/lexpertjournal.net\/fr\/2019\/10\/15\/sommet-de-la-cooperation-arabo-turque-mission-dhommes-daffaires-tunisiens-a-istanbul\/\">Cliquez ici pour lire l&rsquo;article depuis sa source.<\/a><\/p>\n","protected":false},"excerpt":{"rendered":"<p>Une mission d\u2019hommes d\u2019affaires tunisiens sera organis\u00e9e, du 19 au 22 novembre 2019 \u00e0 Istanbul (Turquie), dans le cadre de la tenue du Sommet de la Coop\u00e9ration Arabo-Turque en Construction &#038; Investissement Immobilier et en marge du salon de la construction, des mat\u00e9riaux et des technologies de construction, du design d\u2019Int\u00e9rieur et du meuble ainsi [&hellip;]<\/p>\n","protected":false},"author":1775,"featured_media":0,"comment_status":"closed","ping_status":"closed","sticky":false,"template":"","format":"standard","meta":{"fifu_image_url":"","fifu_image_alt":"","footnotes":""},"categories":[78,55],"tags":[],"class_list":["post-64415","post","type-post","status-publish","format-standard","hentry","category-economie","category-tunisie"],"_links":{"self":[{"href":"https:\/\/linitiative.ca\/International\/wp-json\/wp\/v2\/posts\/64415","targetHints":{"allow":["GET"]}}],"collection":[{"href":"https:\/\/linitiative.ca\/International\/wp-json\/wp\/v2\/posts"}],"about":[{"href":"https:\/\/linitiative.ca\/International\/wp-json\/wp\/v2\/types\/post"}],"author":[{"embeddable":true,"href":"https:\/\/linitiative.ca\/International\/wp-json\/wp\/v2\/users\/1775"}],"replies":[{"embeddable":true,"href":"https:\/\/linitiative.ca\/International\/wp-json\/wp\/v2\/comments?post=64415"}],"version-history":[{"count":0,"href":"https:\/\/linitiative.ca\/International\/wp-json\/wp\/v2\/posts\/64415\/revisions"}],"wp:attachment":[{"href":"https:\/\/linitiative.ca\/International\/wp-json\/wp\/v2\/media?parent=64415"}],"wp:term":[{"taxonomy":"category","embeddable":true,"href":"https:\/\/linitiative.ca\/International\/wp-json\/wp\/v2\/categories?post=64415"},{"taxonomy":"post_tag","embeddable":true,"href":"https:\/\/linitiative.ca\/International\/wp-json\/wp\/v2\/tags?post=64415"}],"curies":[{"name":"wp","href":"https:\/\/api.w.org\/{rel}","templated":true}]}}