{"id":64416,"date":"2019-10-15T09:19:17","date_gmt":"2019-10-15T13:19:17","guid":{"rendered":"https:\/\/linitiative.ca\/International\/valorisation-du-patrimoine-culturel-master-international-conjoint-entre-9-universites-mediterraneennes\/"},"modified":"2019-10-15T09:19:17","modified_gmt":"2019-10-15T13:19:17","slug":"valorisation-du-patrimoine-culturel-master-international-conjoint-entre-9-universites-mediterraneennes","status":"publish","type":"post","link":"https:\/\/linitiative.ca\/International\/valorisation-du-patrimoine-culturel-master-international-conjoint-entre-9-universites-mediterraneennes\/","title":{"rendered":"Valorisation du patrimoine culturel : Master international conjoint entre 9 universit\u00e9s m\u00e9diterran\u00e9ennes"},"content":{"rendered":"<p>Un master international conjoint serait cr\u00e9\u00e9, pour la premi\u00e8re fois, entre neuf universit\u00e9s m\u00e9diterran\u00e9ennes sous le signe de \u00ab la communication et la valorisation du patrimoine culturel en r\u00e9gion m\u00e9diterran\u00e9enne \u00bb, a annonc\u00e9 le minist\u00e8re de l\u2019enseignement sup\u00e9rieur et de la recherche scientifique dans un communiqu\u00e9.<\/p>\n<div>\u00ab L\u2019objectif est de renforcer les liens de partenariat entre la Tunisie et l\u2019Europe dans le domaine de l\u2019enseignement, la recherche et l\u2019innovation \u00bb, ajoute le communiqu\u00e9.D\u2019apr\u00e8s la m\u00eame source, il s\u2019agirait d\u2019une initiative unique en son genre et qui consiste \u00e0 cr\u00e9er un master international innovant bas\u00e9 sur l\u2019enseignement \u00e0 distance outre l\u2019accueil d\u2019\u00e9tudiants europ\u00e9ens en Tunisie pour \u00e9tudier \u00e0 l\u2019universit\u00e9 de Carthage et essentiellement \u00e0 l\u2019institut sup\u00e9rieur des langues de Tunis.A noter que ce master professionnel s\u2019inscrit dans le cadre de la convention de partenariat \u00ab ERASMUS \u00bb sign\u00e9e entre les pays de la M\u00e9diterran\u00e9e dans le domaine de l\u2019enseignement sup\u00e9rieur et la recherche scientifique.<\/div>\n<p class=\"dpsp-share-text\">Partager c&rsquo;est aimer!<\/p>\n<div class=\"wp-post-author-wrap wp-post-author-shortcode left\">\n<h3 class=\"awpa-title\"\/>\n<div class=\"wp-post-author\">\n<div class=\"awpa-img awpa-author-block square\"><a href=\"http:\/\/lexpertjournal.net\/fr\/author\/expert\/\"><img loading=\"lazy\" decoding=\"async\" alt=\"\" src=\"http:\/\/2.gravatar.com\/avatar\/56d99be2a6f97af88ccb49fada637fcd?s=150&#038;d=mm&#038;r=g\" srcset=\"http:\/\/2.gravatar.com\/avatar\/56d99be2a6f97af88ccb49fada637fcd?s=300&#038;d=mm&#038;r=g 2x\" class=\"avatar avatar-150 photo\" height=\"150\" width=\"150\"\/><\/a><\/div>\n<\/div>\n<\/div>\n<p>Auteur: L&rsquo;expert<br \/>\n<a href=\"http:\/\/lexpertjournal.net\/fr\/2019\/10\/15\/valorisation-du-patrimoine-culturel-master-international-conjoint-entre-9-universites-mediterraneennes\/\">Cliquez ici pour lire l&rsquo;article depuis sa source.<\/a><\/p>\n","protected":false},"excerpt":{"rendered":"<p>Un master international conjoint serait cr\u00e9\u00e9, pour la premi\u00e8re fois, entre neuf universit\u00e9s m\u00e9diterran\u00e9ennes sous le signe de \u00ab la communication et la valorisation du patrimoine culturel en r\u00e9gion m\u00e9diterran\u00e9enne \u00bb, a annonc\u00e9 le minist\u00e8re de l\u2019enseignement sup\u00e9rieur et de la recherche scientifique dans un communiqu\u00e9. \u00ab L\u2019objectif est de renforcer les liens de partenariat [&hellip;]<\/p>\n","protected":false},"author":1775,"featured_media":0,"comment_status":"closed","ping_status":"closed","sticky":false,"template":"","format":"standard","meta":{"fifu_image_url":"","fifu_image_alt":"","footnotes":""},"categories":[78,55],"tags":[],"class_list":["post-64416","post","type-post","status-publish","format-standard","hentry","category-economie","category-tunisie"],"_links":{"self":[{"href":"https:\/\/linitiative.ca\/International\/wp-json\/wp\/v2\/posts\/64416","targetHints":{"allow":["GET"]}}],"collection":[{"href":"https:\/\/linitiative.ca\/International\/wp-json\/wp\/v2\/posts"}],"about":[{"href":"https:\/\/linitiative.ca\/International\/wp-json\/wp\/v2\/types\/post"}],"author":[{"embeddable":true,"href":"https:\/\/linitiative.ca\/International\/wp-json\/wp\/v2\/users\/1775"}],"replies":[{"embeddable":true,"href":"https:\/\/linitiative.ca\/International\/wp-json\/wp\/v2\/comments?post=64416"}],"version-history":[{"count":0,"href":"https:\/\/linitiative.ca\/International\/wp-json\/wp\/v2\/posts\/64416\/revisions"}],"wp:attachment":[{"href":"https:\/\/linitiative.ca\/International\/wp-json\/wp\/v2\/media?parent=64416"}],"wp:term":[{"taxonomy":"category","embeddable":true,"href":"https:\/\/linitiative.ca\/International\/wp-json\/wp\/v2\/categories?post=64416"},{"taxonomy":"post_tag","embeddable":true,"href":"https:\/\/linitiative.ca\/International\/wp-json\/wp\/v2\/tags?post=64416"}],"curies":[{"name":"wp","href":"https:\/\/api.w.org\/{rel}","templated":true}]}}