{"id":64418,"date":"2019-10-15T13:04:47","date_gmt":"2019-10-15T17:04:47","guid":{"rendered":"https:\/\/linitiative.ca\/International\/11e-fcims-a-alger-la-coree-du-sud-litalie-la-turquie-et-lautriche-a-lhonneur\/"},"modified":"2019-10-15T13:04:47","modified_gmt":"2019-10-15T17:04:47","slug":"11e-fcims-a-alger-la-coree-du-sud-litalie-la-turquie-et-lautriche-a-lhonneur","status":"publish","type":"post","link":"https:\/\/linitiative.ca\/International\/11e-fcims-a-alger-la-coree-du-sud-litalie-la-turquie-et-lautriche-a-lhonneur\/","title":{"rendered":"11e Fcims \u00e0 Alger: La Cor\u00e9e du Sud, l&rsquo;Italie, la Turquie et l&rsquo;Autriche \u00e0 l&rsquo;honneur"},"content":{"rendered":"<div readability=\"39\">\n<p><strong>ALGER- Un concert de musique d\u00e9di\u00e9 au chant lyrique et aux pi\u00e8ces pour instruments \u00e0 cordes a \u00e9t\u00e9 anim\u00e9 lundi soir \u00e0 Alger par des ensembles de Cor\u00e9e du Sud, d&rsquo;Italie, de Turquie et d&rsquo;Autriche, au plaisir\u00a0d&rsquo;un public venu nombreux appr\u00e9cier les \u0153uvres de c\u00e9l\u00e8bres compositeurs et arrangeurs, inscrites au programme du 11e Festival culturel international de musique symphonique (Fcims).<\/strong><\/p>\n<\/div>\n<div readability=\"152\">\n<p>Un duo, un trio, un quatuor et un quintet, respectivement, se sont succ\u00e9d\u00e9 pr\u00e8s de deux heures durant, sur la sc\u00e8ne de l\u2019Op\u00e9ra d\u2019Alger Boualem-Bessa\u00efh , pr\u00e9sentant au public des programmes vari\u00e9s de diff\u00e9rentes \u00e9poques de la musique universelle, ainsi que d&rsquo;autres plus contemporains.<\/p>\n<p>Pour la premi\u00e8re fois \u00e0 Alger, l\u2019ensemble, \u00ab\u00a0Duo cor\u00e9en\u00a0\u00bb, compos\u00e9 par la pianiste Eunji Han et la cantatrice soprano Hyeyoung Kim, a s\u00e9duit le public avec une vari\u00e9t\u00e9 de pi\u00e8ces \u00e9crites par de grands compositeurs, Claude Debussy, R. Strauss, F. Obradros, G. Donizetti, Charles Gounod et L\u00e9onard Bernstein notamment.<\/p>\n<p>Avec une voix suave et cristalline, Hyeyoung Kim a enchant\u00e9 l&rsquo;assistance, faisant montre de ses grandes capacit\u00e9s \u00e0 atteindre, avec aisance, des notes aux degr\u00e9s les plus aigues, soutenue par Eunji Han, une virtuose du piano qui a \u00e9galement \u00e9tal\u00e9 tout son savoir faire, au plaisir des spectateurs qui ont longtemps applaudi les deux artistes.<\/p>\n<blockquote readability=\"15\">\n<p><strong>La soprano Barbara Favali, le t\u00e9nor Enrico Zagni, et le pianiste Carlo Ardizzoni, formant le \u00ab\u00a0Trio italien\u00a0\u00bb, ont livr\u00e9 une prestation de haute facture, interpr\u00e9tant une quinzaine de pi\u00e8ces courtes, de C. Lombardo, F. Lahr et une s\u00e9rie de Chants puis\u00e9s du terroir et de la tradition italienne.\u00a0\u00a0\u00a0\u00a0\u00a0\u00a0\u00a0\u00a0\u00a0<\/strong><\/p>\n<\/blockquote>\n<p>Se donnant la r\u00e9plique dans des atmosph\u00e8res d&rsquo;op\u00e9ra, o\u00f9 l&rsquo;\u00e9motion est exprim\u00e9e par le lyrisme et le mouvement, les deux vocalistes, apparemment \u00ab\u00a0habit\u00e9s\u00a0\u00bb par les r\u00f4les qu&rsquo;ils incarnaient, jouaient leurs personnages respectifs, sur des airs que le pianiste Carlo Ardizzoni interpr\u00e9tait avec virtuosit\u00e9 et que la cantatrice et son partenaire, chantaient avec des voix pr\u00e9sentes, aux tessitures larges.<\/p>\n<p>Dans une toute autre ambiance, le quatuor turc, \u00ab\u00a0Ensemble CSO Cello Quartet\u00a0\u00bb, repr\u00e9sent\u00e9 par les violoncellistes, Ibrahim Aydogdu, Yigit Tan, Yaz Irmak et Omar Sengler,\u00a0 a embarqu\u00e9 l&rsquo;assistance dans un voyage onirique, \u00e0 travers une dizaine de pi\u00e8ces des plus contemporaines, con\u00e7ues dans diff\u00e9rents styles de musiques par des compositeurs de renom.<\/p>\n<p>Parmi les compositeurs et les pi\u00e8ces que le quatuor turc a choisi d&rsquo;interpr\u00e9ter, L&rsquo;Italien Enio Morricone et la pi\u00e8ce qu&rsquo;il a compos\u00e9e pour le c\u00e9l\u00e8bre film western \u00ab\u00a0Le bon, la brute et le truand\u00a0\u00bb, \u00ab\u00a0Bohemian Rhapsody\u00a0\u00bb du grand Fredy Mercury, chanteur du groupe anglais mythique, \u00ab\u00a0The Queen\u00a0\u00bb, \u00ab\u00a0Oblivion\u00a0\u00bb de A. Piazzola, \u00ab\u00a0Moon River\u00a0\u00bb de H. Mancini, \u00ab\u00a0Lorca tango\u00a0\u00bb de T. Erdener, ou encore, \u00ab\u00a0Austrias\u00a0\u00bb, partition d&rsquo;une difficult\u00e9 aigue, \u00e9crite par L. Albaniz pour guitare et brillamment reprise par le quatuor de violoncelles.<\/p>\n<blockquote readability=\"15\">\n<p><strong>Longtemps applaudi par le public, l'\u00a0\u00bbEnsemble CSO Cello Quartet\u00a0\u00bb a ensuite c\u00e9d\u00e9 la sc\u00e8ne au quintet autrichien, \u00ab\u00a0Concilium Musicum Wien\u00a0\u00bb qui, dans un r\u00e9pertoire plus apais\u00e9, a ex\u00e9cut\u00e9 une dizaine de pi\u00e8ces, dont, les quatre mouvements de \u00ab\u00a0Divertissement\u00a0\u00bb de J. Haydn, \u00ab\u00a0Salon Polka\u00a0\u00bb de J. Strauss\u00a0(p\u00e8re) et \u00ab\u00a0Berceuse et danse pour violon\u00a0\u00bb de Paul Angerer.<\/strong><\/p>\n<\/blockquote>\n<p>Dans des atmosph\u00e8res empreintes de solennit\u00e9, les musiciens, Christoph Angerer (violon-alto), Milan Nikolic (violon), Bernhard Aichner (violoncelle), Damian Saul Posse Robles (contrebasse) et Robert Pinkl\u00a0(fl\u00fbte), formant le quintet autrichien, ont brill\u00e9 de ma\u00eetrise technique et de dext\u00e9rit\u00e9, faisant sentir la rigueur acad\u00e9mique des grandes \u00e9coles de musique.<\/p>\n<p>En pr\u00e9sence des ambassadeurs et repr\u00e9sentants des missions diplomatiques accr\u00e9dit\u00e9es \u00e0 Alger des quatre pays \u00e0 l\u2019affiche notamment, le public s\u2019est d\u00e9lect\u00e9 durant cette soir\u00e9e qui a r\u00e9uni diff\u00e9rents styles de musiques.<\/p>\n<p>\u00ab\u00a0Une soir\u00e9e magnifique, une musique de qualit\u00e9 et un public merveilleux\u00a0\u00bb, a tenu \u00e0 faire remarquer une spectatrice accompagn\u00e9e de ses deux enfants.<\/p>\n<p>Seize pays participent au 11e Festival culturel international de musique symphonique qui se poursuit jusqu\u2019au 17 octobre \u00e0 l&rsquo;Op\u00e9ra d&rsquo;Alger Boualem-Bessa\u00efh, avec au programme de la soir\u00e9e de mardi, la Su\u00e8de, le Japon et la Russie.<\/p>\n<\/div>\n<p>Auteur:<br \/>\n<a href=\"http:\/\/www.aps.dz\/culture\/95707-11e-fcims-a-alger-la-coree-du-sud-l-italie-la-turquie-et-l-autriche-a-l-honneur\">Cliquez ici pour lire l&rsquo;article depuis sa source.<\/a><\/p>\n","protected":false},"excerpt":{"rendered":"<p>ALGER- Un concert de musique d\u00e9di\u00e9 au chant lyrique et aux pi\u00e8ces pour instruments \u00e0 cordes a \u00e9t\u00e9 anim\u00e9 lundi soir \u00e0 Alger par des ensembles de Cor\u00e9e du Sud, d&rsquo;Italie, de Turquie et d&rsquo;Autriche, au plaisir\u00a0d&rsquo;un public venu nombreux appr\u00e9cier les \u0153uvres de c\u00e9l\u00e8bres compositeurs et arrangeurs, inscrites au programme du 11e Festival culturel [&hellip;]<\/p>\n","protected":false},"author":1790,"featured_media":0,"comment_status":"closed","ping_status":"closed","sticky":false,"template":"","format":"standard","meta":{"fifu_image_url":"","fifu_image_alt":"","footnotes":""},"categories":[53,79],"tags":[],"class_list":["post-64418","post","type-post","status-publish","format-standard","hentry","category-algerie","category-culture"],"_links":{"self":[{"href":"https:\/\/linitiative.ca\/International\/wp-json\/wp\/v2\/posts\/64418","targetHints":{"allow":["GET"]}}],"collection":[{"href":"https:\/\/linitiative.ca\/International\/wp-json\/wp\/v2\/posts"}],"about":[{"href":"https:\/\/linitiative.ca\/International\/wp-json\/wp\/v2\/types\/post"}],"author":[{"embeddable":true,"href":"https:\/\/linitiative.ca\/International\/wp-json\/wp\/v2\/users\/1790"}],"replies":[{"embeddable":true,"href":"https:\/\/linitiative.ca\/International\/wp-json\/wp\/v2\/comments?post=64418"}],"version-history":[{"count":0,"href":"https:\/\/linitiative.ca\/International\/wp-json\/wp\/v2\/posts\/64418\/revisions"}],"wp:attachment":[{"href":"https:\/\/linitiative.ca\/International\/wp-json\/wp\/v2\/media?parent=64418"}],"wp:term":[{"taxonomy":"category","embeddable":true,"href":"https:\/\/linitiative.ca\/International\/wp-json\/wp\/v2\/categories?post=64418"},{"taxonomy":"post_tag","embeddable":true,"href":"https:\/\/linitiative.ca\/International\/wp-json\/wp\/v2\/tags?post=64418"}],"curies":[{"name":"wp","href":"https:\/\/api.w.org\/{rel}","templated":true}]}}