{"id":64419,"date":"2019-10-15T07:00:00","date_gmt":"2019-10-15T11:00:00","guid":{"rendered":"https:\/\/linitiative.ca\/International\/les-etudiants-rejettent-le-projet-de-loi-des-hydrocarbures\/"},"modified":"2019-10-15T07:00:00","modified_gmt":"2019-10-15T11:00:00","slug":"les-etudiants-rejettent-le-projet-de-loi-des-hydrocarbures","status":"publish","type":"post","link":"https:\/\/linitiative.ca\/International\/les-etudiants-rejettent-le-projet-de-loi-des-hydrocarbures\/","title":{"rendered":"Les \u00e9tudiants rejettent le projet de loi des hydrocarbures"},"content":{"rendered":"<div id=\"originalText\" readability=\"53\">\n<p class=\"c10\">Pour la 34e semaine cons\u00e9cutive, les \u00e9tudiants d\u00e9filent \u00e0 Alger ce mardi matin pour d\u00e9noncer le projet de loi sur les hydrocarbures et rejeter la tenue de l\u2019\u00e9lection pr\u00e9sidentielle le 12 d\u00e9cembre prochain.<\/p>\n<p><iframe loading=\"lazy\" allow=\"accelerometer; autoplay; encrypted-media; gyroscope; picture-in-picture\" allowfullscreen=\"\" frameborder=\"0\" height=\"315\" src=\"https:\/\/www.youtube.com\/embed\/wfkdYN1-izE\" width=\"560\">[embedded content]<\/iframe><\/p>\n<p class=\"c10\">\u00ab La loi des hydrocarbures \u00e0 la poubelle \u00bb,\u00a0 \u00ab\u00a0 \u00c9tat civile et non militaire \u00bb,\u00ab l\u2019Alg\u00e9rie aura son ind\u00e9pendance \u00bb, sont autant de slogans scand\u00e9s par les manifestants. Ils ont \u00e9galement r\u00e9clam\u00e9 la lib\u00e9ration des d\u00e9tenus \u00ab qui ne sont pas des dealers \u00bb, ont-ils entonn\u00e9.<\/p>\n<p><iframe loading=\"lazy\" allow=\"accelerometer; autoplay; encrypted-media; gyroscope; picture-in-picture\" allowfullscreen=\"\" frameborder=\"0\" height=\"315\" src=\"https:\/\/www.youtube.com\/embed\/v9SBwtntjtE\" width=\"560\">[embedded content]<\/iframe><\/p>\n<p class=\"c10\">Cette manifestation a d\u00e9marr\u00e9 vers 10h heures de la Place des Martyrs pour s&rsquo;achever en d\u00e9but d&rsquo;apr\u00e8s midi \u00e0 la Grande Poste, en passant par la rue Larbi Ben M\u2019hidi, l\u2019avenue Pasteur et la Place Audin lieu habituel de convergence des marches depuis f\u00e9vrier dernier. Jeunes, travailleurs et retrait\u00e9s se sont joint \u00e0 cette manifestation, comme ils l\u2019ont promis lors de la marche du vendredi dernier, o\u00f9 ils ont cri\u00e9 en ch\u0153ur : \u00ab le mardi on marchera avec les \u00e9tudiants.<\/p>\n<p class=\"c10\"><img decoding=\"async\" alt=\"\" src=\"\/data\/upload\/72438498_2294192657376691_6539812612740218880_n.jpg\" class=\"c11\"\/><\/p>\n<p class=\"c13\"><span class=\"c12\">\u00a9Sihem BENMALEK<\/span><\/p>\n<p class=\"c14\"><strong>Im\u00e8ne AMOKRANE<\/strong><\/p>\n<\/div>\n<div id=\"text_core\" readability=\"53\">\n<p class=\"c10\">Pour la 34e semaine cons\u00e9cutive, les \u00e9tudiants d\u00e9filent \u00e0 Alger ce mardi matin pour d\u00e9noncer le projet de loi sur les hydrocarbures et rejeter la tenue de l\u2019\u00e9lection pr\u00e9sidentielle le 12 d\u00e9cembre prochain.<\/p>\n<p><iframe loading=\"lazy\" allow=\"accelerometer; autoplay; encrypted-media; gyroscope; picture-in-picture\" allowfullscreen=\"\" frameborder=\"0\" height=\"315\" src=\"https:\/\/www.youtube.com\/embed\/wfkdYN1-izE\" width=\"560\">[embedded content]<\/iframe><\/p>\n<p class=\"c10\">\u00ab La loi des hydrocarbures \u00e0 la poubelle \u00bb,\u00a0 \u00ab\u00a0 \u00c9tat civile et non militaire \u00bb,\u00ab l\u2019Alg\u00e9rie aura son ind\u00e9pendance \u00bb, sont autant de slogans scand\u00e9s par les manifestants. Ils ont \u00e9galement r\u00e9clam\u00e9 la lib\u00e9ration des d\u00e9tenus \u00ab qui ne sont pas des dealers \u00bb, ont-ils entonn\u00e9.<\/p>\n<p><iframe loading=\"lazy\" allow=\"accelerometer; autoplay; encrypted-media; gyroscope; picture-in-picture\" allowfullscreen=\"\" frameborder=\"0\" height=\"315\" src=\"https:\/\/www.youtube.com\/embed\/v9SBwtntjtE\" width=\"560\">[embedded content]<\/iframe><\/p>\n<p class=\"c10\">Cette manifestation a d\u00e9marr\u00e9 vers 10h heures de la Place des Martyrs pour s&rsquo;achever en d\u00e9but d&rsquo;apr\u00e8s midi \u00e0 la Grande Poste, en passant par la rue Larbi Ben M\u2019hidi, l\u2019avenue Pasteur et la Place Audin lieu habituel de convergence des marches depuis f\u00e9vrier dernier. Jeunes, travailleurs et retrait\u00e9s se sont joint \u00e0 cette manifestation, comme ils l\u2019ont promis lors de la marche du vendredi dernier, o\u00f9 ils ont cri\u00e9 en ch\u0153ur : \u00ab le mardi on marchera avec les \u00e9tudiants.<\/p>\n<p class=\"c10\"><img decoding=\"async\" alt=\"\" src=\"\/data\/upload\/72438498_2294192657376691_6539812612740218880_n.jpg\" class=\"c11\"\/><\/p>\n<p class=\"c13\"><span class=\"c12\">\u00a9Sihem BENMALEK<\/span><\/p>\n<p class=\"c14\"><strong>Im\u00e8ne AMOKRANE<\/strong><\/p>\n<\/div>\n<p>Auteur:<br \/>\n<a href=\"https:\/\/www.liberte-algerie.com\/actualite\/les-etudiants-rejettent-le-projet-de-loi-des-hydrocarbures-326047\">Cliquez ici pour lire l&rsquo;article depuis sa source.<\/a><\/p>\n","protected":false},"excerpt":{"rendered":"<p>Pour la 34e semaine cons\u00e9cutive, les \u00e9tudiants d\u00e9filent \u00e0 Alger ce mardi matin pour d\u00e9noncer le projet de loi sur les hydrocarbures et rejeter la tenue de l\u2019\u00e9lection pr\u00e9sidentielle le 12 d\u00e9cembre prochain. [embedded content] \u00ab La loi des hydrocarbures \u00e0 la poubelle \u00bb,\u00a0 \u00ab\u00a0 \u00c9tat civile et non militaire \u00bb,\u00ab l\u2019Alg\u00e9rie aura son ind\u00e9pendance [&hellip;]<\/p>\n","protected":false},"author":1742,"featured_media":64420,"comment_status":"closed","ping_status":"closed","sticky":false,"template":"","format":"standard","meta":{"fifu_image_url":"","fifu_image_alt":"","footnotes":""},"categories":[73,53],"tags":[],"class_list":["post-64419","post","type-post","status-publish","format-standard","has-post-thumbnail","hentry","category-actualite","category-algerie"],"_links":{"self":[{"href":"https:\/\/linitiative.ca\/International\/wp-json\/wp\/v2\/posts\/64419","targetHints":{"allow":["GET"]}}],"collection":[{"href":"https:\/\/linitiative.ca\/International\/wp-json\/wp\/v2\/posts"}],"about":[{"href":"https:\/\/linitiative.ca\/International\/wp-json\/wp\/v2\/types\/post"}],"author":[{"embeddable":true,"href":"https:\/\/linitiative.ca\/International\/wp-json\/wp\/v2\/users\/1742"}],"replies":[{"embeddable":true,"href":"https:\/\/linitiative.ca\/International\/wp-json\/wp\/v2\/comments?post=64419"}],"version-history":[{"count":0,"href":"https:\/\/linitiative.ca\/International\/wp-json\/wp\/v2\/posts\/64419\/revisions"}],"wp:featuredmedia":[{"embeddable":true,"href":"https:\/\/linitiative.ca\/International\/wp-json\/"}],"wp:attachment":[{"href":"https:\/\/linitiative.ca\/International\/wp-json\/wp\/v2\/media?parent=64419"}],"wp:term":[{"taxonomy":"category","embeddable":true,"href":"https:\/\/linitiative.ca\/International\/wp-json\/wp\/v2\/categories?post=64419"},{"taxonomy":"post_tag","embeddable":true,"href":"https:\/\/linitiative.ca\/International\/wp-json\/wp\/v2\/tags?post=64419"}],"curies":[{"name":"wp","href":"https:\/\/api.w.org\/{rel}","templated":true}]}}