{"id":64430,"date":"2019-10-14T14:13:01","date_gmt":"2019-10-14T18:13:01","guid":{"rendered":"https:\/\/linitiative.ca\/International\/lenivt-un-pole-dexcellence-pour-la-formation-des-cadres\/"},"modified":"2019-10-14T14:13:01","modified_gmt":"2019-10-14T18:13:01","slug":"lenivt-un-pole-dexcellence-pour-la-formation-des-cadres","status":"publish","type":"post","link":"https:\/\/linitiative.ca\/International\/lenivt-un-pole-dexcellence-pour-la-formation-des-cadres\/","title":{"rendered":"L\u2019ENIVT, un p\u00f4le d\u2019excellence pour la formation des cadres"},"content":{"rendered":"<div readability=\"38\">\n<p><strong>Tlemcen &#8211; L\u2019Ecole nationale des ing\u00e9nieurs de la ville de Tlemcen constitue un p\u00f4le d\u2019excellence sp\u00e9cialis\u00e9 dans la formation de cadres techniques conscients des d\u00e9fis de l\u2019avenir et \u00e0 m\u00eame d\u2019am\u00e9liorer les services au profit du citoyen, a indiqu\u00e9 lundi \u00e0 Tlemcen le ministre de l\u2019Int\u00e9rieur, des Collectivit\u00e9s locales et de l\u2019Am\u00e9nagement du territoire, Salah Eddine Dahmoune.<\/strong><\/p>\n<\/div>\n<div readability=\"85.5398541287\">\n<p>S&rsquo;adressant aux responsables locaux, \u00e0 l\u2019encadrement et aux stagiaires de cette \u00e9cole ouverte l\u2019ann\u00e9e pass\u00e9e, M. Dahmoune a soulign\u00e9 que l\u2019expansion urbanistique des diff\u00e9rentes villes a rendu indispensable la cr\u00e9ation d\u2019un espace de formation de cadres susceptibles de relever les d\u00e9fis dans l\u2019optique de concr\u00e9tiser les politiques des collectivit\u00e9s locales et notamment dans les domaines de l\u2019am\u00e9nagement urbain et la gestion technique et environnementale.<\/p>\n<blockquote readability=\"10\">\n<p><em><strong>\u00ab\u00a0Notre d\u00e9partement a trac\u00e9 une strat\u00e9gie de d\u00e9veloppement local contenant divers programmes au profit des zones rurales et frontali\u00e8res par le biais d\u2019octroi de ressources financi\u00e8res n\u00e9cessaires afin d\u2019\u00e9radiquer les d\u00e9s\u00e9quilibres de d\u00e9veloppement entre diverses r\u00e9gions du pays\u00a0\u00bb, a d\u00e9clar\u00e9 le ministre, en visite de travail de deux jours \u00e0 Tlemcen.<\/strong><\/em><\/p>\n<\/blockquote>\n<p>Accompagn\u00e9 des directeurs g\u00e9n\u00e9raux de la S\u00fbret\u00e9 nationale et de la Protection civile, le ministre\u00a0 a soulign\u00e9, que l\u2019inauguration de cette \u00e9cole nationale baptis\u00e9e au nom du d\u00e9funt \u00ab\u00a0Docteur Abdelmajid Meziane\u00a0\u00bb comme celle de l\u2019Acad\u00e9mie de police de S\u00e9tif la semaine pr\u00e9c\u00e9dente s\u2019inscrit ainsi dans cette strat\u00e9gie de formation, adopt\u00e9e par le minist\u00e8re de l\u2019int\u00e9rieur visant \u00e0 \u00e9largir le r\u00e9seau de formation qui sera prochainement renforc\u00e9 par d\u2019autres infrastructures de formation qui seront soutenues par la plate forme virtuelle de formation \u00e0 distance.<\/p>\n<p>Dans ce cadre, il a rappel\u00e9 le fonds de solidarit\u00e9 et de garantie des collectivit\u00e9s locales qui a contribu\u00e9 par une enveloppe estim\u00e9e \u00e0 600 milliards DA durant les trois derni\u00e8res ann\u00e9es afin de r\u00e9pondre aux besoins des citoyens en mati\u00e8re d\u2019infrastructures de proximit\u00e9 (raccordement aux r\u00e9seaux d\u2019\u00e9lectricit\u00e9, de gaz et d\u2019AEP, l\u2019am\u00e9lioration des conditions de scolarisation avec un programme de restauration et de r\u00e9novation de 19.000 \u00e9coles primaires \u00e0 l\u2019horizon 2020 et la g\u00e9n\u00e9ralisation de l\u2019utilisation de l\u2019\u00e9nergie renouvelable dans les nouvelles structures publiques.<\/p>\n<blockquote readability=\"9\">\n<p><em><strong>Pour le ministre, cette plateforme mise en service lundi \u00ab\u00a0constitue le fruit des efforts du secteur visant \u00e0 se moderniser et \u00e0 exploiter les TIC dans le but de rationaliser les d\u00e9penses et de rapprocher la formation du maximum de fonctionnaires\u00a0\u00bb, a-t-il d\u00e9clar\u00e9.<\/strong><\/em><\/p>\n<\/blockquote>\n<hr\/>\n<h3>Lire aussi:\u00a0<a href=\"http:\/\/www.aps.dz\/sante-science-technologie\/95671-universite-vers-la-satisfaction-des-exigences-de-l-environnement-socio-economique\" target=\"_blank\" rel=\"noopener noreferrer\">Universit\u00e9: vers la satisfaction des exigences de l\u2019environnement socio-\u00e9conomique<\/a><\/h3>\n<hr\/>\n<p>Le secteur de l\u2019int\u00e9rieur a programm\u00e9 un plan ambitieux pour les trois ann\u00e9es \u00e0 venir qui vise \u00e0 substituer l\u2019\u00e9nergie ordinaire polluante par l\u2019utilisation de l\u2019\u00e9nergie renouvelable notamment dans les \u00e9coles, les mosqu\u00e9es et les rues, a-t-il indiqu\u00e9.<\/p>\n<p>Quelque 400 \u00e9coles primaires sont d\u00e9j\u00e0 dot\u00e9es d&rsquo;\u00e9quipements d\u2019\u00e9nergie renouvelable, a-t-il fait savoir, ajoutant par ailleurs que le minist\u00e8re de l\u2019int\u00e9rieur a trac\u00e9 une strat\u00e9gie qui comprend divers domaines de protection de la sant\u00e9 et l\u2019hygi\u00e8ne publique et l\u2019entretien et la r\u00e9alisation des espaces verts \u00e0 travers diverses communes.<\/p>\n<p>\u00ab\u00a0Le but \u00e0 travers tous ces programmes est de parvenir \u00e0 relancer le d\u00e9veloppement local et \u00e0 donner \u00e0 nos villes une nouvelle image et \u00e0 r\u00e9pondre aux exigences de la modernit\u00e9 et aux besoins de la population\u00a0\u00bb, a encore soulign\u00e9 Salah Eddine Dahmoune.<\/p>\n<p>Le ministre a proc\u00e9d\u00e9 ensuite \u00e0 l\u2019inauguration du centre de lutte contre le cancer de Chetouane baptis\u00e9 au nom du d\u00e9funt pr\u00e9sident \u00ab\u00a0Ahmed Benbella\u00a0\u00bb avant de visiter une nouvelle unit\u00e9 industrielle priv\u00e9e sp\u00e9cialis\u00e9e dans la transformation m\u00e9tallique et galvanisation implant\u00e9e \u00e0 Ain Fezza.<\/p>\n<p>La premi\u00e8re journ\u00e9e de cette visite a \u00e9t\u00e9 cl\u00f4tur\u00e9e par une s\u00e9ri\u00e9 d\u2019inaugurations de diverses structures administratives, \u00e9ducatives et sportives implant\u00e9es le long de la bande frontali\u00e8re de la wilaya de Tlemcen.<\/p>\n<\/div>\n<p>Auteur:<br \/>\n<a href=\"http:\/\/www.aps.dz\/regions\/95693-l-enivt-un-pole-d-excellence-pour-la-formation-des-cadres\">Cliquez ici pour lire l&rsquo;article depuis sa source.<\/a><\/p>\n","protected":false},"excerpt":{"rendered":"<p>Tlemcen &#8211; L\u2019Ecole nationale des ing\u00e9nieurs de la ville de Tlemcen constitue un p\u00f4le d\u2019excellence sp\u00e9cialis\u00e9 dans la formation de cadres techniques conscients des d\u00e9fis de l\u2019avenir et \u00e0 m\u00eame d\u2019am\u00e9liorer les services au profit du citoyen, a indiqu\u00e9 lundi \u00e0 Tlemcen le ministre de l\u2019Int\u00e9rieur, des Collectivit\u00e9s locales et de l\u2019Am\u00e9nagement du territoire, Salah [&hellip;]<\/p>\n","protected":false},"author":1790,"featured_media":0,"comment_status":"closed","ping_status":"closed","sticky":false,"template":"","format":"standard","meta":{"fifu_image_url":"","fifu_image_alt":"","footnotes":""},"categories":[53,76],"tags":[],"class_list":["post-64430","post","type-post","status-publish","format-standard","hentry","category-algerie","category-regions"],"_links":{"self":[{"href":"https:\/\/linitiative.ca\/International\/wp-json\/wp\/v2\/posts\/64430","targetHints":{"allow":["GET"]}}],"collection":[{"href":"https:\/\/linitiative.ca\/International\/wp-json\/wp\/v2\/posts"}],"about":[{"href":"https:\/\/linitiative.ca\/International\/wp-json\/wp\/v2\/types\/post"}],"author":[{"embeddable":true,"href":"https:\/\/linitiative.ca\/International\/wp-json\/wp\/v2\/users\/1790"}],"replies":[{"embeddable":true,"href":"https:\/\/linitiative.ca\/International\/wp-json\/wp\/v2\/comments?post=64430"}],"version-history":[{"count":0,"href":"https:\/\/linitiative.ca\/International\/wp-json\/wp\/v2\/posts\/64430\/revisions"}],"wp:attachment":[{"href":"https:\/\/linitiative.ca\/International\/wp-json\/wp\/v2\/media?parent=64430"}],"wp:term":[{"taxonomy":"category","embeddable":true,"href":"https:\/\/linitiative.ca\/International\/wp-json\/wp\/v2\/categories?post=64430"},{"taxonomy":"post_tag","embeddable":true,"href":"https:\/\/linitiative.ca\/International\/wp-json\/wp\/v2\/tags?post=64430"}],"curies":[{"name":"wp","href":"https:\/\/api.w.org\/{rel}","templated":true}]}}