{"id":64438,"date":"2019-10-15T08:58:00","date_gmt":"2019-10-15T12:58:00","guid":{"rendered":"https:\/\/linitiative.ca\/International\/le-street-art-outil-de-mise-en-valeur-des-espaces-urbains\/"},"modified":"2019-10-15T08:58:00","modified_gmt":"2019-10-15T12:58:00","slug":"le-street-art-outil-de-mise-en-valeur-des-espaces-urbains","status":"publish","type":"post","link":"https:\/\/linitiative.ca\/International\/le-street-art-outil-de-mise-en-valeur-des-espaces-urbains\/","title":{"rendered":"Le street art, outil de mise en valeur des espaces urbains"},"content":{"rendered":"<p><iframe loading=\"lazy\" width=\"1170\" height=\"658\" src=\"https:\/\/www.youtube.com\/embed\/9A8sVHeR_O0?feature=oembed\" frameborder=\"0\" allow=\"accelerometer; autoplay; encrypted-media; gyroscope; picture-in-picture\" allowfullscreen=\"\">[embedded content]<\/iframe><\/p>\n<div class=\"single-post-excerpt post-excerpt-bc\" readability=\"37\">\n<p>Les participants \u00e0 une table ronde sous le th\u00e8me \u00abStreet art : de l\u2019expression \u00e0 la transmission\u00bb, tenue dans le cadre de la 3\u00e8me \u00e9dition du Salon maghr\u00e9bin du livre \u00abLettres du Maghreb\u00bb \u00e0 Oujda, ont soulign\u00e9 le r\u00f4le du street art dans la mise en valeur des espaces urbains et le rapprochement de la culture aux citoyens.<\/p>\n<\/div>\n<p>Auteur: Soufiane ELAHMAR<br \/>\n<a href=\"http:\/\/www.mapoujda.ma\/fr\/le-street-art-outil-de-mise-en-valeur-des-espaces-urbains-video\/\">Cliquez ici pour lire l&rsquo;article depuis sa source.<\/a><\/p>\n","protected":false},"excerpt":{"rendered":"<p>[embedded content] Les participants \u00e0 une table ronde sous le th\u00e8me \u00abStreet art : de l\u2019expression \u00e0 la transmission\u00bb, tenue dans le cadre de la 3\u00e8me \u00e9dition du Salon maghr\u00e9bin du livre \u00abLettres du Maghreb\u00bb \u00e0 Oujda, ont soulign\u00e9 le r\u00f4le du street art dans la mise en valeur des espaces urbains et le rapprochement [&hellip;]<\/p>\n","protected":false},"author":1788,"featured_media":0,"comment_status":"closed","ping_status":"closed","sticky":false,"template":"","format":"standard","meta":{"fifu_image_url":"","fifu_image_alt":"","footnotes":""},"categories":[54,76],"tags":[],"class_list":["post-64438","post","type-post","status-publish","format-standard","hentry","category-maroc","category-regions"],"_links":{"self":[{"href":"https:\/\/linitiative.ca\/International\/wp-json\/wp\/v2\/posts\/64438","targetHints":{"allow":["GET"]}}],"collection":[{"href":"https:\/\/linitiative.ca\/International\/wp-json\/wp\/v2\/posts"}],"about":[{"href":"https:\/\/linitiative.ca\/International\/wp-json\/wp\/v2\/types\/post"}],"author":[{"embeddable":true,"href":"https:\/\/linitiative.ca\/International\/wp-json\/wp\/v2\/users\/1788"}],"replies":[{"embeddable":true,"href":"https:\/\/linitiative.ca\/International\/wp-json\/wp\/v2\/comments?post=64438"}],"version-history":[{"count":0,"href":"https:\/\/linitiative.ca\/International\/wp-json\/wp\/v2\/posts\/64438\/revisions"}],"wp:attachment":[{"href":"https:\/\/linitiative.ca\/International\/wp-json\/wp\/v2\/media?parent=64438"}],"wp:term":[{"taxonomy":"category","embeddable":true,"href":"https:\/\/linitiative.ca\/International\/wp-json\/wp\/v2\/categories?post=64438"},{"taxonomy":"post_tag","embeddable":true,"href":"https:\/\/linitiative.ca\/International\/wp-json\/wp\/v2\/tags?post=64438"}],"curies":[{"name":"wp","href":"https:\/\/api.w.org\/{rel}","templated":true}]}}