{"id":64439,"date":"2019-10-15T06:44:00","date_gmt":"2019-10-15T10:44:00","guid":{"rendered":"https:\/\/linitiative.ca\/International\/les-choregraphes-font-de-la-resistance\/"},"modified":"2019-10-15T06:44:00","modified_gmt":"2019-10-15T10:44:00","slug":"les-choregraphes-font-de-la-resistance","status":"publish","type":"post","link":"https:\/\/linitiative.ca\/International\/les-choregraphes-font-de-la-resistance\/","title":{"rendered":"Les chor\u00e9graphes font de la r\u00e9sistance"},"content":{"rendered":"<p class=\"rtejustify\">Les Rencontres chor\u00e9graphiques de Casablanca et son \u00abEscale Rbatia\u00bb, reviennent du 10 au 16 octobre 2019, avec de grands spectacles de r\u00e9f\u00e9rence artistique, promettant beaucoup de nouveaut\u00e9s et ceci en d\u00e9pit des contraintes et des difficult\u00e9s rencontr\u00e9es lors de l\u2019organisation de cette nouvelle \u00e9dition. En effet, la compagnie Col\u2019jam, organisatrice de l&rsquo;\u00e9v\u00e9nement, a d\u00fb batailler et multiplier les d\u00e9marches pour d\u00e9bloquer des aides \u00e9tatiques \u00e0 seulement une semaine du lancement du festival. La 5e \u00e9dition conna\u00eetra la participation d\u2019une quinzaine de compagnies internationales, soit 20 spectacles programm\u00e9s, 60 artistes marocains et \u00e9trangers, 15 professionnels et une centaine de danseurs de danse urbaine venus des quatre coins du Maroc pour pr\u00e9senter leurs performances au public dans des th\u00e9\u00e2tres, esplanades, jardins et espaces publique.<\/p>\n<p class=\"rtejustify\">\u00a0<\/p>\n<p>Auteur: hlafriqi<br \/>\n<a href=\"https:\/\/www.leconomiste.com\/article\/1051672-les-choregraphes-font-de-la-resistance\">Cliquez ici pour lire l&rsquo;article depuis sa source.<\/a><\/p>\n","protected":false},"excerpt":{"rendered":"<p>Les Rencontres chor\u00e9graphiques de Casablanca et son \u00abEscale Rbatia\u00bb, reviennent du 10 au 16 octobre 2019, avec de grands spectacles de r\u00e9f\u00e9rence artistique, promettant beaucoup de nouveaut\u00e9s et ceci en d\u00e9pit des contraintes et des difficult\u00e9s rencontr\u00e9es lors de l\u2019organisation de cette nouvelle \u00e9dition. En effet, la compagnie Col\u2019jam, organisatrice de l&rsquo;\u00e9v\u00e9nement, a d\u00fb batailler [&hellip;]<\/p>\n","protected":false},"author":1763,"featured_media":0,"comment_status":"closed","ping_status":"closed","sticky":false,"template":"","format":"standard","meta":{"fifu_image_url":"","fifu_image_alt":"","footnotes":""},"categories":[78,54],"tags":[],"class_list":["post-64439","post","type-post","status-publish","format-standard","hentry","category-economie","category-maroc"],"_links":{"self":[{"href":"https:\/\/linitiative.ca\/International\/wp-json\/wp\/v2\/posts\/64439","targetHints":{"allow":["GET"]}}],"collection":[{"href":"https:\/\/linitiative.ca\/International\/wp-json\/wp\/v2\/posts"}],"about":[{"href":"https:\/\/linitiative.ca\/International\/wp-json\/wp\/v2\/types\/post"}],"author":[{"embeddable":true,"href":"https:\/\/linitiative.ca\/International\/wp-json\/wp\/v2\/users\/1763"}],"replies":[{"embeddable":true,"href":"https:\/\/linitiative.ca\/International\/wp-json\/wp\/v2\/comments?post=64439"}],"version-history":[{"count":0,"href":"https:\/\/linitiative.ca\/International\/wp-json\/wp\/v2\/posts\/64439\/revisions"}],"wp:attachment":[{"href":"https:\/\/linitiative.ca\/International\/wp-json\/wp\/v2\/media?parent=64439"}],"wp:term":[{"taxonomy":"category","embeddable":true,"href":"https:\/\/linitiative.ca\/International\/wp-json\/wp\/v2\/categories?post=64439"},{"taxonomy":"post_tag","embeddable":true,"href":"https:\/\/linitiative.ca\/International\/wp-json\/wp\/v2\/tags?post=64439"}],"curies":[{"name":"wp","href":"https:\/\/api.w.org\/{rel}","templated":true}]}}