{"id":64440,"date":"2019-10-15T06:45:00","date_gmt":"2019-10-15T10:45:00","guid":{"rendered":"https:\/\/linitiative.ca\/International\/reminiscence-ii-quelques-ames-tantot-en-peine-tantot-enjouees\/"},"modified":"2019-10-15T06:45:00","modified_gmt":"2019-10-15T10:45:00","slug":"reminiscence-ii-quelques-ames-tantot-en-peine-tantot-enjouees","status":"publish","type":"post","link":"https:\/\/linitiative.ca\/International\/reminiscence-ii-quelques-ames-tantot-en-peine-tantot-enjouees\/","title":{"rendered":"R\u00e9miniscence II: Quelques \u00e2mes, tant\u00f4t en peine tant\u00f4t enjou\u00e9es"},"content":{"rendered":"<div readability=\"34\">\n<p>Une exposition jusqu&rsquo;au 25 octobre \u00e0 la galerie Mohamed El Fassi \u00e0 Rabat<\/p>\n<p>L\u2019artiste Ouafaa Benjelloun excelle dans la transparence et la lumi\u00e8re<\/p>\n<\/div>\n<div readability=\"101\">\n<div class=\"dnd-atom-wrapper type-image context-sdl_editor_representation atom-align-right\" contenteditable=\"false\" readability=\"31.5\">\n<div class=\"dnd-drop-wrapper image\"><img loading=\"lazy\" decoding=\"async\" typeof=\"foaf:Image\" class=\"img-responsive\" src=\"https:\/\/www.leconomiste.com\/sites\/default\/files\/eco7\/public\/thumbnails\/image\/reminiscence_ii_013.jpg\" width=\"454\" height=\"448\" alt=\"reminiscence_ii_013.jpg\" title=\"reminiscence_ii_013.jpg\"\/><\/div>\n<div class=\"dnd-legend-wrapper\" contenteditable=\"true\" readability=\"8\">\n<p class=\"rtejustify\">L\u2019artiste propose dans ce sens\u00a0 une abstraction lyrique sugg\u00e9rant des formes et des personnages vaporeux et immat\u00e9riels <em>(Ph. DR)<\/em><\/p>\n<\/div>\n<\/div>\n<p class=\"rtejustify\">L\u2019artiste Ouafaa Benjelloun\u00a0 a fait de la lumi\u00e8re son jeu favori. Dans ses \u0153uvres qu\u2019elle expose jusqu&rsquo;au\u00a0 25 octobre \u00e0 la galerie Mohamed El Fassi \u00e0 Rabat, les \u00e9l\u00e9ments de lumi\u00e8re sont omnipr\u00e9sents. Intitul\u00e9 \u00abR\u00e9miniscence II\u00bb, l\u2019\u00e9v\u00e8nement propose une s\u00e9rie d\u2019\u0153uvres de formats et techniques diff\u00e9rents. Le th\u00e8me \u00e9voque, selon les philosophes grecs, le r\u00e9tablissement de deux contradictions.<\/p>\n<p class=\"rtejustify\">La premi\u00e8re \u00e9tant comment l&rsquo;\u00eatre humain peut-il avoir une connaissance intime, parfaite et objective du r\u00e9el, puisqu&rsquo;il est soumis \u00e0 ne conna\u00eetre que par le biais de ses perceptions, et que ces perceptions ne sont en aucun cas les m\u00eames choses que leurs objets respectifs? La seconde \u00e9tant: comment le d\u00e9sir de connaissance peut-il avoir pour objet une chose dont il n&rsquo;a pas la moindre id\u00e9e, puisque manquant ce qu&rsquo;il cherche, il ne peut savoir ce que c&rsquo;est?<\/p>\n<p class=\"rtejustify\">Sans pour autant apporter des r\u00e9ponses \u00e0 ces deux probl\u00e9matiques universelles, l\u2019artiste propose dans ce sens\u00a0 une abstraction des plus lyriques, sugg\u00e9rant des formes et des personnages vaporeux et immat\u00e9riels, qui racontent, dans un concert de couleurs vives, l\u2019histoire de quelques \u00e2mes, tant\u00f4t en peine tant\u00f4t enjou\u00e9es.<\/p>\n<p class=\"rtejustify\">Des personnages \u00e9mergeant d\u2019une profondeur en arri\u00e8re-plan, au milieu d\u2019un brouillard, fait de couches successives de couleurs, en transparence, d\u2019un gris laiteux. L\u2019impression d\u2019irr\u00e9alit\u00e9 est toutefois compens\u00e9e par des tonalit\u00e9s des plus dynamiques allant du bleu Klein, au vert \u00e9meraude en passant par le rouge des plus puissants. A cela, quelques \u00e9l\u00e9ments de collage en papier donnent un relief int\u00e9ressant.<\/p>\n<p class=\"rtejustify\">Apr\u00e8s avoir longtemps travaill\u00e9 avec diff\u00e9rents mediums, tels que la sculpture et le vitrail, Ouafaa Benjelloun s\u2019est attaqu\u00e9e depuis quelque temps \u00e0 la peinture acrylique, qui donne \u00e0 ses travaux cette lumi\u00e8re particuli\u00e8re \u00abd\u2019o\u00f9 transpara\u00eet une gestuelle, toute en souplesse et en touches contrast\u00e9es, transparentes aux lumi\u00e8res et aux couleurs intenses\u00bb, comme le pr\u00e9cise Aziz Harti, psychologue et psychoth\u00e9rapeute, signant la pr\u00e9face du catalogue de l\u2019exposition.<\/p>\n<p class=\"rtejustify\">Sans \u00eatre une premi\u00e8re, l\u2019artiste ayant d\u00e9j\u00e0 accompli une exposition de la m\u00eame facture\u00a0 \u00e0 la galerie Nadar \u00e0 Casablanca en 2018,\u00a0 l\u2019exposition de Rabat semble \u00eatre l\u2019aboutissement d\u2019une exp\u00e9rience d\u2019o\u00f9 transpara\u00eet l&rsquo;expression spontan\u00e9e des forces de la nature et des mouvements de notre \u00e2me. Ouafaa Benjelloun vit et travaille \u00e0 Casablanca.<\/p>\n<p class=\"rtejustify\">Apr\u00e8s une licence en biologie, elle d\u00e9cide de s\u2019orienter vers la voie artistique et suit une formation \u00e0 l\u2019\u00c9cole technique d\u2019art plastique de Casablanca et se consacre pleinement \u00e0 la peinture. Elle encha\u00eene les expositions individuelles et collectives au Maroc (Casablanca, Rabat, Marrakech) et \u00e0 l\u2019\u00e9tranger (Paris\/France, Sarria\/Espagne, Perugia\/Italie&#8230;).<\/p>\n<p class=\"rtejustify\"><em>A.Bo<\/em><\/p>\n<\/div>\n<p>Auteur: hlafriqi<br \/>\n<a href=\"https:\/\/www.leconomiste.com\/article\/1051673-reminiscence-ii-quelques-ames-tantot-en-peine-tantot-enjouees\">Cliquez ici pour lire l&rsquo;article depuis sa source.<\/a><\/p>\n","protected":false},"excerpt":{"rendered":"<p>Une exposition jusqu&rsquo;au 25 octobre \u00e0 la galerie Mohamed El Fassi \u00e0 Rabat L\u2019artiste Ouafaa Benjelloun excelle dans la transparence et la lumi\u00e8re L\u2019artiste propose dans ce sens\u00a0 une abstraction lyrique sugg\u00e9rant des formes et des personnages vaporeux et immat\u00e9riels (Ph. DR) L\u2019artiste Ouafaa Benjelloun\u00a0 a fait de la lumi\u00e8re son jeu favori. Dans ses [&hellip;]<\/p>\n","protected":false},"author":1763,"featured_media":64441,"comment_status":"closed","ping_status":"closed","sticky":false,"template":"","format":"standard","meta":{"fifu_image_url":"","fifu_image_alt":"","footnotes":""},"categories":[78,54],"tags":[],"class_list":["post-64440","post","type-post","status-publish","format-standard","has-post-thumbnail","hentry","category-economie","category-maroc"],"_links":{"self":[{"href":"https:\/\/linitiative.ca\/International\/wp-json\/wp\/v2\/posts\/64440","targetHints":{"allow":["GET"]}}],"collection":[{"href":"https:\/\/linitiative.ca\/International\/wp-json\/wp\/v2\/posts"}],"about":[{"href":"https:\/\/linitiative.ca\/International\/wp-json\/wp\/v2\/types\/post"}],"author":[{"embeddable":true,"href":"https:\/\/linitiative.ca\/International\/wp-json\/wp\/v2\/users\/1763"}],"replies":[{"embeddable":true,"href":"https:\/\/linitiative.ca\/International\/wp-json\/wp\/v2\/comments?post=64440"}],"version-history":[{"count":0,"href":"https:\/\/linitiative.ca\/International\/wp-json\/wp\/v2\/posts\/64440\/revisions"}],"wp:featuredmedia":[{"embeddable":true,"href":"https:\/\/linitiative.ca\/International\/wp-json\/"}],"wp:attachment":[{"href":"https:\/\/linitiative.ca\/International\/wp-json\/wp\/v2\/media?parent=64440"}],"wp:term":[{"taxonomy":"category","embeddable":true,"href":"https:\/\/linitiative.ca\/International\/wp-json\/wp\/v2\/categories?post=64440"},{"taxonomy":"post_tag","embeddable":true,"href":"https:\/\/linitiative.ca\/International\/wp-json\/wp\/v2\/tags?post=64440"}],"curies":[{"name":"wp","href":"https:\/\/api.w.org\/{rel}","templated":true}]}}