{"id":64442,"date":"2019-10-15T07:00:00","date_gmt":"2019-10-15T11:00:00","guid":{"rendered":"https:\/\/linitiative.ca\/International\/le-nobel-de-la-paix\/"},"modified":"2019-10-15T07:00:00","modified_gmt":"2019-10-15T11:00:00","slug":"le-nobel-de-la-paix","status":"publish","type":"post","link":"https:\/\/linitiative.ca\/International\/le-nobel-de-la-paix\/","title":{"rendered":"Le Nobel de la paix"},"content":{"rendered":"<p class=\"rtejustify\">L\u2019attribution du prix Nobel de la paix au Premier ministre \u00e9thiopien Abiy Ahmed, pour son action en faveur du rapprochement de son pays avec l\u2019Erythr\u00e9e, a \u00e9t\u00e9 salu\u00e9e \u00e0 travers le monde.<br \/>Ag\u00e9 de 43 ans et au pouvoir depuis seulement 18 mois, le plus jeune dirigeant d\u2019Afrique fait face \u00e0 une inqui\u00e9tante flamb\u00e9e de violences intercommunautaires dans son pays. Des \u00e9lections l\u00e9gislatives sont cens\u00e9es y avoir lieu en mai 2020. Deuxi\u00e8me pays le plus peupl\u00e9 d\u2019Afrique avec quelque 110 millions d\u2019habitants, le plus souvent pauvres, l\u2019Ethiopie languit toujours \u00e0 la 128e place dans l\u2019indice de d\u00e9mocratie 2018 de l\u2019hebdomadaire britannique The Economist. Le Nobel, qui consiste en un dipl\u00f4me, une m\u00e9daille d\u2019or et un ch\u00e8que de 9 millions de couronnes su\u00e9doises (environ 830.000 euros), lui sera remis \u00e0 Oslo le 10 d\u00e9cembre.<\/p>\n<p class=\"rtejustify\">\u00a0<\/p>\n<p class=\"rtejustify\">\u00a0<\/p>\n<p>Auteur: hlafriqi<br \/>\n<a href=\"https:\/\/www.leconomiste.com\/article\/1051676-le-nobel-de-la-paix\">Cliquez ici pour lire l&rsquo;article depuis sa source.<\/a><\/p>\n","protected":false},"excerpt":{"rendered":"<p>L\u2019attribution du prix Nobel de la paix au Premier ministre \u00e9thiopien Abiy Ahmed, pour son action en faveur du rapprochement de son pays avec l\u2019Erythr\u00e9e, a \u00e9t\u00e9 salu\u00e9e \u00e0 travers le monde.Ag\u00e9 de 43 ans et au pouvoir depuis seulement 18 mois, le plus jeune dirigeant d\u2019Afrique fait face \u00e0 une inqui\u00e9tante flamb\u00e9e de violences [&hellip;]<\/p>\n","protected":false},"author":1763,"featured_media":0,"comment_status":"closed","ping_status":"closed","sticky":false,"template":"","format":"standard","meta":{"fifu_image_url":"","fifu_image_alt":"","footnotes":""},"categories":[78,54],"tags":[],"class_list":["post-64442","post","type-post","status-publish","format-standard","hentry","category-economie","category-maroc"],"_links":{"self":[{"href":"https:\/\/linitiative.ca\/International\/wp-json\/wp\/v2\/posts\/64442","targetHints":{"allow":["GET"]}}],"collection":[{"href":"https:\/\/linitiative.ca\/International\/wp-json\/wp\/v2\/posts"}],"about":[{"href":"https:\/\/linitiative.ca\/International\/wp-json\/wp\/v2\/types\/post"}],"author":[{"embeddable":true,"href":"https:\/\/linitiative.ca\/International\/wp-json\/wp\/v2\/users\/1763"}],"replies":[{"embeddable":true,"href":"https:\/\/linitiative.ca\/International\/wp-json\/wp\/v2\/comments?post=64442"}],"version-history":[{"count":0,"href":"https:\/\/linitiative.ca\/International\/wp-json\/wp\/v2\/posts\/64442\/revisions"}],"wp:attachment":[{"href":"https:\/\/linitiative.ca\/International\/wp-json\/wp\/v2\/media?parent=64442"}],"wp:term":[{"taxonomy":"category","embeddable":true,"href":"https:\/\/linitiative.ca\/International\/wp-json\/wp\/v2\/categories?post=64442"},{"taxonomy":"post_tag","embeddable":true,"href":"https:\/\/linitiative.ca\/International\/wp-json\/wp\/v2\/tags?post=64442"}],"curies":[{"name":"wp","href":"https:\/\/api.w.org\/{rel}","templated":true}]}}