{"id":64443,"date":"2019-10-15T07:15:00","date_gmt":"2019-10-15T11:15:00","guid":{"rendered":"https:\/\/linitiative.ca\/International\/syrie-loffensive-turque-suscite-un-tolle-international\/"},"modified":"2019-10-15T07:15:00","modified_gmt":"2019-10-15T11:15:00","slug":"syrie-loffensive-turque-suscite-un-tolle-international","status":"publish","type":"post","link":"https:\/\/linitiative.ca\/International\/syrie-loffensive-turque-suscite-un-tolle-international\/","title":{"rendered":"Syrie: L\u2019offensive turque suscite un toll\u00e9 international"},"content":{"rendered":"<div readability=\"37\">\n<p>Ligue arabe, ONU, Luxembourg\u2026 des r\u00e9unions d\u2019urgence<\/p>\n<p>Ankara rejette toute critique, l\u2019UE n\u2019accepte pas le chantage<\/p>\n<\/div>\n<div readability=\"79\">\n<p class=\"rtejustify\">ONU, UE, Ligue arabe\u2026 la situation en Syrie est tr\u00e8s pr\u00e9occupante. R\u00e9unis en urgence au Caire, les ministres des Affaires \u00e9trang\u00e8res de la Ligue arabe ont condamn\u00e9 les op\u00e9rations de la Turquie sur le territoire syrien. Ils ont r\u00e9clam\u00e9 des mesures urgentes qui comprendraient des actions diplomatiques et \u00e9conomiques ainsi qu\u2019une coop\u00e9ration militaire.\u00a0<\/p>\n<p class=\"rtejustify\">Ankara rejette toute critique. Pour ses dirigeants, \u00abl\u2019offensive turque vise la milice kurde syrienne des Unit\u00e9s de protection du peuple (YPG), qualifi\u00e9e de terroriste\u00bb. Les ministres des Affaires \u00e9trang\u00e8res irakien et libanais ont eux appel\u00e9 au retour de la Syrie au sein de l\u2019organisation panarabe. Damas y a \u00e9t\u00e9 suspendue en 2011 quelques mois apr\u00e8s le d\u00e9but du conflit.<\/p>\n<p class=\"rtejustify\">Vendredi dernier, des discussions ont eu lieu \u00e0 l\u2019ONU sur un texte am\u00e9ricain. Celui-ci vise \u00e0 demander \u00e0 la Turquie de revenir \u00e0 la diplomatie. Le projet r\u00e9clame \u00e9galement que toutes les parties prot\u00e8gent les civils et permettent un acc\u00e8s humanitaire durable. Il met en garde contre une reconstitution de l\u2019organisation terroriste Etat islamique (EI) et souligne qu\u2019un retour des r\u00e9fugi\u00e9s en Syrie ne peut se faire qu\u2019en s\u00e9curit\u00e9 et sur une base volontaire. Plusieurs diplomates ont soulign\u00e9 que son adoption d\u00e9pendait de la Russie.<\/p>\n<p class=\"rtejustify\">L\u2019UE affiche son impuissance apr\u00e8s l\u2019assaut turc. Aucun accord ne se dessine pour des sanctions, ont reconnu les repr\u00e9sentants des Etats membres. Ce sera le principal sujet des discussions des ministres des Affaires \u00e9trang\u00e8res aujourd\u2019hui lundi \u00e0 Luxembourg. Devant l\u2019escalade de la violence, les dirigeants europ\u00e9ens avaient mis en garde contre des cons\u00e9quences humanitaires d\u00e9sastreuses et une r\u00e9surgence du terrorisme.<\/p>\n<p class=\"rtejustify\">Le pr\u00e9sident turc Recep Tayyip Erdogan, dont le pays est membre de l\u2019Otan, persiste et signe. Il a menac\u00e9 de permettre \u00e0 des millions de r\u00e9fugi\u00e9s syriens de gagner l\u2019Europe si ses dirigeants continuent de critiquer une offensive \u00abconsid\u00e9r\u00e9e comme n\u00e9cessaire pour la s\u00e9curit\u00e9 de la Turquie\u00bb. Bruxelles n\u2019acceptera pas le chantage.<\/p>\n<p class=\"rtejustify\">\u00abAnkara doit comprendre que notre principale pr\u00e9occupation est que ses actions puissent conduire \u00e0 une autre catastrophe humanitaire, ce qui serait inacceptable\u00bb, a averti le pr\u00e9sident du Conseil de l\u2019UE, Donald Tusk, lors d\u2019une visite \u00e0 Chypre.<\/p>\n<p class=\"rtejustify\">La crise syrienne sera d\u00e9battue au Conseil europ\u00e9en organis\u00e9 les 17 et 18 octobre \u00e0 Bruxelles. En attendant, plusieurs pays dont la France et l\u2019Allemagne ont suspendu les exportations vers la Turquie de mat\u00e9riels de guerre susceptibles d\u2019\u00eatre employ\u00e9s en Syrie o\u00f9 les combats continuent de faire rage.<\/p>\n<p class=\"rtejustify\"><em>F. Z. T.<\/em><\/p>\n<p class=\"rtejustify\">\u00a0<\/p>\n<\/div>\n<p>Auteur: hlafriqi<br \/>\n<a href=\"https:\/\/www.leconomiste.com\/article\/1051677-syrie-l-offensive-turque-suscite-un-tolle-international\">Cliquez ici pour lire l&rsquo;article depuis sa source.<\/a><\/p>\n","protected":false},"excerpt":{"rendered":"<p>Ligue arabe, ONU, Luxembourg\u2026 des r\u00e9unions d\u2019urgence Ankara rejette toute critique, l\u2019UE n\u2019accepte pas le chantage ONU, UE, Ligue arabe\u2026 la situation en Syrie est tr\u00e8s pr\u00e9occupante. R\u00e9unis en urgence au Caire, les ministres des Affaires \u00e9trang\u00e8res de la Ligue arabe ont condamn\u00e9 les op\u00e9rations de la Turquie sur le territoire syrien. Ils ont r\u00e9clam\u00e9 [&hellip;]<\/p>\n","protected":false},"author":1763,"featured_media":0,"comment_status":"closed","ping_status":"closed","sticky":false,"template":"","format":"standard","meta":{"fifu_image_url":"","fifu_image_alt":"","footnotes":""},"categories":[78,54],"tags":[],"class_list":["post-64443","post","type-post","status-publish","format-standard","hentry","category-economie","category-maroc"],"_links":{"self":[{"href":"https:\/\/linitiative.ca\/International\/wp-json\/wp\/v2\/posts\/64443","targetHints":{"allow":["GET"]}}],"collection":[{"href":"https:\/\/linitiative.ca\/International\/wp-json\/wp\/v2\/posts"}],"about":[{"href":"https:\/\/linitiative.ca\/International\/wp-json\/wp\/v2\/types\/post"}],"author":[{"embeddable":true,"href":"https:\/\/linitiative.ca\/International\/wp-json\/wp\/v2\/users\/1763"}],"replies":[{"embeddable":true,"href":"https:\/\/linitiative.ca\/International\/wp-json\/wp\/v2\/comments?post=64443"}],"version-history":[{"count":0,"href":"https:\/\/linitiative.ca\/International\/wp-json\/wp\/v2\/posts\/64443\/revisions"}],"wp:attachment":[{"href":"https:\/\/linitiative.ca\/International\/wp-json\/wp\/v2\/media?parent=64443"}],"wp:term":[{"taxonomy":"category","embeddable":true,"href":"https:\/\/linitiative.ca\/International\/wp-json\/wp\/v2\/categories?post=64443"},{"taxonomy":"post_tag","embeddable":true,"href":"https:\/\/linitiative.ca\/International\/wp-json\/wp\/v2\/tags?post=64443"}],"curies":[{"name":"wp","href":"https:\/\/api.w.org\/{rel}","templated":true}]}}