{"id":64450,"date":"2019-10-15T15:14:04","date_gmt":"2019-10-15T19:14:04","guid":{"rendered":"https:\/\/linitiative.ca\/International\/equipe-dalgerie-carlos-queiroz-il-ne-faut-pas-oublier-quon-va-affronter-le-champion-dafrique-en-titre\/"},"modified":"2019-10-15T15:14:04","modified_gmt":"2019-10-15T19:14:04","slug":"equipe-dalgerie-carlos-queiroz-il-ne-faut-pas-oublier-quon-va-affronter-le-champion-dafrique-en-titre","status":"publish","type":"post","link":"https:\/\/linitiative.ca\/International\/equipe-dalgerie-carlos-queiroz-il-ne-faut-pas-oublier-quon-va-affronter-le-champion-dafrique-en-titre\/","title":{"rendered":"Equipe d&rsquo;Alg\u00e9rie : Carlos Queiroz \u00abIl ne faut pas oublier qu\u2019on va affronter le champion d\u2019Afrique en titre\u00bb"},"content":{"rendered":"<div readability=\"32\">\n<p>Auteur : <span>A. C.<\/span> <span class=\"time\">mardi 15 octobre 2019 17:55<\/span><\/p>\n<\/div>\n<div id=\"post_core\" readability=\"68\">\n<p>Pr\u00e9sent en conf\u00e9rence de presse, le s\u00e9lectionneur de la Colombie Carlos Queiroz a \u00e9voqu\u00e9 le match amical de ce soir contre l\u2019Alg\u00e9rie : \u00abIl y aura des changements dans l\u2019\u00e9quipe. Il ne faut pas oublier qu\u2019on doit donner des opportunit\u00e9s \u00e0 certains joueurs. Cependant, le match de ce mardi est un match auquel nous devons pr\u00eater attention car l\u2019Alg\u00e9rie est championne d\u2019Afrique. C\u2019est un adversaire qui nous aidera \u00e0 grandir.\u00bb<\/p>\n<p><strong>\u00abSon organisation et sa discipline dans le jeu font de l\u2019Alg\u00e9rie une grande \u00e9quipe\u00bb<\/strong><br \/>Le premier responsable de la s\u00e9lection colombienne, Carlos Queiroz, n\u2019a pas tari d\u2019\u00e9loges sur la s\u00e9lection alg\u00e9rienne : \u00abJe souligne la discipline de la s\u00e9lection alg\u00e9rienne, son organisation et son football moderne et tr\u00e8s offensif. L\u2019\u00e9quipe alg\u00e9rienne poss\u00e8de des joueurs fantastiques. Son organisation et sa discipline font de la s\u00e9lection alg\u00e9rienne une grande \u00e9quipe.\u00bb<\/p>\n<p><strong>\u00abL\u2019Alg\u00e9rie a amplement m\u00e9rit\u00e9 son sacre africain\u00bb<\/strong><br \/>Le s\u00e9lectionneur de la Colombie a f\u00e9licit\u00e9 l\u2019Alg\u00e9rie pour son sacre africain en Egypte : \u00abJe f\u00e9licite l\u2019\u00e9quipe d\u2019Alg\u00e9rie pour sa cons\u00e9cration \u00e0 la Coupe d\u2019Afrique. L\u2019Alg\u00e9rie a bien jou\u00e9 \u00e0 la CAN et a amplement m\u00e9rit\u00e9 son sacre. Elle a tr\u00e8s bien jou\u00e9, notamment contre le S\u00e9n\u00e9gal et le Nigeria.\u00bb<\/p>\n<p><strong>\u00abBelmadi est un entra\u00eeneur fantastique\u00bb<\/strong><br \/>L\u2019ancien adjoint de Sir Alex Ferguson \u00e0 Manchester United a \u00e9galement encens\u00e9 le s\u00e9lectionneur alg\u00e9rien, Djamel Belmadi : \u00abL\u2019Alg\u00e9rie poss\u00e8de un entra\u00eeneur fantastique. Il a r\u00e9ussi \u00e0 apporter beaucoup de discipline et d\u2019organisation au jeu de l\u2019\u00e9quipe alg\u00e9rienne.\u00bb\u00a0<\/p>\n<p><strong>\u00abJouer chez l\u2019Alg\u00e9rie va \u00eatre un d\u00e9fi suppl\u00e9mentaire pour nous\u00bb<\/strong><br \/>Interrog\u00e9 sur la pression qui pourra peser sur les \u00e9paules des Colombiens, en raison de la forte pr\u00e9sence, demain, des supporters alg\u00e9riens au stade Pierre-Mauroy de Lille, l\u2019ancien driver du Real Madrid a r\u00e9pondu : \u00abNous allons jouer en France, pas en Alg\u00e9rie. Est-ce que je m\u2019attends \u00e0 un stade avec 40 000 supporters alg\u00e9riens demain ? \u00c7a sera fantastique. En Am\u00e9rique du Sud, nous \u00e9voluons toujours sous une forte pression. C&rsquo;est une excellente occasion de travailler sous pression. C&rsquo;est un d\u00e9fi suppl\u00e9mentaire. Nous avons un grand groupe de joueurs qui jouent dans de grands clubs en Europe et qui savent jouer avec la pression. Jouer chez l&rsquo;Alg\u00e9rie va \u00eatre un d\u00e9fi suppl\u00e9mentaire pour nous (rires).\u00bb<br \/>\u00a0<\/p>\n<\/div>\n<p>Auteur:<br \/>\n<a href=\"http:\/\/www.lebuteur.com\/article\/detail?titre=carlos-queiroz-il-ne-faut-pas-oublier-quon-va-affronter-le-champion-dafrique-en-titre&#038;id=92335&#038;utm_source=feedburner&#038;utm_medium=feed&#038;utm_campaign=Feed%3A+GalerieFArtciles+%28Les+derniers+articles++-+lebuteur.com%29\">Cliquez ici pour lire l&rsquo;article depuis sa source.<\/a><\/p>\n","protected":false},"excerpt":{"rendered":"<p>Auteur : A. C. mardi 15 octobre 2019 17:55 Pr\u00e9sent en conf\u00e9rence de presse, le s\u00e9lectionneur de la Colombie Carlos Queiroz a \u00e9voqu\u00e9 le match amical de ce soir contre l\u2019Alg\u00e9rie : \u00abIl y aura des changements dans l\u2019\u00e9quipe. Il ne faut pas oublier qu\u2019on doit donner des opportunit\u00e9s \u00e0 certains joueurs. Cependant, le match [&hellip;]<\/p>\n","protected":false},"author":1738,"featured_media":64451,"comment_status":"closed","ping_status":"closed","sticky":false,"template":"","format":"standard","meta":{"fifu_image_url":"","fifu_image_alt":"","footnotes":""},"categories":[53,75],"tags":[],"class_list":["post-64450","post","type-post","status-publish","format-standard","has-post-thumbnail","hentry","category-algerie","category-sport"],"_links":{"self":[{"href":"https:\/\/linitiative.ca\/International\/wp-json\/wp\/v2\/posts\/64450","targetHints":{"allow":["GET"]}}],"collection":[{"href":"https:\/\/linitiative.ca\/International\/wp-json\/wp\/v2\/posts"}],"about":[{"href":"https:\/\/linitiative.ca\/International\/wp-json\/wp\/v2\/types\/post"}],"author":[{"embeddable":true,"href":"https:\/\/linitiative.ca\/International\/wp-json\/wp\/v2\/users\/1738"}],"replies":[{"embeddable":true,"href":"https:\/\/linitiative.ca\/International\/wp-json\/wp\/v2\/comments?post=64450"}],"version-history":[{"count":0,"href":"https:\/\/linitiative.ca\/International\/wp-json\/wp\/v2\/posts\/64450\/revisions"}],"wp:featuredmedia":[{"embeddable":true,"href":"https:\/\/linitiative.ca\/International\/wp-json\/"}],"wp:attachment":[{"href":"https:\/\/linitiative.ca\/International\/wp-json\/wp\/v2\/media?parent=64450"}],"wp:term":[{"taxonomy":"category","embeddable":true,"href":"https:\/\/linitiative.ca\/International\/wp-json\/wp\/v2\/categories?post=64450"},{"taxonomy":"post_tag","embeddable":true,"href":"https:\/\/linitiative.ca\/International\/wp-json\/wp\/v2\/tags?post=64450"}],"curies":[{"name":"wp","href":"https:\/\/api.w.org\/{rel}","templated":true}]}}