{"id":64452,"date":"2019-10-15T15:14:06","date_gmt":"2019-10-15T19:14:06","guid":{"rendered":"https:\/\/linitiative.ca\/International\/international-feghouli-belmadi-cest-du-tres-haut-niveau\/"},"modified":"2019-10-15T15:14:06","modified_gmt":"2019-10-15T19:14:06","slug":"international-feghouli-belmadi-cest-du-tres-haut-niveau","status":"publish","type":"post","link":"https:\/\/linitiative.ca\/International\/international-feghouli-belmadi-cest-du-tres-haut-niveau\/","title":{"rendered":"International : Feghouli \u00abBelmadi, c\u2019est du tr\u00e8s haut niveau\u00bb"},"content":{"rendered":"<div readability=\"32\">\n<p>Auteur : <span class=\"time\">mardi 15 octobre 2019 17:55<\/span><\/p>\n<\/div>\n<div id=\"post_core\" readability=\"155\">\n<p>Mardi soir \u00e0 21 heures, l&rsquo;Alg\u00e9rie va affronter la Colombie dans un stade Pierre- Mauroy qui affichera complet pour l&rsquo;occasion. Pour cette rencontre de gala, les Fennecs pourront compter sur Sofiane Feghouli. Pour Foot Mercato, ce cadre de l&rsquo;Equipe nationale revient sur l&rsquo;\u00e9t\u00e9 dor\u00e9 des Verts, vainqueurs de la Coupe d&rsquo;Afrique des nations. Il en a aussi profit\u00e9 pour \u00e9voquer la nouvelle g\u00e9n\u00e9ration alg\u00e9rienne qui monte en puissance ou encore l&rsquo;admiration qu&rsquo;il a pour Djamel Belmadi, bien plus qu&rsquo;un s\u00e9lectionneur aux yeux des joueurs. Entretien.<\/p>\n<p>\u00abOn veut gagner la CAN, on va prendre les matches les uns apr\u00e8s les autres en respectant tout le monde \u00bb, voici ce que vous nous aviez confi\u00e9 avant la comp\u00e9tition en juin dernier. Vous avez tenu parole en remportant la Coupe d\u2019Afrique des nations (entretien r\u00e9alis\u00e9 le 25 septembre).<br \/>C\u2019est toujours facile de parler, mais il est vrai qu\u2019on a parl\u00e9 et qu\u2019on a fait ce qu\u2019on a dit. Un grand bravo \u00e0 tous les joueurs qui ont particip\u00e9, qu\u2019ils aient beaucoup ou peu jou\u00e9. Tout le monde a \u00e9t\u00e9 essentiel dans cette victoire historique. Mais je tire surtout un grand coup de chapeau au staff technique qui a \u00e9t\u00e9 essentiel dans cette victoire, qui a su inculquer un \u00e9tat d\u2019esprit exceptionnel, qui a su faire jouer la concurrence qui \u00e9t\u00e9 d\u2019ailleurs saine, qui a su appeler les meilleurs joueurs du moment. Tactiquement, le staff a fait un travail \u00e9norme. Ils nous ont vraiment facilit\u00e9 la t\u00e2che. F\u00e9licitations \u00e0 eux mais aussi aux supporters qui sont venus nous soutenir en Egypte. Beaucoup d\u2019Alg\u00e9riens ont fait le d\u00e9placement \u00e0 leurs frais. Ce n\u2019est pas rien. Cette victoire est pour eux qui ont \u00e9t\u00e9 essentiels dans cette conqu\u00eate du deuxi\u00e8me titre continental.<br \/><strong>C\u2019\u00e9tait le 19 juillet dernier. R\u00e9alisez-vous aujourd\u2019hui ?<\/strong><br \/>Je n\u2019ai pratiquement pas coup\u00e9. J\u2019ai eu dix jours de vacances cette ann\u00e9e. Donc j\u2019ai d\u00fb me remettre tout de suite au travail. Je n\u2019ai pas eu vraiment de vacances donc je n\u2019ai pas vraiment r\u00e9alis\u00e9 \u00e0 l\u2019ext\u00e9rieur car j\u2019\u00e9tais concentr\u00e9 dans ma bulle. Je n\u2019avais pas le temps de savourer durant la comp\u00e9tition. Apr\u00e8s le tournoi, j\u2019ai essay\u00e9 de couper tout de suite pour me consacrer \u00e0 ma famille le peu de temps que j\u2019avais. Je n\u2019ai donc pas vraiment r\u00e9alis\u00e9 pour \u00eatre honn\u00eate. Mais je sais que j\u2019ai fait quelque chose d\u2019incroyable avec ma s\u00e9lection. J\u2019en suis fier. Je ne compte pas m\u2019arr\u00eater l\u00e0. A chaque rassemblement, je fais attention \u00e0 ce qu\u2019on ne se rel\u00e2che pas car on a encore de belles choses \u00e0 accomplir avec l\u2019Alg\u00e9rie.<br \/><strong>Qu\u2019avez-vous ressenti durant le tournoi et au moment de soulever ce troph\u00e9e ? Est-ce le plus beau moment de votre carri\u00e8re ?<\/strong><br \/>Oui, absolument. Gagner une CAN \u00e0 24 \u00e9quipes en Egypte en \u00e9t\u00e9 avec la chaleur, ce n\u2019\u00e9tait pas facile. C\u2019est quelque chose d\u2019hors norme. On a eu la meilleure attaque, la meilleure d\u00e9fense. \u00c7a veut tout dire. Gagner ce titre \u00e9tait un objectif quand j\u2019ai commenc\u00e9 en s\u00e9lection \u00e0 20-21 ans. J\u2019ai dit que j\u2019allais \u00e9crire ma propre histoire. L\u2019Equipe nationale \u00e9tait au plus mal. J\u2019avais dit que je viendrais en s\u00e9lection quand je pourrais apporter un plus \u00e0 cette \u00e9quipe. En 2014, j\u2019\u00e9tais tr\u00e8s fier car on s\u2019\u00e9tait qualifi\u00e9s en huiti\u00e8mes de finale. Donc, on l\u2019a fait. En 2019, gagner une Coupe d\u2019Afrique des nations \u00e0 24 \u00e9quipes \u00e0 l\u2019ext\u00e9rieur, c\u2019est fait. Je suis vraiment tr\u00e8s heureux pour la s\u00e9lection. Je n\u2019oublierais jamais ce 19 juillet pour ce qu\u2019on a accompli. On y est arriv\u00e9s gr\u00e2ce \u00e0 tout le monde. L\u2019\u00e9tat d\u2019esprit a \u00e9t\u00e9 remarquable. Partir pendant un mois et demi en comp\u00e9tition, tu ne vois pas trop ta famille, les joueurs ont \u00e9t\u00e9 tr\u00e8s professionnels. Quand vous \u00eates corrects et que vous travaillez, t\u00f4t ou tard vous \u00eates r\u00e9compens\u00e9s par Dieu. J\u2019en suis tr\u00e8s heureux.<br \/><strong>C\u2019est bien \u00e9videmment diff\u00e9rent, mais les joueurs de l\u2019\u00e9quipe de France avaient dit que leurs vies avaient chang\u00e9 en devenant champions du monde. Est-ce aussi le cas en devenant champion d\u2019Afrique ?<\/strong><br \/>Non. Ma femme et mes enfants, c\u2019est \u00e7a qui a chang\u00e9 ma vie. Gr\u00e2ce au foot, c\u2019est vrai que tu donnes de l\u2019\u00e9motion, tu pleures, tu rigoles. C\u2019est quelque chose d\u2019extraordinaire. Mais de l\u00e0 \u00e0 dire que \u00e7a a chang\u00e9 ma vie, non je n\u2019irais pas jusque-l\u00e0.<br \/><strong>Vous avez rendu hommage aux supporters des Fennecs. Ils vous avaient r\u00e9serv\u00e9s un accueil exceptionnel \u00e0 votre retour de la CAN. C\u2019\u00e9tait un moment fou \u00e0 vivre.<\/strong><br \/>C\u2019\u00e9tait incroyable. J\u2019avais v\u00e9cu notre retour du Mondial en 2014. L\u00e0 en 2019, je crois que c\u2019\u00e9tait encore mieux. Il y avait du monde de partout. Des enfants, des grand-m\u00e8res, des grands-p\u00e8res, des jeunes, etc. tout le monde \u00e9tait r\u00e9uni dans la rue pour crier, montrer sa joie et sa fiert\u00e9 d\u2019\u00eatre alg\u00e9rien. Il y avait de quoi&#8230; On a fait un parcours exceptionnel et je suis tr\u00e8s heureux que \u00e7a ait pu donner beaucoup de joie qui peut-\u00eatre passent des moments difficiles durant l\u2019ann\u00e9e. Sinc\u00e8rement, on a jou\u00e9 pour le peuple. Cette r\u00e9compense est pour nous exceptionnelle. En Alg\u00e9rie, l\u2019Equipe nationale, c\u2019est plus que du foot. \u00c7a a une histoire, notamment avec l\u2019\u00e9quipe du FLN. La s\u00e9lection est au premier plan pour les Alg\u00e9riens. Cette victoire est plus que du football. On en est ravis et fiers. On va tenter de continuer car on a une \u00e9quipe et un collectif tr\u00e8s fort. On peut accomplir de belles choses les prochaines ann\u00e9es.<br \/><strong>On a senti que la s\u00e9lection \u00e9tait avant tout un groupe de fr\u00e8res men\u00e9s par un a\u00een\u00e9 qui est Djamel Belmadi, est-ce que je me trompe ? Quelles \u00e9taient vos forces ?<\/strong><br \/>Djamel, c\u2019est lui qui est la base de tout. En dix mois, il a fait un travail remarquable. Humainement, il a le respect de tout le monde. Au niveau de son travail, c\u2019est carr\u00e9. On prend du plaisir aux entra\u00eenements. Au niveau de la comp\u00e9tence, c\u2019est du tr\u00e8s haut niveau, je peux le dire. Pas parce que j\u2019aime beaucoup Djamel et que c\u2019est mon coach. Non, j\u2019ai eu beaucoup d\u2019exp\u00e9rience et j\u2019ai connu beaucoup de coaches. Je peux vous dire que Djamel Belmadi, c\u2019est du tr\u00e8s haut niveau. Objectivement, tout le monde l\u2019appr\u00e9cie parce qu\u2019on sait qu\u2019il est correct, qu\u2019il a des principes et des valeurs. Il est droit. A partir du moment o\u00f9 la concurrence est saine, personne ne peut d\u00e9vier. Celui qui d\u00e9vie, il se met tout seul en dehors du groupe. Ce qui s\u2019est pass\u00e9 en s\u00e9lection cet \u00e9t\u00e9 est tout \u00e0 fait normal. Quand tu as un coach comp\u00e9tent, des joueurs de qualit\u00e9 et que tu f\u00e9d\u00e8res autour de toi, si t\u2019es bon et honn\u00eate, tu vas \u00eatre r\u00e9compens\u00e9 t\u00f4t ou tard. C\u2019est ce qui s\u2019est pass\u00e9.<br \/><strong>Votre coach a d\u2019ailleurs termin\u00e9 4\u00e8me au classement des entra\u00eeneurs Fifa de l\u2019ann\u00e9e. J\u2019imagine que c\u2019est une fiert\u00e9 pour vous tous&#8230;<\/strong><br \/>C\u2019est plus qu\u2019une fiert\u00e9. Personnellement, je suis trop fier d\u2019avoir un coach comme lui, qui est comp\u00e9tent, franc, direct et travailleur. Le connaissant lui, il ne court pas apr\u00e8s les troph\u00e9es individuels. Ce n\u2019est pas du tout son objectif. Pour lui, ce qui compte, c\u2019est le football et les troph\u00e9es collectifs. C\u2019est \u00e7a qu\u2019on retient. Lui est tr\u00e8s heureux de ce qu\u2019il a fait. Il a encore faim, il veut encore nous faire progresser car on sait qu\u2019on a encore une belle marge de progression. Il ne pense qu\u2019\u00e0 \u00e7a et attend chaque rassemblement avec impatience. Le peu de temps qu\u2019il a pour travailler est exploit\u00e9 au maximum. C\u2019est un honneur d\u2019avoir un coach comme \u00e7a. On est \u00e0 fond derri\u00e8re lui. On le suit.<br \/><strong>Quels sont les prochains objectifs \u00e0 atteindre ?<\/strong><br \/>Ce sont les qualifications pour la prochaine CAN et pour la Coupe du Monde. En tant que vainqueurs de la pr\u00e9c\u00e9dente \u00e9dition de la Coupe d\u2019Afrique, on doit tout faire pour se qualifier de nouveau. Ensuite, on va tenter de se qualifier pour le Mondial. On va essayer de progresser. \u00c7a va \u00eatre long et il y aura certainement des moments difficiles. Mais il faudra toujours rester ensemble et \u00eatre soud\u00e9s. On sait ce qu\u2019il faut faire pour gagner. On l\u2019a fait lors de la CAN. On sait aussi ce qu\u2019il ne faut pas faire comme lors de la pr\u00e9c\u00e9dente CAN en 2017. Ce qui nous a fait du mal \u00e0 nous et \u00e0 notre peuple. Il ne faut pas refaire \u00e7a. On a l\u2019exp\u00e9rience maintenant. Il faut toujours essayer de s\u2019am\u00e9liorer et conserver notre humilit\u00e9. C\u2019est ce qui fait la force des grandes \u00e9quipes.<br \/><strong>Vous avez \u00e9t\u00e9 rejoints par une nouvelle g\u00e9n\u00e9ration de Fennecs qui montent en puissance. Que pensez-vous d\u2019eux ?<\/strong><br \/>On a un groupe facile. Tout le monde est accueilli les bras grands ouverts. On a une jeune g\u00e9n\u00e9ration qui va faire parler d\u2019elle dans le futur si elle reste s\u00e9rieuse et professionnelle. Le potentiel d\u2019Adam Ounas, de Youcef Atal, de Ramy Bensebaini et d\u2019autres est de tr\u00e8s haut niveau. J\u2019esp\u00e8re que dans les ann\u00e9es \u00e0 venir, l\u2019Equipe nationale va perdurer au haut niveau. \u00c7a fait plaisir de voir jouer beaucoup de jeunes alg\u00e9riens dans de grands clubs. Par le pass\u00e9, je me souviens que s\u2019il y avait un ou deux Alg\u00e9riens, c\u2019\u00e9tait \u00e9norme. L\u00e0, on voit qu\u2019actuellement il y en a de partout. Quand j\u2019allume ma t\u00e9l\u00e9, je mets un coup Monaco, un coup Nice, la Serie A, la Liga, etc., \u00e7a fait vraiment plaisir. J\u2019esp\u00e8re que les futures g\u00e9n\u00e9rations, gr\u00e2ce au travail effectu\u00e9 par cette g\u00e9n\u00e9ration, vont pouvoir se dire qu\u2019elles aussi peuvent devenir professionnelles, faire de grandes choses et gagner une CAN. Si nous on l\u2019a fait, les autres peuvent le faire aussi. Il y a de futurs talents qui vont \u00e9clore les prochaines ann\u00e9es. On commence \u00e0 former des jeunes, notamment avec l\u2019acad\u00e9mie du Paradou en Alg\u00e9rie. C\u2019est un exemple pour le football alg\u00e9rien. Les autres clubs doivent s\u2019inspirer de \u00e7a. On a de jeunes talents dans les centres de formations en France. A eux de continuer comme \u00e7a pour faire de l\u2019Alg\u00e9rien un joueur de tr\u00e8s haut niveau, qu\u2019il ait une grosse cote. On sait que c\u2019est dur de venir jouer en Afrique, que pour certains leurs carri\u00e8res peuvent \u00eatre plus difficiles que s\u2019ils \u00e9taient dans une s\u00e9lection europ\u00e9enne, la reconnaissance, la joie et la fiert\u00e9 qu\u2019on vous donne, \u00e7a n\u2019a pas de prix. Quand vous croisez les supporters alg\u00e9riens dans la rue, l\u2019amour qu\u2019il vous donne c\u2019est mieux que de l\u2019argent.<br \/><strong>Parmi tous ces jeunes, Isma\u00ebl Bennacer a fait une entr\u00e9e fracassante en s\u00e9lection. Il a bluff\u00e9 tout le monde \u00e0 la CAN o\u00f9 il a termin\u00e9 meilleur joueur. Quel est votre regard sur lui ?<\/strong><br \/>Isma\u00ebl a une histoire bizarre. \u00c7a faisait un petit moment qu\u2019il \u00e9tait en s\u00e9lection mais il avait peu jou\u00e9 avant la CAN. Mais nous qui nous entra\u00eenons avec lui, on le connaissait depuis longtemps. On savait qu\u2019il avait un vrai talent. Il fallait juste lui faire de la place au milieu du terrain pour lui donner l\u2019occasion de jouer. Avec les m\u00e9formes et les mauvaises performances des joueurs qui \u00e9taient en place \u00e0 son poste, Djamel lui a donn\u00e9 sa chance et il a su la saisir. Il l\u2019a fait de fort belle mani\u00e8re. Isma, c\u2019est un petit fr\u00e8re, un gars \u00e9quilibr\u00e9 dans sa t\u00eate. C\u2019est quelqu\u2019un qui peut vraiment aller au tr\u00e8s haut niveau. Ce qui lui arrive est tout \u00e0 fait normal. Il a faim et il a envie de montrer qu\u2019il est un grand joueur. J\u2019esp\u00e8re qu\u2019il aura un avenir encore meilleur que moi ou les joueurs qui ont la trentaine bient\u00f4t. J\u2019esp\u00e8re qu\u2019il fera une grande carri\u00e8re, qu\u2019il jouera dans les meilleurs clubs du monde. Nous, on sera toujours ses premiers fans. On le supportera toujours. J\u2019esp\u00e8re qu\u2019il va rendre heureux tous les Alg\u00e9riens et surtout sa famille.<br \/><strong>Vous allez affronter la Colombie le 15 octobre prochain \u00e0 Lille. L\u2019Alg\u00e9rie va donc rejouer en France pour la premi\u00e8re fois depuis 2009. Qu\u2019est-ce que cela vous inspire ?<\/strong><br \/>Jouer la Colombie qui est une \u00e9quipe de haut niveau, \u00e7a fait plaisir. \u00c7a permet d\u2019avoir une bonne exp\u00e9rience et de jouer une \u00e9quipe diff\u00e9rente d\u2019une \u00e9quipe africaine. \u00c7a va nous permettre de nous jauger face \u00e0 l\u2019une des meilleures nations au monde. Ensuite, jouer en France c\u2019est bien aussi pour tous les Alg\u00e9riens qui vivent en France, les Fran\u00e7ais d\u2019origine alg\u00e9rienne. Ils vont pouvoir voir l\u2019Equipe nationale jouer. C\u2019est une bonne chance de faire \u00e7a de temps en temps. On jouera d\u2019abord le Congo en Alg\u00e9rie avant d\u2019aller jouer \u00e0 Lille la Colombie. C\u2019est bien. Durant ce stage, on esp\u00e8re bien se pr\u00e9parer pour les \u00e9ch\u00e9ances de novembre qui vont \u00eatre tr\u00e8s importantes. Ce stage d\u2019octobre va nous permettre de monter en r\u00e9gime et de nous confronter \u00e0 l\u2019une des meilleures nations qui est la Colombie. Qui plus est devant un public alg\u00e9rien de France.<br \/><strong>On parle de plus en plus d\u2019un possible match contre l\u2019\u00e9quipe de France, qu\u2019en pensez-vous ?<\/strong><br \/>Sportivement, ce sont les champions du monde. Donc, c\u2019est s\u00fbr que ce serait une super confrontation pour nous pour voir o\u00f9 nous en sommes. Ensuite, sinc\u00e8rement, je pr\u00e9f\u00e8re jouer face \u00e0 des \u00e9quipes sud-am\u00e9ricaines, des \u00e9quipes qui nous ressemblent on va dire, afin de voir ce qu\u2019on doit am\u00e9liorer. J\u2019aime bien des \u00e9quipes comme la Colombie, le Chili, etc. C\u2019est plaisant de jouer contre des \u00e9quipes de ce profil-l\u00e0. Apr\u00e8s, c\u2019est la f\u00e9d\u00e9ration qui verra ce qu\u2019elle veut faire. Nous, les joueurs, qu\u2019on joue contre la France, l\u2019Allemagne ou une autre s\u00e9lection, c\u2019est avec plaisir qu\u2019on participe \u00e0 ces rencontres.<br \/>\u00a0<\/p>\n<\/div>\n<p>Auteur:<br \/>\n<a href=\"http:\/\/www.lebuteur.com\/article\/detail?titre=feghouli-belmadi-cest-du-tres-haut-niveau&#038;id=92334&#038;utm_source=feedburner&#038;utm_medium=feed&#038;utm_campaign=Feed%3A+GalerieFArtciles+%28Les+derniers+articles++-+lebuteur.com%29\">Cliquez ici pour lire l&rsquo;article depuis sa source.<\/a><\/p>\n","protected":false},"excerpt":{"rendered":"<p>Auteur : mardi 15 octobre 2019 17:55 Mardi soir \u00e0 21 heures, l&rsquo;Alg\u00e9rie va affronter la Colombie dans un stade Pierre- Mauroy qui affichera complet pour l&rsquo;occasion. Pour cette rencontre de gala, les Fennecs pourront compter sur Sofiane Feghouli. Pour Foot Mercato, ce cadre de l&rsquo;Equipe nationale revient sur l&rsquo;\u00e9t\u00e9 dor\u00e9 des Verts, vainqueurs de [&hellip;]<\/p>\n","protected":false},"author":1738,"featured_media":64453,"comment_status":"closed","ping_status":"closed","sticky":false,"template":"","format":"standard","meta":{"fifu_image_url":"","fifu_image_alt":"","footnotes":""},"categories":[53,75],"tags":[],"class_list":["post-64452","post","type-post","status-publish","format-standard","has-post-thumbnail","hentry","category-algerie","category-sport"],"_links":{"self":[{"href":"https:\/\/linitiative.ca\/International\/wp-json\/wp\/v2\/posts\/64452","targetHints":{"allow":["GET"]}}],"collection":[{"href":"https:\/\/linitiative.ca\/International\/wp-json\/wp\/v2\/posts"}],"about":[{"href":"https:\/\/linitiative.ca\/International\/wp-json\/wp\/v2\/types\/post"}],"author":[{"embeddable":true,"href":"https:\/\/linitiative.ca\/International\/wp-json\/wp\/v2\/users\/1738"}],"replies":[{"embeddable":true,"href":"https:\/\/linitiative.ca\/International\/wp-json\/wp\/v2\/comments?post=64452"}],"version-history":[{"count":0,"href":"https:\/\/linitiative.ca\/International\/wp-json\/wp\/v2\/posts\/64452\/revisions"}],"wp:featuredmedia":[{"embeddable":true,"href":"https:\/\/linitiative.ca\/International\/wp-json\/"}],"wp:attachment":[{"href":"https:\/\/linitiative.ca\/International\/wp-json\/wp\/v2\/media?parent=64452"}],"wp:term":[{"taxonomy":"category","embeddable":true,"href":"https:\/\/linitiative.ca\/International\/wp-json\/wp\/v2\/categories?post=64452"},{"taxonomy":"post_tag","embeddable":true,"href":"https:\/\/linitiative.ca\/International\/wp-json\/wp\/v2\/tags?post=64452"}],"curies":[{"name":"wp","href":"https:\/\/api.w.org\/{rel}","templated":true}]}}