{"id":64458,"date":"2019-10-14T20:00:00","date_gmt":"2019-10-15T00:00:00","guid":{"rendered":"https:\/\/linitiative.ca\/International\/m-goudjil-recoit-lambassadeur-vietnamien-developper-les-relations-de-cooperation\/"},"modified":"2019-10-14T20:00:00","modified_gmt":"2019-10-15T00:00:00","slug":"m-goudjil-recoit-lambassadeur-vietnamien-developper-les-relations-de-cooperation","status":"publish","type":"post","link":"https:\/\/linitiative.ca\/International\/m-goudjil-recoit-lambassadeur-vietnamien-developper-les-relations-de-cooperation\/","title":{"rendered":"M. Goudjil re\u00e7oit l&rsquo;ambassadeur vietnamien : D\u00e9velopper les relations de coop\u00e9ration"},"content":{"rendered":"<p>Le pr\u00e9sident du Conseil de la nation par int\u00e9rim, Salah Goudjil, s&rsquo;est entretenu, lundi dernier \u00e0 Alger, avec l&rsquo;ambassadeur de la R\u00e9publique socialiste du Vietnam, Pham Quoc Tru, qui lui a rendu une visite d&rsquo;adieu au terme de sa mission en Alg\u00e9rie. Lors de cette rencontre, les deux parties ont \u00abpass\u00e9 en revue les relations de coop\u00e9ration entre les deux pays et les voies et moyens \u00e0 m\u00eame de les d\u00e9velopper au niveau bilat\u00e9ral et dans les fora internationaux, notamment \u00e0 travers des \u00e9changes intenses entre les deux pays autour des questions d&rsquo;int\u00e9r\u00eat commun\u00bb. L&rsquo;audience a \u00e9t\u00e9 \u00e9galement l&rsquo;occasion d&rsquo;\u00e9changer les vues autour des meilleurs voies et moyens \u00e0 m\u00eame de consolider et de raffermir les relations parlementaires entre les deux pays\u00bb. Pour sa part, l&rsquo;ambassadeur vietnamien a \u00e9voqu\u00e9 \u00ables aspects li\u00e9s \u00e0 la coop\u00e9ration dans les domaines \u00e9conomique et culturel\u00bb, se f\u00e9licitant du soutien qu\u2019il a trouv\u00e9 en Alg\u00e9rie, sur tous les plans, aupr\u00e8s des autorit\u00e9s alg\u00e9riennes, lors de son s\u00e9jour dans le pays\u00bb. Cette rencontre a \u00e9t\u00e9 l&rsquo;occasion d&rsquo;aborder les relations diplomatiques historiques solides entre les deux pays\u00bb, a estim\u00e9 le pr\u00e9sident par int\u00e9rim du Conseil de la nation, qui a insist\u00e9 sur l&rsquo;imp\u00e9ratif d&rsquo;\u0153uvrer davantage en vue de hisser les relations bilat\u00e9rales, notamment \u00e9conomiques, au niveau des liens historiques et politiques privil\u00e9gi\u00e9s remontant aux luttes de lib\u00e9ration men\u00e9es par les peuples alg\u00e9rien et vietnamien\u00bb, conclut le communiqu\u00e9.<br \/>\u00a0<\/p>\n<p>Auteur: elmoudjahid<br \/>\n<a href=\"http:\/\/www.elmoudjahid.com\/fr\/actualites\/143196\">Cliquez ici pour lire l&rsquo;article depuis sa source.<\/a><\/p>\n","protected":false},"excerpt":{"rendered":"<p>Le pr\u00e9sident du Conseil de la nation par int\u00e9rim, Salah Goudjil, s&rsquo;est entretenu, lundi dernier \u00e0 Alger, avec l&rsquo;ambassadeur de la R\u00e9publique socialiste du Vietnam, Pham Quoc Tru, qui lui a rendu une visite d&rsquo;adieu au terme de sa mission en Alg\u00e9rie. Lors de cette rencontre, les deux parties ont \u00abpass\u00e9 en revue les relations [&hellip;]<\/p>\n","protected":false},"author":1744,"featured_media":0,"comment_status":"closed","ping_status":"closed","sticky":false,"template":"","format":"standard","meta":{"fifu_image_url":"","fifu_image_alt":"","footnotes":""},"categories":[73,53],"tags":[],"class_list":["post-64458","post","type-post","status-publish","format-standard","hentry","category-actualite","category-algerie"],"_links":{"self":[{"href":"https:\/\/linitiative.ca\/International\/wp-json\/wp\/v2\/posts\/64458","targetHints":{"allow":["GET"]}}],"collection":[{"href":"https:\/\/linitiative.ca\/International\/wp-json\/wp\/v2\/posts"}],"about":[{"href":"https:\/\/linitiative.ca\/International\/wp-json\/wp\/v2\/types\/post"}],"author":[{"embeddable":true,"href":"https:\/\/linitiative.ca\/International\/wp-json\/wp\/v2\/users\/1744"}],"replies":[{"embeddable":true,"href":"https:\/\/linitiative.ca\/International\/wp-json\/wp\/v2\/comments?post=64458"}],"version-history":[{"count":0,"href":"https:\/\/linitiative.ca\/International\/wp-json\/wp\/v2\/posts\/64458\/revisions"}],"wp:attachment":[{"href":"https:\/\/linitiative.ca\/International\/wp-json\/wp\/v2\/media?parent=64458"}],"wp:term":[{"taxonomy":"category","embeddable":true,"href":"https:\/\/linitiative.ca\/International\/wp-json\/wp\/v2\/categories?post=64458"},{"taxonomy":"post_tag","embeddable":true,"href":"https:\/\/linitiative.ca\/International\/wp-json\/wp\/v2\/tags?post=64458"}],"curies":[{"name":"wp","href":"https:\/\/api.w.org\/{rel}","templated":true}]}}