{"id":64459,"date":"2019-10-14T20:00:00","date_gmt":"2019-10-15T00:00:00","guid":{"rendered":"https:\/\/linitiative.ca\/International\/sommet-de-leau-de-budapest-m-hamam-presentera-lexperience-algerienne\/"},"modified":"2019-10-14T20:00:00","modified_gmt":"2019-10-15T00:00:00","slug":"sommet-de-leau-de-budapest-m-hamam-presentera-lexperience-algerienne","status":"publish","type":"post","link":"https:\/\/linitiative.ca\/International\/sommet-de-leau-de-budapest-m-hamam-presentera-lexperience-algerienne\/","title":{"rendered":"Sommet de l&rsquo;eau de Budapest   :  M. Hamam pr\u00e9sentera l&rsquo;exp\u00e9rience alg\u00e9rienne"},"content":{"rendered":"<p>\u00a0Le ministre des Ressources en eau, Ali Hamam, pr\u00e9sentera l&rsquo;exp\u00e9rience alg\u00e9rienne en mati\u00e8re de gestion des ressources hydriques au 3e sommet de l&rsquo;eau de Budapest qui se tient du 15 au 17 octobre. Organis\u00e9e sous le slogan \u00ab\u00a0pr\u00e9venir les crises de l&rsquo;eau\u00a0\u00bb, cette manifestation de trois jours a pour objectif de discuter des d\u00e9fis en mati\u00e8re de gouvernance, de connaissance, de financement, de r\u00e9glementation et de trouver des solutions aux crises de l&rsquo;eau \u00e9mergentes.<br \/>L&rsquo;\u00e9v\u00e8nement vise \u00e0 \u00ab\u00a0poursuivre une approche pragmatique, ax\u00e9e sur les solutions, ouverte aux technologies et m\u00e9thodes novatrices et rentables.<br \/>\u00a0<\/p>\n<p>Auteur: elmoudjahid<br \/>\n<a href=\"http:\/\/www.elmoudjahid.com\/fr\/actualites\/143197\">Cliquez ici pour lire l&rsquo;article depuis sa source.<\/a><\/p>\n","protected":false},"excerpt":{"rendered":"<p>\u00a0Le ministre des Ressources en eau, Ali Hamam, pr\u00e9sentera l&rsquo;exp\u00e9rience alg\u00e9rienne en mati\u00e8re de gestion des ressources hydriques au 3e sommet de l&rsquo;eau de Budapest qui se tient du 15 au 17 octobre. Organis\u00e9e sous le slogan \u00ab\u00a0pr\u00e9venir les crises de l&rsquo;eau\u00a0\u00bb, cette manifestation de trois jours a pour objectif de discuter des d\u00e9fis en [&hellip;]<\/p>\n","protected":false},"author":1744,"featured_media":0,"comment_status":"closed","ping_status":"closed","sticky":false,"template":"","format":"standard","meta":{"fifu_image_url":"","fifu_image_alt":"","footnotes":""},"categories":[73,53],"tags":[],"class_list":["post-64459","post","type-post","status-publish","format-standard","hentry","category-actualite","category-algerie"],"_links":{"self":[{"href":"https:\/\/linitiative.ca\/International\/wp-json\/wp\/v2\/posts\/64459","targetHints":{"allow":["GET"]}}],"collection":[{"href":"https:\/\/linitiative.ca\/International\/wp-json\/wp\/v2\/posts"}],"about":[{"href":"https:\/\/linitiative.ca\/International\/wp-json\/wp\/v2\/types\/post"}],"author":[{"embeddable":true,"href":"https:\/\/linitiative.ca\/International\/wp-json\/wp\/v2\/users\/1744"}],"replies":[{"embeddable":true,"href":"https:\/\/linitiative.ca\/International\/wp-json\/wp\/v2\/comments?post=64459"}],"version-history":[{"count":0,"href":"https:\/\/linitiative.ca\/International\/wp-json\/wp\/v2\/posts\/64459\/revisions"}],"wp:attachment":[{"href":"https:\/\/linitiative.ca\/International\/wp-json\/wp\/v2\/media?parent=64459"}],"wp:term":[{"taxonomy":"category","embeddable":true,"href":"https:\/\/linitiative.ca\/International\/wp-json\/wp\/v2\/categories?post=64459"},{"taxonomy":"post_tag","embeddable":true,"href":"https:\/\/linitiative.ca\/International\/wp-json\/wp\/v2\/tags?post=64459"}],"curies":[{"name":"wp","href":"https:\/\/api.w.org\/{rel}","templated":true}]}}