{"id":64467,"date":"2019-10-15T13:27:00","date_gmt":"2019-10-15T17:27:00","guid":{"rendered":"https:\/\/linitiative.ca\/International\/ahmed-gaid-salah-affirme-lalgerie-est-sur-la-bonne-voie\/"},"modified":"2019-10-15T13:27:00","modified_gmt":"2019-10-15T17:27:00","slug":"ahmed-gaid-salah-affirme-lalgerie-est-sur-la-bonne-voie","status":"publish","type":"post","link":"https:\/\/linitiative.ca\/International\/ahmed-gaid-salah-affirme-lalgerie-est-sur-la-bonne-voie\/","title":{"rendered":"AHMED GAID SALAH AFFIRME   : L\u2019Alg\u00e9rie est sur  \u2018\u2019la bonne voie\u2019\u2019"},"content":{"rendered":"<p><br id=\"sep_para_1\" class=\"sep_para access\"\/><\/p>\n<div id=\"para_1\" class=\"para_33516212 resize\">\n<div class=\"texte access firstletter\">\u00ab Les d\u00e9cisions courageuses prises par le Commandement de l\u2019ANP depuis le d\u00e9but de la crise ont apport\u00e9 au fil des jours la preuve qu\u2019elle vont\u00a0 dans leur ensemble dans l\u2019int\u00e9r\u00eat du peuple alg\u00e9rien, \u00bbdit-il\u00a0 dans son allocution. \u00ab Nous sommes convaincus que le train de l\u2019Alg\u00e9rie est sur de bons rails et qu\u2019il se dirige vers la bonne direction qui apporte satisfaction aux meilleurs enfant de l\u2019Alg\u00e9rie et cela gr\u00e2ce \u00e0 la confiance\u00a0 mutuelle qui existe entre le peuple et l\u2019Arm\u00e9e, son bouclier protecteur contre le \u00ab Issaba \u00bb et ses appendices. Parlant politique, le patron de l\u2019ANP \u00e9voque l\u2019avant dernier conseil des ministres au cours duquel \u00e9tait amend\u00e9e la loi \u00e9lectorale, expliquant que l\u2019Autorit\u00e9 en charge de l\u2019organisation et de la surveillance constitue\u00a0 \u00ab la pierre d\u2019achoppement du processus d\u00e9cisif et attendu \u00bb\u00a0 Au sujet du Conseil des ministres qui s\u2019est tenu dimanche et qui a eu \u00e0 endosser le projet de loi\u00a0 de finances 2020 et la loi sur les hydrocarbures, Gaid Salah\u00a0 estime que la r\u00e9vision de cette derni\u00e8re\u00a0 \u00ab va apporter un plus et va contribuer \u00e0 relancer\u00a0 l\u2019\u00e9conomie et donner un nouveau souffle\u00a0 \u00e0 l\u2019investissement dans diff\u00e9rents secteurs \u00e9conomiques et strat\u00e9giques. Enfin, le chef d\u2019Etat-major\u00a0 rappelle que l\u2019Autorit\u00e9 nationale ind\u00e9pendante des \u00e9lections\u00a0 (ANIE) a trouv\u00e9 toute l\u2019aide et le soutien aupr\u00e9s de toutes les institutions de l\u2019Etat pour mener dans les meilleures conditions sa mission. \u00bb<\/div>\n<\/div>\n<p>Auteur: Ismain<br \/>\n<a href=\"https:\/\/www.reflexiondz.net\/AHMED-GAID-SALAH-AFFIRME-L-Algerie-est-sur-la-bonne-voie_a58233.html\">Cliquez ici pour lire l&rsquo;article depuis sa source.<\/a><\/p>\n","protected":false},"excerpt":{"rendered":"<p>\u00ab Les d\u00e9cisions courageuses prises par le Commandement de l\u2019ANP depuis le d\u00e9but de la crise ont apport\u00e9 au fil des jours la preuve qu\u2019elle vont\u00a0 dans leur ensemble dans l\u2019int\u00e9r\u00eat du peuple alg\u00e9rien, \u00bbdit-il\u00a0 dans son allocution. \u00ab Nous sommes convaincus que le train de l\u2019Alg\u00e9rie est sur de bons rails et qu\u2019il se [&hellip;]<\/p>\n","protected":false},"author":1740,"featured_media":0,"comment_status":"closed","ping_status":"closed","sticky":false,"template":"","format":"standard","meta":{"fifu_image_url":"","fifu_image_alt":"","footnotes":""},"categories":[53,76],"tags":[],"class_list":["post-64467","post","type-post","status-publish","format-standard","hentry","category-algerie","category-regions"],"_links":{"self":[{"href":"https:\/\/linitiative.ca\/International\/wp-json\/wp\/v2\/posts\/64467","targetHints":{"allow":["GET"]}}],"collection":[{"href":"https:\/\/linitiative.ca\/International\/wp-json\/wp\/v2\/posts"}],"about":[{"href":"https:\/\/linitiative.ca\/International\/wp-json\/wp\/v2\/types\/post"}],"author":[{"embeddable":true,"href":"https:\/\/linitiative.ca\/International\/wp-json\/wp\/v2\/users\/1740"}],"replies":[{"embeddable":true,"href":"https:\/\/linitiative.ca\/International\/wp-json\/wp\/v2\/comments?post=64467"}],"version-history":[{"count":0,"href":"https:\/\/linitiative.ca\/International\/wp-json\/wp\/v2\/posts\/64467\/revisions"}],"wp:attachment":[{"href":"https:\/\/linitiative.ca\/International\/wp-json\/wp\/v2\/media?parent=64467"}],"wp:term":[{"taxonomy":"category","embeddable":true,"href":"https:\/\/linitiative.ca\/International\/wp-json\/wp\/v2\/categories?post=64467"},{"taxonomy":"post_tag","embeddable":true,"href":"https:\/\/linitiative.ca\/International\/wp-json\/wp\/v2\/tags?post=64467"}],"curies":[{"name":"wp","href":"https:\/\/api.w.org\/{rel}","templated":true}]}}