{"id":64473,"date":"2019-10-14T14:34:00","date_gmt":"2019-10-14T18:34:00","guid":{"rendered":"https:\/\/linitiative.ca\/International\/un-ancien-chef-de-la-diplomatie-marocaine-recadre-pour-setre-exprime-sur-la-situation-en-algerie\/"},"modified":"2019-10-14T14:34:00","modified_gmt":"2019-10-14T18:34:00","slug":"un-ancien-chef-de-la-diplomatie-marocaine-recadre-pour-setre-exprime-sur-la-situation-en-algerie","status":"publish","type":"post","link":"https:\/\/linitiative.ca\/International\/un-ancien-chef-de-la-diplomatie-marocaine-recadre-pour-setre-exprime-sur-la-situation-en-algerie\/","title":{"rendered":"Un ancien chef de la diplomatie marocaine recadr\u00e9 Pour s&rsquo;\u00eatre exprim\u00e9 sur la situation en Alg\u00e9rie"},"content":{"rendered":"<p><br class=\"autobr\"\/><br \/>\nLe palais royal a s\u00e8chement recadr\u00e9 dimanche le pr\u00e9sident de la Conf\u00e9d\u00e9ration g\u00e9n\u00e9rale des entrepreneurs du Maroc (CGEM), Salaheddine Mezouar, un ancien ministre des Finances et des Affaires \u00e9trang\u00e8res. Mais, surtout, il \u00e9tait, avant son \u00e9lection \u00e0 la CGEM, le pr\u00e9sident du parti \u00ab\u00a0Rassemblement national des ind\u00e9pendants\u00a0\u00bb, une des formations politiques influentes dans l\u2019\u00e9chiquier politique marocain, avec 40 si\u00e8ges au Parlement. Son intervention dimanche \u00e0 Marrakech \u00e0 l\u2019occasion d\u2019une conf\u00e9rence de la World Policy Conference, sur la situation en Alg\u00e9rie, a \u00e9t\u00e9 mal interpr\u00e9t\u00e9e par le gouvernement marocain et par le palais royal, qui y ont vu une ing\u00e9rence dans les affaires internes de l\u2019Alg\u00e9rie.<\/p>\n<p><br class=\"autobr\"\/><br \/>\nSalah Eddine Mezouar avait lors de son intervention d\u2019abord salu\u00e9 le \u00ab\u00a0mouvement pacifique\u00a0\u00bb que conna\u00eet l\u2019Alg\u00e9rie, puis estim\u00e9 que \u00ab\u00a0l\u2019arm\u00e9e au pouvoir se devait de composer avec le peuple pour ouvrir la voie \u00e0 la d\u00e9mocratisation du pays\u00a0\u00bb. Il poursuit\u00a0: \u00ab\u00a0Les mutations majeures et structurelles que conna\u00eet le Maghreb sont porteuses d\u2019espoir\u00a0\u00bb, avant de faire remarquer que \u00ab\u00a0les transformations politiques et socio-\u00e9conomiques que vit actuellement la r\u00e9gion du Maghreb t\u00e9moignent de sa prise de conscience de son r\u00f4le central et de son importance en tant que levier de croissance et acteur de changement\u00a0\u00bb. Suffisant pour recevoir une bonne vol\u00e9e de bois du d\u00e9partement des Affaires \u00e9trang\u00e8res dirig\u00e9 par Nacer Bourita. \u00ab\u00a0Le gouvernement (\u2026) d\u00e9nonce la d\u00e9marche irresponsable, maladroite et irr\u00e9fl\u00e9chie de M.\u00a0Salaheddine Mezouar, qui a cru devoir commenter la situation interne en Alg\u00e9rie\u00a0\u00bb, pr\u00e9cise le minist\u00e8re des Affaires \u00e9trang\u00e8res marocain, qui a pr\u00e9cis\u00e9 que la d\u00e9claration de Mezouar \u00ab\u00a0a soulev\u00e9 des questionnements au niveau de la classe politique et de l\u2019opinion publique quant \u00e0 son timing et ses v\u00e9ritables motivations\u00a0\u00bb.<\/p>\n<p><br class=\"autobr\"\/><br \/>\nPour ce minist\u00e8re, la CGEM \u00ab\u00a0ne peut se substituer au gouvernement dans la prise de positions sur les questions internationales et notamment le d\u00e9veloppement dans ce pays voisin\u00a0\u00bb, et a expliqu\u00e9 que la position du royaume du Maroc \u00e0 ce sujet est \u201cclaire et constante\u201d. \u201cLe royaume du Maroc a, en effet, d\u00e9cid\u00e9 de s\u2019en tenir \u00e0 une attitude de non-ing\u00e9rence par rapport aux d\u00e9veloppements en Alg\u00e9rie. Le Maroc s\u2019abstient de tout commentaire \u00e0 ce sujet. Il n\u2019a ni \u00e0 se m\u00ealer des d\u00e9veloppements internes que conna\u00eet ce pays voisin ni \u00e0 les commenter de quelque mani\u00e8re que ce soit\u201d, souligne le communiqu\u00e9. Tout de suite apr\u00e8s la r\u00e9action officielle marocaine, cet ancien chef de file du RNI, un parti de cadres sup\u00e9rieurs fond\u00e9 en 1978 par Osman, sous l\u2019instigation de Hassan II pour casser les partis de la gauche marocaine, notamment l\u2019USFP, et morceler les voix des \u00e9lecteurs pour qu\u2019il n\u2019y ait jamais de majorit\u00e9 absolue au Parlement, avait d\u00e9missionn\u00e9 de la CGEM.<\/p>\n<p>Auteur: Boudjedri<br \/>\n<a href=\"http:\/\/www.jeune-independant.net\/Un-ancien-chef-de-la-diplomatie.html\">Cliquez ici pour lire l&rsquo;article depuis sa source.<\/a><\/p>\n","protected":false},"excerpt":{"rendered":"<p>Le palais royal a s\u00e8chement recadr\u00e9 dimanche le pr\u00e9sident de la Conf\u00e9d\u00e9ration g\u00e9n\u00e9rale des entrepreneurs du Maroc (CGEM), Salaheddine Mezouar, un ancien ministre des Finances et des Affaires \u00e9trang\u00e8res. Mais, surtout, il \u00e9tait, avant son \u00e9lection \u00e0 la CGEM, le pr\u00e9sident du parti \u00ab\u00a0Rassemblement national des ind\u00e9pendants\u00a0\u00bb, une des formations politiques influentes dans l\u2019\u00e9chiquier politique [&hellip;]<\/p>\n","protected":false},"author":1737,"featured_media":0,"comment_status":"closed","ping_status":"closed","sticky":false,"template":"","format":"standard","meta":{"fifu_image_url":"","fifu_image_alt":"","footnotes":""},"categories":[73,53],"tags":[],"class_list":["post-64473","post","type-post","status-publish","format-standard","hentry","category-actualite","category-algerie"],"_links":{"self":[{"href":"https:\/\/linitiative.ca\/International\/wp-json\/wp\/v2\/posts\/64473","targetHints":{"allow":["GET"]}}],"collection":[{"href":"https:\/\/linitiative.ca\/International\/wp-json\/wp\/v2\/posts"}],"about":[{"href":"https:\/\/linitiative.ca\/International\/wp-json\/wp\/v2\/types\/post"}],"author":[{"embeddable":true,"href":"https:\/\/linitiative.ca\/International\/wp-json\/wp\/v2\/users\/1737"}],"replies":[{"embeddable":true,"href":"https:\/\/linitiative.ca\/International\/wp-json\/wp\/v2\/comments?post=64473"}],"version-history":[{"count":0,"href":"https:\/\/linitiative.ca\/International\/wp-json\/wp\/v2\/posts\/64473\/revisions"}],"wp:attachment":[{"href":"https:\/\/linitiative.ca\/International\/wp-json\/wp\/v2\/media?parent=64473"}],"wp:term":[{"taxonomy":"category","embeddable":true,"href":"https:\/\/linitiative.ca\/International\/wp-json\/wp\/v2\/categories?post=64473"},{"taxonomy":"post_tag","embeddable":true,"href":"https:\/\/linitiative.ca\/International\/wp-json\/wp\/v2\/tags?post=64473"}],"curies":[{"name":"wp","href":"https:\/\/api.w.org\/{rel}","templated":true}]}}