{"id":64479,"date":"2019-10-15T14:20:00","date_gmt":"2019-10-15T18:20:00","guid":{"rendered":"https:\/\/linitiative.ca\/International\/le-geste-emouvant-du-president-ennaceur-pour-la-famille-du-policier-martyr-faouzi-houimli-album-photos\/"},"modified":"2019-10-15T14:20:00","modified_gmt":"2019-10-15T18:20:00","slug":"le-geste-emouvant-du-president-ennaceur-pour-la-famille-du-policier-martyr-faouzi-houimli-album-photos","status":"publish","type":"post","link":"https:\/\/linitiative.ca\/International\/le-geste-emouvant-du-president-ennaceur-pour-la-famille-du-policier-martyr-faouzi-houimli-album-photos\/","title":{"rendered":"Le geste \u00e9mouvant du pr\u00e9sident Ennaceur pour la famille du policier martyr Faouzi Houimli (Album photos)"},"content":{"rendered":"<p>Il ne pouvait concevoir se rendre \u00e0 Bizerte en ce 15 octobre, c\u00e9l\u00e9brer la f\u00eate de l\u2019Evacuation et comm\u00e9morer le souvenir des martyrs, sans accomplir ce qu\u2019il a consid\u00e9r\u00e9 comme, \u00e9galement, un devoir d\u2019hommage et de reconnaissance. Le pr\u00e9sident de la R\u00e9publique, Mohamed Ennaceur a en effet tenu \u00e0 rendre visite \u00e0 la famille du chef de poste de la Police \u00e0 la Cour d\u2019appel de Bizerte, Faouzi Houimli, l\u00e2chement assassin\u00e9 par un terroriste extr\u00e9miste, le 23 septembre dernier. Au nom de la nation, il a r\u00e9it\u00e9r\u00e9 \u00e0 cette occasion \u00e0 la veuve du martyr et \u00e0 ses enfants, les condol\u00e9ances compatissantes et l\u2019expression de l\u2019hommage que l\u2019Etat rend \u00e0 sa m\u00e9moire.<\/p>\n<p>Prenant connaissance de la situation sociale de la famille, le pr\u00e9sident Ennaceur s\u2019est engag\u00e9 \u00e0 ce que l\u2019Etat lui apporter tout le soutien m\u00e9rit\u00e9 et qu\u2019il y veillera personnellement. Un geste qui trouve tout son \u00e9cho et gagne \u00e0 s\u2019\u00e9tendre \u00e0 l\u2019ensemble des familles des martyrs du devoir tomb\u00e9s au service de la patrie.<br \/>\u00a0<\/p>\n<p>Auteur:<br \/>\n<a href=\"https:\/\/www.leaders.com.tn\/article\/28199-le-geste-emouvant-du-president-ennaceur-pour-la-famille-du-policier-martyr-faouzi-houimli\">Cliquez ici pour lire l&rsquo;article depuis sa source.<\/a><\/p>\n","protected":false},"excerpt":{"rendered":"<p>Il ne pouvait concevoir se rendre \u00e0 Bizerte en ce 15 octobre, c\u00e9l\u00e9brer la f\u00eate de l\u2019Evacuation et comm\u00e9morer le souvenir des martyrs, sans accomplir ce qu\u2019il a consid\u00e9r\u00e9 comme, \u00e9galement, un devoir d\u2019hommage et de reconnaissance. Le pr\u00e9sident de la R\u00e9publique, Mohamed Ennaceur a en effet tenu \u00e0 rendre visite \u00e0 la famille du [&hellip;]<\/p>\n","protected":false},"author":1772,"featured_media":0,"comment_status":"closed","ping_status":"closed","sticky":false,"template":"","format":"standard","meta":{"fifu_image_url":"","fifu_image_alt":"","footnotes":""},"categories":[73,55],"tags":[],"class_list":["post-64479","post","type-post","status-publish","format-standard","hentry","category-actualite","category-tunisie"],"_links":{"self":[{"href":"https:\/\/linitiative.ca\/International\/wp-json\/wp\/v2\/posts\/64479","targetHints":{"allow":["GET"]}}],"collection":[{"href":"https:\/\/linitiative.ca\/International\/wp-json\/wp\/v2\/posts"}],"about":[{"href":"https:\/\/linitiative.ca\/International\/wp-json\/wp\/v2\/types\/post"}],"author":[{"embeddable":true,"href":"https:\/\/linitiative.ca\/International\/wp-json\/wp\/v2\/users\/1772"}],"replies":[{"embeddable":true,"href":"https:\/\/linitiative.ca\/International\/wp-json\/wp\/v2\/comments?post=64479"}],"version-history":[{"count":0,"href":"https:\/\/linitiative.ca\/International\/wp-json\/wp\/v2\/posts\/64479\/revisions"}],"wp:attachment":[{"href":"https:\/\/linitiative.ca\/International\/wp-json\/wp\/v2\/media?parent=64479"}],"wp:term":[{"taxonomy":"category","embeddable":true,"href":"https:\/\/linitiative.ca\/International\/wp-json\/wp\/v2\/categories?post=64479"},{"taxonomy":"post_tag","embeddable":true,"href":"https:\/\/linitiative.ca\/International\/wp-json\/wp\/v2\/tags?post=64479"}],"curies":[{"name":"wp","href":"https:\/\/api.w.org\/{rel}","templated":true}]}}