{"id":64488,"date":"2019-10-15T11:15:58","date_gmt":"2019-10-15T15:15:58","guid":{"rendered":"https:\/\/linitiative.ca\/International\/marrakech-lautomobiliste-espagnol-sest-rendu-a-la-police\/"},"modified":"2019-10-15T11:15:58","modified_gmt":"2019-10-15T15:15:58","slug":"marrakech-lautomobiliste-espagnol-sest-rendu-a-la-police","status":"publish","type":"post","link":"https:\/\/linitiative.ca\/International\/marrakech-lautomobiliste-espagnol-sest-rendu-a-la-police\/","title":{"rendered":"Marrakech : l\u2019automobiliste espagnol s\u2019est rendu \u00e0 la police"},"content":{"rendered":"<p><strong>L\u2019accident avait fait 9 bless\u00e9s.<\/strong><\/p>\n<div class=\"c10\"\/>\n<p>Le <strong>conducteur<\/strong> derri\u00e8re l\u2019accident de dimanche 13 octobre aux alentours de 01h30 du matin, au niveau du rond-point Semlalia situ\u00e9 sur le Boulevard Moulay Rachid \u00e0 <strong>Marrakech<\/strong>, a \u00e9t\u00e9 arr\u00eat\u00e9. Selon MFM Radio, le suspect qui \u00e9tait en \u00e9tat d\u2019\u00e9bri\u00e9t\u00e9 avanc\u00e9 au moment des faits s\u2019est rendu \u00e0 la <strong>police<\/strong>.<\/p>\n<p>Lire aussi : <a href=\"https:\/\/www.challenge.ma\/marrakech-22-citoyens-ecrase-par-un-conducteur-en-etat-debriete-119932\/\" target=\"_blank\" rel=\"noreferrer noopener\" aria-label=\"Vid\u00e9o. Marrakech : un automobiliste blesse plusieurs personnes (s\u2019ouvre dans un nouvel onglet)\">Vid\u00e9o. Marrakech : un automobiliste blesse plusieurs personnes<\/a><\/p>\n<p>Pour rappel, les neuf personnes bless\u00e9es dans cet <strong>accident<\/strong> ont \u00e9t\u00e9 transf\u00e9r\u00e9es au CHU Mohammed VI pour recevoir les soins n\u00e9cessaires. Cinq d\u2019entre elles ont quitt\u00e9 l\u2019h\u00f4pital, alors que l\u2019\u00e9tat de sant\u00e9 des quatre autres bless\u00e9s, qui sont toujours sous suivi m\u00e9dical, est stable.<\/p>\n<div class=\"c17\">\n<fieldset class=\"c16\">\n<legend><strong><span class=\"c11\">Challenge<\/span><span class=\"c12\">news<\/span><\/strong><\/legend>\n<div class=\"c15\">Le meilleur de la r\u00e9daction s\u00e9lectionn\u00e9 par Challenge :<\/p>\n<\/div>\n<\/fieldset>\n<\/div>\n<p>Auteur: challenge<br \/>\n<a href=\"https:\/\/www.challenge.ma\/marrakech-le-conducteur-arrete-120106\/\">Cliquez ici pour lire l&rsquo;article depuis sa source.<\/a><\/p>\n","protected":false},"excerpt":{"rendered":"<p>L\u2019accident avait fait 9 bless\u00e9s. Le conducteur derri\u00e8re l\u2019accident de dimanche 13 octobre aux alentours de 01h30 du matin, au niveau du rond-point Semlalia situ\u00e9 sur le Boulevard Moulay Rachid \u00e0 Marrakech, a \u00e9t\u00e9 arr\u00eat\u00e9. Selon MFM Radio, le suspect qui \u00e9tait en \u00e9tat d\u2019\u00e9bri\u00e9t\u00e9 avanc\u00e9 au moment des faits s\u2019est rendu \u00e0 la police. [&hellip;]<\/p>\n","protected":false},"author":1787,"featured_media":0,"comment_status":"closed","ping_status":"closed","sticky":false,"template":"","format":"standard","meta":{"fifu_image_url":"","fifu_image_alt":"","footnotes":""},"categories":[78,54],"tags":[],"class_list":["post-64488","post","type-post","status-publish","format-standard","hentry","category-economie","category-maroc"],"_links":{"self":[{"href":"https:\/\/linitiative.ca\/International\/wp-json\/wp\/v2\/posts\/64488","targetHints":{"allow":["GET"]}}],"collection":[{"href":"https:\/\/linitiative.ca\/International\/wp-json\/wp\/v2\/posts"}],"about":[{"href":"https:\/\/linitiative.ca\/International\/wp-json\/wp\/v2\/types\/post"}],"author":[{"embeddable":true,"href":"https:\/\/linitiative.ca\/International\/wp-json\/wp\/v2\/users\/1787"}],"replies":[{"embeddable":true,"href":"https:\/\/linitiative.ca\/International\/wp-json\/wp\/v2\/comments?post=64488"}],"version-history":[{"count":0,"href":"https:\/\/linitiative.ca\/International\/wp-json\/wp\/v2\/posts\/64488\/revisions"}],"wp:attachment":[{"href":"https:\/\/linitiative.ca\/International\/wp-json\/wp\/v2\/media?parent=64488"}],"wp:term":[{"taxonomy":"category","embeddable":true,"href":"https:\/\/linitiative.ca\/International\/wp-json\/wp\/v2\/categories?post=64488"},{"taxonomy":"post_tag","embeddable":true,"href":"https:\/\/linitiative.ca\/International\/wp-json\/wp\/v2\/tags?post=64488"}],"curies":[{"name":"wp","href":"https:\/\/api.w.org\/{rel}","templated":true}]}}