{"id":64489,"date":"2019-10-15T11:22:33","date_gmt":"2019-10-15T15:22:33","guid":{"rendered":"https:\/\/linitiative.ca\/International\/sidi-maarouf-un-mort-et-un-blesse-grave-dans-un-incendie\/"},"modified":"2019-10-15T11:22:33","modified_gmt":"2019-10-15T15:22:33","slug":"sidi-maarouf-un-mort-et-un-blesse-grave-dans-un-incendie","status":"publish","type":"post","link":"https:\/\/linitiative.ca\/International\/sidi-maarouf-un-mort-et-un-blesse-grave-dans-un-incendie\/","title":{"rendered":"Sidi Ma\u00e2rouf : un mort et un bless\u00e9 grave dans un incendie"},"content":{"rendered":"<p><strong>Un chargeur de t\u00e9l\u00e9phone serait derri\u00e8re le drame.<\/strong><\/p>\n<div class=\"c10\"\/>\n<p>Un enfant en bas \u00e2ge a trouv\u00e9 la mort ce mardi 15 octobre 2019 dans l\u2019incendie qui s\u2019est d\u00e9clar\u00e9 dans un immeuble r\u00e9sidentiel \u00e0 <strong>Sidi Ma\u00e2rouf<\/strong>.<\/p>\n<p>La protection civile a cependant r\u00e9ussi \u00e0 sauver la s\u0153ur de l\u2019enfant mort par asphyxie. L\u2019incendie, dont l\u2019origine serait un chargeur de t\u00e9l\u00e9phone, a pouss\u00e9 une femme \u00e0 se jeter du troisi\u00e8me \u00e9tage. Elle a \u00e9t\u00e9 transf\u00e9r\u00e9e dans un \u00e9tat grave aux urgences de l\u2019h\u00f4pital Mohamed Sekkat.<\/p>\n<p>La protection civile a finalement r\u00e9ussi \u00e0 ma\u00eetriser les flammes qui ont engendr\u00e9 de graves pertes mat\u00e9rielles.<\/p>\n<div class=\"c17\">\n<fieldset class=\"c16\">\n<legend><strong><span class=\"c11\">Challenge<\/span><span class=\"c12\">news<\/span><\/strong><\/legend>\n<div class=\"c15\">Le meilleur de la r\u00e9daction s\u00e9lectionn\u00e9 par Challenge :<\/p>\n<\/div>\n<\/fieldset>\n<\/div>\n<p>Auteur: challenge<br \/>\n<a href=\"https:\/\/www.challenge.ma\/sidi-maarouf-un-mort-et-un-blesse-grave-dans-un-incendie-120197\/\">Cliquez ici pour lire l&rsquo;article depuis sa source.<\/a><\/p>\n","protected":false},"excerpt":{"rendered":"<p>Un chargeur de t\u00e9l\u00e9phone serait derri\u00e8re le drame. Un enfant en bas \u00e2ge a trouv\u00e9 la mort ce mardi 15 octobre 2019 dans l\u2019incendie qui s\u2019est d\u00e9clar\u00e9 dans un immeuble r\u00e9sidentiel \u00e0 Sidi Ma\u00e2rouf. La protection civile a cependant r\u00e9ussi \u00e0 sauver la s\u0153ur de l\u2019enfant mort par asphyxie. L\u2019incendie, dont l\u2019origine serait un chargeur [&hellip;]<\/p>\n","protected":false},"author":1787,"featured_media":0,"comment_status":"closed","ping_status":"closed","sticky":false,"template":"","format":"standard","meta":{"fifu_image_url":"","fifu_image_alt":"","footnotes":""},"categories":[78,54],"tags":[],"class_list":["post-64489","post","type-post","status-publish","format-standard","hentry","category-economie","category-maroc"],"_links":{"self":[{"href":"https:\/\/linitiative.ca\/International\/wp-json\/wp\/v2\/posts\/64489","targetHints":{"allow":["GET"]}}],"collection":[{"href":"https:\/\/linitiative.ca\/International\/wp-json\/wp\/v2\/posts"}],"about":[{"href":"https:\/\/linitiative.ca\/International\/wp-json\/wp\/v2\/types\/post"}],"author":[{"embeddable":true,"href":"https:\/\/linitiative.ca\/International\/wp-json\/wp\/v2\/users\/1787"}],"replies":[{"embeddable":true,"href":"https:\/\/linitiative.ca\/International\/wp-json\/wp\/v2\/comments?post=64489"}],"version-history":[{"count":0,"href":"https:\/\/linitiative.ca\/International\/wp-json\/wp\/v2\/posts\/64489\/revisions"}],"wp:attachment":[{"href":"https:\/\/linitiative.ca\/International\/wp-json\/wp\/v2\/media?parent=64489"}],"wp:term":[{"taxonomy":"category","embeddable":true,"href":"https:\/\/linitiative.ca\/International\/wp-json\/wp\/v2\/categories?post=64489"},{"taxonomy":"post_tag","embeddable":true,"href":"https:\/\/linitiative.ca\/International\/wp-json\/wp\/v2\/tags?post=64489"}],"curies":[{"name":"wp","href":"https:\/\/api.w.org\/{rel}","templated":true}]}}