{"id":64490,"date":"2019-10-15T11:51:01","date_gmt":"2019-10-15T15:51:01","guid":{"rendered":"https:\/\/linitiative.ca\/International\/jusquou-laisserons-nous-passer-la-haine-des-musulmans\/"},"modified":"2019-10-15T11:51:01","modified_gmt":"2019-10-15T15:51:01","slug":"jusquou-laisserons-nous-passer-la-haine-des-musulmans","status":"publish","type":"post","link":"https:\/\/linitiative.ca\/International\/jusquou-laisserons-nous-passer-la-haine-des-musulmans\/","title":{"rendered":"\u00ab Jusqu\u2019o\u00f9 laisserons-nous passer la haine des musulmans ? \u00bb"},"content":{"rendered":"<p><strong>90\u00a0personnalit\u00e9s demandent au pr\u00e9sident fran\u00e7ais, Emmanuel Macron, dans une tribune au \u00ab\u00a0Monde\u00a0\u00bb, de condamner l\u2019agression d\u2019une accompagnatrice scolaire voil\u00e9e. Le Courrier de l\u2019Atlas a particip\u00e9 \u00e0 la r\u00e9daction de cette tribune.<\/strong><\/p>\n<div class=\"c10\"\/>\n<p>L\u2019image a fait le tour des r\u00e9seaux sociaux : celle d\u2019une femme r\u00e9confortant dans ses bras son propre fils, en pleine assembl\u00e9e pl\u00e9ni\u00e8re du conseil r\u00e9gional de Bourgogne-Franche-Comt\u00e9, \u00e0 Dijon, apr\u00e8s son agression verbale par un \u00e9lu d\u2019extr\u00eame droite. Si l\u2019image nous r\u00e9volte tant, c\u2019est parce que nous en sommes tous collectivement responsables.<\/p>\n<p>Ce vendredi 11 octobre, Julien Odoul, pr\u00e9sident du groupe d\u2019extr\u00eame droite Rassemblement national, s\u2019en est pris violemment en public \u00e0 cette dame en s\u2019adressant \u00e0 la pr\u00e9sidente de r\u00e9gion, la socialiste Marie-Guite Dufay. \u00ab Madame la Pr\u00e9sidente, je vais vous demander, s\u2019il vous pla\u00eet, au nom de nos principes la\u00efcs, de bien vouloir demander \u00e0 l\u2019accompagnatrice qui vient d\u2019entrer dans cette salle de bien vouloir retirer son voile islamique. Nous sommes dans un b\u00e2timent public, nous sommes dans une enceinte d\u00e9mocratique. Madame a tout le loisir de garder son voile chez elle, dans la rue, mais pas ici, pas aujourd\u2019hui. (\u2026) C\u2019est la R\u00e9publique, c\u2019est la la\u00efcit\u00e9. C\u2019est la loi de la R\u00e9publique, pas de signe ostentatoire. (\u2026) C\u2019est une provocation insupportable, la vigilance citoyenne, c\u2019est aussi \u00e7a, madame la Pr\u00e9sidente. \u00bb Juste avant de quitter l\u2019assembl\u00e9e comme il avait menac\u00e9 de le faire, l\u2019\u00e9lu d\u2019extr\u00eame droite a lanc\u00e9 : \u00ab On ne peut pas d\u00e9buter la session par une minute de silence pour les victimes de la Pr\u00e9fecture de police et accepter \u00e7a. \u00bb<\/p>\n<p>Disons-le d\u2019embl\u00e9e, comme l\u2019a fait savoir, en pleine s\u00e9ance, la pr\u00e9sidente du conseil r\u00e9gional : rien, ni dans le r\u00e8glement ni dans la loi, ne justifiait que cette femme soit pouss\u00e9e vers la sortie de l\u2019assembl\u00e9e r\u00e9gionale. Elle avait tout \u00e0 fait le droit d\u2019y \u00eatre, v\u00eatue de son foulard. Cette sc\u00e8ne, ces mots, ce comportement sont d\u2019une violence et d\u2019une haine inou\u00efes. Mais par notre l\u00e2chet\u00e9, par nos renoncements, nous avons contribu\u00e9, petit \u00e0 petit, \u00e0 les laisser passer, \u00e0 les accepter.<\/p>\n<p>Ils sont d\u2019une violence et d\u2019une haine inou\u00efes pour tous ces enfants de CM2, \u00e2g\u00e9s d\u2019\u00e0 peine 10 ans, venus assister \u00e0 cette assembl\u00e9e pl\u00e9ni\u00e8re de rentr\u00e9e du conseil r\u00e9gional dans le cadre de l\u2019op\u00e9ration Ma R\u00e9publique et moi. Objectif de la d\u00e9marche : initier les enfants \u00e0 la vie publique.<\/p>\n<p>Ils sont d\u2019une violence et d\u2019une haine inou\u00efes pour ces instituteurs, soucieux, dans un souci de transmission du savoir, de donner \u00e0 voir \u00e0 leurs \u00e9l\u00e8ves l\u2019illustration de l\u2019exercice du d\u00e9bat d\u00e9mocratique. Quel fiasco\u2026<\/p>\n<p>\u00ab Quelles seront les cons\u00e9quences d\u2019une telle humiliation publique si ce n\u2019est renvoyer \u00e0 cet enfant qu\u2019il demeure un citoyen de seconde zone, indigne d\u2019\u00eatre pleinement fran\u00e7ais et reconnu comme tel ? \u00bb<\/p>\n<p>Ils le sont encore plus pour le fils de cette femme, qui a assist\u00e9, impuissant, \u00e0 l\u2019humiliation de sa propre m\u00e8re. Devant la haine de l\u2019attaque, il n\u2019a pu s\u2019emp\u00eacher d\u2019\u00e9clater en sanglots dans ses bras, avant de quitter l\u2019assembl\u00e9e. Qui se soucie du mal qu\u2019il a subi ? Qui se pr\u00e9occupe du traumatisme que peut repr\u00e9senter une telle agression dans la t\u00eate d\u2019un gamin d\u2019\u00e0 peine 10 ans ? Quelles seront les cons\u00e9quences d\u2019une telle humiliation publique si ce n\u2019est renvoyer \u00e0 cet enfant qu\u2019il demeure un citoyen de seconde zone, indigne d\u2019\u00eatre pleinement fran\u00e7ais et reconnu comme tel ?<\/p>\n<p>Mais ils sont surtout d\u2019une violence et d\u2019une haine inou\u00efes pour cette femme, victime d\u2019un amalgame inacceptable associant la pratique de sa religion \u00e0 l\u2019attentat de la Pr\u00e9fecture de police de Paris. Une femme publiquement pi\u00e9tin\u00e9e, chosifi\u00e9e, d\u00e9shumanis\u00e9e, devant le groupe d\u2019enfants qu\u2019elle accompagnait b\u00e9n\u00e9volement. Comme si elle pouvait \u00eatre \u00e9cras\u00e9e, bafou\u00e9e dans sa dignit\u00e9, sans que cela ne suscite la moindre indignation collective digne de ce nom. C\u2019est pourtant ce qu\u2019il s\u2019est produit.<\/p>\n<p><strong>O\u00f9 est l\u2019indignation g\u00e9n\u00e9rale ?<\/strong><\/p>\n<p>Certes, quelques \u00e9lus, des personnalit\u00e9s, des anonymes aussi ont us\u00e9 de leur voix sur les canaux de leurs r\u00e9seaux sociaux pour dire leur col\u00e8re, mais o\u00f9 est l\u2019indignation g\u00e9n\u00e9rale ? O\u00f9 sont les \u00e9missions de t\u00e9l\u00e9vision, de radio, hormis quelques billets et tribunes comme celle-ci pour condamner cette agression ? O\u00f9 est la parole publique de premier niveau, celle de nos \u00e9lus, des partis politiques, celle des ministres, celle du pr\u00e9sident de la R\u00e9publique pour refuser l\u2019inacceptable ?<\/p>\n<p>De fait, l\u2019\u00e9motion l\u00e9gitime qui devrait s\u2019exprimer dans l\u2019opinion est aux abonn\u00e9s absents : trop nombreux sont ceux qui se disent : \u00ab Elle l\u2019a bien cherch\u00e9 \u00bb, \u00ab Nous ne sommes plus chez nous \u00bb, ou qui l\u00e9gitiment les stigmatisations envers les musulmans au nom de la lutte contre la radicalisation et le terrorisme. N\u2019est-ce pas le ministre de l\u2019int\u00e9rieur lui-m\u00eame, Christophe Castaner, qui a list\u00e9 \u00e0 l\u2019Assembl\u00e9e nationale \u00ab la pratique r\u00e9guli\u00e8re et ostentatoire de la pri\u00e8re \u00bb et \u00ab la pratique exacerb\u00e9e de la religion en p\u00e9riode de ramadan \u00bb comme autant de \u00ab signes de radicalisation \u00bb \u00e0 signaler, alors qu\u2019il ne s\u2019agit ni plus ni moins que de conduites religieuses tout \u00e0 fait banales chez les musulmans pratiquants ?<\/p>\n<p>\u00ab L\u2019extr\u00eame droite a fait de la haine contre les musulmans un outil majeur de sa propagande, mais elle n\u2019en a pas le monopole \u00bb<\/p>\n<p>Ne nous y trompons donc pas. L\u2019extr\u00eame droite a fait de la haine contre les musulmans un outil majeur de sa propagande, mais elle n\u2019en a pas le monopole. Des membres de la droite et de la gauche dites r\u00e9publicaines n\u2019h\u00e9sitent pas \u00e0 stigmatiser les musulmans, et en premier lieu les femmes portant le voile, souvent \u00ab au nom de la la\u00efcit\u00e9 \u00bb. Le ministre de l\u2019\u00e9ducation nationale, Jean-Michel Blanquer, voit ainsi dans le port du foulard par des m\u00e8res d\u2019\u00e9l\u00e8ves accompagnant b\u00e9n\u00e9volement des sorties scolaires, en soutien des \u00e9quipes enseignantes, du \u00ab pros\u00e9lytisme \u00bb et du \u00ab communautarisme \u00bb. Interrog\u00e9 par BFM-TV sur l\u2019agression de la m\u00e8re d\u2019\u00e9l\u00e8ve \u00e0 Dijon par l\u2019\u00e9lu RN Julien Odoul, le ministre a certes condamn\u00e9 son comportement, mais a tout de m\u00eame affirm\u00e9 : \u00ab Le voile n\u2019est pas souhaitable dans notre soci\u00e9t\u00e9. \u00bb N\u2019est-ce pas ici l\u2019illustration m\u00eame d\u2019une stigmatisation assum\u00e9e jusqu\u2019au plus haut niveau de l\u2019Etat ?<\/p>\n<p>La la\u00efcit\u00e9, consacr\u00e9e par la loi de 1905, c\u2019est certes la s\u00e9paration de l\u2019Etat et du religieux, mais c\u2019est aussi la libert\u00e9 de croire ou de ne pas croire, la libert\u00e9 d\u2019exercer sa foi ou de ne pas l\u2019exercer, la libert\u00e9 de manifester ses convictions dans les limites du respect de l\u2019ordre public. Malgr\u00e9 les nombreuses alertes des associations et des militants, malgr\u00e9 le travail de d\u00e9construction des universitaires, nous avons trop longtemps laiss\u00e9 la voie libre aux interpr\u00e9tations d\u00e9voy\u00e9es du principe de la\u00efcit\u00e9, semant la division et la haine. Cette femme et son fils en payent le prix aujourd\u2019hui, comme d\u2019autres avant eux, mais qu\u2019en sera-t-il demain ?<\/p>\n<p><strong>Instrumentalisation de la la\u00efcit\u00e9<\/strong><\/p>\n<p>Jusqu\u2019o\u00f9 laisserons-nous passer ces haines ? Des plateaux t\u00e9l\u00e9 dans leur course au buzz et \u00e0 l\u2019audience permanente, de nos rangs d\u2019\u00e9lus et de d\u00e9cideurs avides de gains \u00e9lectoraux, sans parler de nos sph\u00e8res priv\u00e9es elles aussi impr\u00e9gn\u00e9es d\u2019intol\u00e9rances, jusqu\u2019\u00e0 quand allons-nous accepter que des citoyennes, des citoyens soient insult\u00e9s, agress\u00e9s, attaqu\u00e9s, stigmatis\u00e9s en raison de leur religion ? Jusqu\u2019\u00e0 quand allons-nous accepter que la la\u00efcit\u00e9, socle de notre R\u00e9publique, soit instrumentalis\u00e9e pour le compte d\u2019une vision s\u00e9gr\u00e9gationniste, raciste, x\u00e9nophobe, mortif\u00e8re de notre soci\u00e9t\u00e9 ? Acceptons-nous de nous laisser sombrer collectivement ou disons-nous stop maintenant, tant qu\u2019il est encore temps ?<\/p>\n<p>Hier, Latifa Ibn Ziaten, m\u00e8re du militaire Imad Ibn Ziaten, victime des attentats de Mohamed Merah, hu\u00e9e lors d\u2019un colloque \u00e0 l\u2019Assembl\u00e9e nationale en raison de son foulard ; hier encore, une femme de 24 ans, portant elle aussi un foulard, poignard\u00e9e devant son conjoint et leurs enfants \u00e0 Sury-le-Comtal (Loire). Aujourd\u2019hui, cette femme humili\u00e9e dans une assembl\u00e9e de la R\u00e9publique fran\u00e7aise. Aujourd\u2019hui encore, l\u2019universit\u00e9 de Cergy-Pontoise qui demande \u00e0 son personnel de lui faire remonter les \u00ab signaux faibles \u00bb de d\u00e9tection de radicalisation d\u2019\u00e9tudiants ou de coll\u00e8gues, ciblant uniquement les personnes de confession musulmane.<\/p>\n<p>Parmi ces signaux : \u00ab l\u2019arr\u00eat de consommation de boissons alcoolis\u00e9es \u00bb, \u00ab l\u2019arr\u00eat d\u2019utilisation des r\u00e9seaux sociaux \u00bb, \u00ab le port de la barbe sans moustache \u00bb ou encore \u00ab l\u2019int\u00e9r\u00eat soudain pour l\u2019actualit\u00e9 nationale et internationale \u00bb\u2026 Depuis, l\u2019universit\u00e9 a dit regretter \u00ab d\u2019avoir pu heurter ou choquer \u00bb, mais le mal est de nouveau fait. Et des questions demeurent : qui est \u00e0 l\u2019initiative de ce proc\u00e9d\u00e9 inf\u00e2me et gravissime ? A quand une enqu\u00eate ? Est-ce donc cela \u00ab la soci\u00e9t\u00e9 de la vigilance \u00bb qu\u2019appelle de ses v\u0153ux le pr\u00e9sident de la R\u00e9publique : un fichage et des d\u00e9nonciations de personnes de confession musulmane au sein d\u2019une institution publique fran\u00e7aise ?<\/p>\n<p>Jusqu\u2019o\u00f9 pouvons-nous tol\u00e9rer encore ces discours et actes de haine contre une partie de nos concitoyens ? Que laisserons-nous passer demain ? Qu\u2019expliquerons-nous \u00e0 nos enfants lorsque, dans quelques ann\u00e9es, ils nous demanderont, \u00e0 juste titre : \u00ab Qu\u2019aviez-vous fait ? \u00bb<\/p>\n<p>\u00ab Nous demandons \u00e0 Emmanuel Macron de dire que les femmes musulmanes, portant le foulard ou non, et les musulmans en g\u00e9n\u00e9ral ont toute leur place dans notre soci\u00e9t\u00e9 \u00bb<\/p>\n<p>Nous, personnalit\u00e9s d\u2019horizons divers, unies par la devise de notre R\u00e9publique, \u00ab libert\u00e9, \u00e9galit\u00e9, fraternit\u00e9 \u00bb, attach\u00e9es au principe de la\u00efcit\u00e9 tel qu\u2019inscrit dans la loi, demandons urgemment au gouvernement fran\u00e7ais et au pr\u00e9sident de la R\u00e9publique, Emmanuel Macron, de condamner publiquement l\u2019agression dont cette femme a \u00e9t\u00e9 victime devant son propre fils ; de dire, avec force, que les femmes musulmanes, portant le foulard ou non, et les musulmans en g\u00e9n\u00e9ral ont toute leur place dans notre soci\u00e9t\u00e9 ; de refuser que nos concitoyens musulmans soient fich\u00e9s, stigmatis\u00e9s, d\u00e9nonc\u00e9s pour la simple pratique de leur religion et d\u2019exiger solennellement que cessent les discriminations et les amalgames envers une partie de notre communaut\u00e9 nationale. Il en va de l\u2019avenir de notre pays.<\/p>\n<p>Signataires :<\/p>\n<p>Le\u00efla Alaouf, journaliste ; Zahra Ali, sociologue ; Sarah Al-Matary, ma\u00eetresse de conf\u00e9rences en litt\u00e9rature fran\u00e7aise ; Hakim et Mustapha Amokrane, artistes membres du groupe Zebda ; Salah Amokrane, responsable associatif ; Rebecca Amsellem, fondatrice de la newsletter \u00ab Les Glorieuses \u00bb ; Chadia Arab, g\u00e9ographe, chercheuse au CNRS ; Meziane Aza\u00efche, directeur du Cabaret sauvage ; P\u00e9n\u00e9lope Bagieu, dessinatrice ; B\u00e9atrice Barbusse, sociologue ; Lauren Bastide, journaliste et productrice ; Julie Billy, productrice ; Isabelle Boni-Claverie, r\u00e9alisatrice et sc\u00e9nariste ; Yassine Bouzrou, avocat ; Samira Brahmia, chanteuse et com\u00e9dienne ; Isabelle Cambourakis, \u00e9ditrice et enseignante ; Casey, artiste ; Samia Chabani, responsable associative ; Amelle Chahbi, com\u00e9dienne, r\u00e9alisatrice ; Chadia Chaibi-Loueslati, dessinatrice ; Hugues Charbonneau, producteur ; Aya Cissoko, auteure, triple championne du monde de boxe ; Laurence De Cock, historienne ; Christine Delphy, sociologue et directrice de recherches CNRS ; Vikash Dhorasoo, ancien footballeur, parrain d\u2019Oxfam ; Rokhaya Diallo, journaliste et r\u00e9alisatrice ; Karima Dir\u00e8che, historienne, directrice de recherche au CNRS ; DJ Snake, artiste ; Nassira El Moaddem, journaliste ; Jules Falquet, sociologue, f\u00e9ministe ; Eric Fassin, sociologue, professeur \u00e0 l\u2019universit\u00e9 Paris-8 ; Marina Fo\u00efs, actrice ; S\u00e9bastien Fontenelle, journaliste ; Genevi\u00e8ve Garrigos, d\u00e9fenseure des droits humains ; Florence Gastaud, productrice ; Amandine Gay, r\u00e9alisatrice ; S\u00e9bastien-Abdelhamid Godelu, journaliste, animateur TV ; Alain Gresh, journaliste ; Fa\u00efza Gu\u00e8ne, autrice ; Nora Hamadi, journaliste ; Nadia Hathroubi-Safsaf, r\u00e9dactrice en chef du Courrier de l\u2019Atlas, auteure, \u00e9lue locale ; J\u00e9r\u00f4me Jarre, influenceur humanitaire ; Marion Jobert, juriste ; Georgi Joseph, basketteur professionnel ; L\u00e9opold Lambert, r\u00e9dacteur en chef de The Funambulist ; Laurence Lascary, productrice ; Michel Leclerc, r\u00e9alisateur ; Titiou Lecoq, journaliste et autrice ; Gwena\u00eblle Lenoir, journaliste ; Matthieu Longatte, humoriste ; Baya Kasmi, sc\u00e9nariste, r\u00e9alisatrice ; Rapha\u00ebl Kempf, avocat ; Kyan Khojandi, auteur ; Sofia Manseri, conseill\u00e8re municipale d\u2019Aubervilliers (Seine-Saint-Denis) ; Tonie Marshall, r\u00e9alisatrice, productrice ; Madjid Messaoudene, \u00e9lu de Saint-Denis ; Guillaume Meurice, humoriste ; Marwan Mohammed, sociologue ; Rosa Moussaoui, grand reporter au journal L\u2019Humanit\u00e9 ; Ron Mvouika, basketteur professionnel ; G\u00e9raldine Nakache, actrice et r\u00e9alisatrice ; Nekfeu, artiste ; Judith Nora, productrice ; Dani\u00e8le Obono, d\u00e9put\u00e9e (La France insoumise) ; Oc\u00e9an, auteur et com\u00e9dien ; Ugo Palheta, sociologue ; Cyril Pedrosa, auteur ; Mabrouck Rachedi, \u00e9crivain ; Elisa Rojas, avocate ; Marina Rollman, humoriste ; Aur\u00e9lie Saada, chanteuse ; Eros Sana, militant des quartiers populaires ; C\u00e9line Sciamma, r\u00e9alisatrice, sc\u00e9nariste ; Fabienne Servan-Schreiber, productrice ; Patrick Simon, sociod\u00e9mographe \u00e0 l\u2019INED ; Maboula Soumahoro, enseignante-chercheuse \u00e0 l\u2019universit\u00e9 de Tours ; John Sulo, animateur TV ; H\u00e9l\u00e8ne Sy, pr\u00e9sidente de l\u2019association Cekedubonheur ; Omar Sy, acteur ; Amara Sy, basketteur professionnel ; Syra Sylla, journaliste sportive ; Ilhame Taoufiqi, grand reporter TV5 Monde ; Sylvie Tissot, sociologue, universit\u00e9 Paris-8 ; A\u00efda Touihri, journaliste et productrice ; Shahin Vall\u00e9e, \u00e9conomiste ; Na\u00efma Yahi, historienne ; Raph\u00e4l Yem, animateur TV ; Camille Zabka, autrice ; R\u00e9becca Zlotowski, r\u00e9alisatrice.<\/p>\n<div class=\"c17\">\n<fieldset class=\"c16\">\n<legend><strong><span class=\"c11\">Challenge<\/span><span class=\"c12\">news<\/span><\/strong><\/legend>\n<div class=\"c15\">Le meilleur de la r\u00e9daction s\u00e9lectionn\u00e9 par Challenge :<\/p>\n<\/div>\n<\/fieldset>\n<\/div>\n<p>Auteur: challenge<br \/>\n<a href=\"https:\/\/www.challenge.ma\/jusquou-laisserons-nous-passer-la-haine-des-musulmans-120204\/\">Cliquez ici pour lire l&rsquo;article depuis sa source.<\/a><\/p>\n","protected":false},"excerpt":{"rendered":"<p>90\u00a0personnalit\u00e9s demandent au pr\u00e9sident fran\u00e7ais, Emmanuel Macron, dans une tribune au \u00ab\u00a0Monde\u00a0\u00bb, de condamner l\u2019agression d\u2019une accompagnatrice scolaire voil\u00e9e. Le Courrier de l\u2019Atlas a particip\u00e9 \u00e0 la r\u00e9daction de cette tribune. L\u2019image a fait le tour des r\u00e9seaux sociaux : celle d\u2019une femme r\u00e9confortant dans ses bras son propre fils, en pleine assembl\u00e9e pl\u00e9ni\u00e8re du [&hellip;]<\/p>\n","protected":false},"author":1787,"featured_media":0,"comment_status":"closed","ping_status":"closed","sticky":false,"template":"","format":"standard","meta":{"fifu_image_url":"","fifu_image_alt":"","footnotes":""},"categories":[78,54],"tags":[],"class_list":["post-64490","post","type-post","status-publish","format-standard","hentry","category-economie","category-maroc"],"_links":{"self":[{"href":"https:\/\/linitiative.ca\/International\/wp-json\/wp\/v2\/posts\/64490","targetHints":{"allow":["GET"]}}],"collection":[{"href":"https:\/\/linitiative.ca\/International\/wp-json\/wp\/v2\/posts"}],"about":[{"href":"https:\/\/linitiative.ca\/International\/wp-json\/wp\/v2\/types\/post"}],"author":[{"embeddable":true,"href":"https:\/\/linitiative.ca\/International\/wp-json\/wp\/v2\/users\/1787"}],"replies":[{"embeddable":true,"href":"https:\/\/linitiative.ca\/International\/wp-json\/wp\/v2\/comments?post=64490"}],"version-history":[{"count":0,"href":"https:\/\/linitiative.ca\/International\/wp-json\/wp\/v2\/posts\/64490\/revisions"}],"wp:attachment":[{"href":"https:\/\/linitiative.ca\/International\/wp-json\/wp\/v2\/media?parent=64490"}],"wp:term":[{"taxonomy":"category","embeddable":true,"href":"https:\/\/linitiative.ca\/International\/wp-json\/wp\/v2\/categories?post=64490"},{"taxonomy":"post_tag","embeddable":true,"href":"https:\/\/linitiative.ca\/International\/wp-json\/wp\/v2\/tags?post=64490"}],"curies":[{"name":"wp","href":"https:\/\/api.w.org\/{rel}","templated":true}]}}