{"id":64491,"date":"2019-10-15T13:03:26","date_gmt":"2019-10-15T17:03:26","guid":{"rendered":"https:\/\/linitiative.ca\/International\/wpc-la-gouvernance-mondiale-est-en-crise-profonde\/"},"modified":"2019-10-15T13:03:26","modified_gmt":"2019-10-15T17:03:26","slug":"wpc-la-gouvernance-mondiale-est-en-crise-profonde","status":"publish","type":"post","link":"https:\/\/linitiative.ca\/International\/wpc-la-gouvernance-mondiale-est-en-crise-profonde\/","title":{"rendered":"WPC : la gouvernance mondiale est en crise profonde"},"content":{"rendered":"<p><strong>Les int\u00e9r\u00eats des grandes puissances \u00e9tatiques ont la peau dure. Les espaces de dialogue, comme celui de la World Policy Conference (WPC), pourront-ils aider \u00e0 \u00e9viter le pire ?<\/strong><\/p>\n<div class=\"c10\"\/>\n<p>Les structures multilat\u00e9rales, n\u00e9es \u00e0 la suite de la seconde guerre mondiale, sont de plus en plus obsolescentes. Leur caract\u00e8re non \u00e9volutif les a condamn\u00e9es \u00e0 \u00eatre d\u00e9pass\u00e9es, \u00e0 ne plus refl\u00e9ter la r\u00e9alit\u00e9 internationale actuelle. C\u2019est l\u00e0 un constat partag\u00e9. Mais, au-del\u00e0 de ce constat, lorsqu\u2019il s\u2019agit de r\u00e9former ces structures pour pouvoir agir efficacement, in\u00e9vitablement, des divergences, voire des contradictions surgissent. Les int\u00e9r\u00eats des grandes puissances \u00e9tatiques ont la peau dure. Les espaces de dialogue, comme celui de la <strong>World Policy Conference<\/strong> (WPC), pourront-ils aider \u00e0 \u00e9viter le pire ?<\/p>\n<p>Thierry de Montbrial, pr\u00e9sident et fondateur de WPC, construit son raisonnement sur l\u2019observation directe des rapports de force, au niveau international, \u00e9cartant \u00e0 la fois l\u2019id\u00e9alisme et le r\u00e9alisme hobbesien, pour d\u00e9fendre une d\u00e9marche volontariste o\u00f9 l\u2019action humaine peut \u00eatre positive et d\u00e9cisive dans le devenir de la plan\u00e8te Terre. Ainsi, pour lui, le <strong>Moyen-Orient<\/strong> est toujours ce volcan en pleine activit\u00e9 o\u00f9 l\u2019instabilit\u00e9, non seulement est permanente, mais avec, en plus, un accroissement de la gravit\u00e9 et de la complexit\u00e9. Le conflit Iran-Arabie saoudite a r\u00e9v\u00e9l\u00e9 d\u2019une part la capacit\u00e9 du premier \u00e0 r\u00e9sister aux menaces des \u00c9tats-Unis d\u2019Am\u00e9rique et aux sanctions, d\u2019autre part, la vuln\u00e9rabilit\u00e9 du second, dont les causes seraient plus internes qu\u2019externes.<\/p>\n<p>Avec Trump, les \u00c9tats-Unis ont recours, de plus en plus m\u00e9thodiquement, \u00e0 l\u2019arme \u00e9conomique, voire \u00e0 l\u2019arme mon\u00e9taire, multipliant et aggravant ainsi encore plus les \u00ab incertitudes \u00bb, un leitmotiv dans la bouche de la plupart des intervenants \u00e0 cette conf\u00e9rence. La Chine, au contraire, opte ouvertement pour le multilat\u00e9ralisme. C\u2019est l\u00e0 un grand paradoxe du 21\u00e8me si\u00e8cle. Nous avons d\u2019une part, un \u00c9tat \u00ab communiste \u00bb qui d\u00e9fend le libre-\u00e9change dans le monde, et d\u2019autre part, un \u00c9tat \u00ab lib\u00e9ral \u00bb qui opte pour le protectionnisme le plus agressif. Dans ce contexte, le \u00ab <strong>nationalisme<\/strong> \u00bb reviennent en force dans presque tous les continents. Thierry de Montbrial a recours \u00e0 de nouveaux concepts forg\u00e9s dans la r\u00e9alit\u00e9 internationale pour pouvoir d\u00e9crire ce paradoxe : \u00ab d\u00e9mocratie illib\u00e9rale \u00bb, ou \u00ab non lib\u00e9rale \u00bb, c\u2019est-\u00e0-dire se contentant de la forme lib\u00e9rale avec un contenu autoritaire, ou encore \u00ab d\u00e9mocratie ethnique \u00bb. L\u2019\u00e9volution r\u00e9cente en Inde, pays de Gandhi, illustre bien cette situation o\u00f9 les minorit\u00e9s religieuses\/culturelles font face \u00e0 des risques d\u2019exclusion. Isra\u00ebl en est d\u2019ailleurs le mod\u00e8le parfait o\u00f9 l\u2019exclusion des arabo-palestiniens est syst\u00e9matique, \u00e0 l\u2019instar de ce qu\u2019avait tent\u00e9 de mettre en place le syst\u00e8me d\u2019Apartheid en Afrique du Sud.<\/p>\n<p>Thierry de Montbrial s\u2019interroge aussi sur le devenir de l\u2019<strong>Union europ\u00e9enne<\/strong>, dans cette r\u00e9alit\u00e9 internationale, dont l\u2019\u00e9volution est acc\u00e9l\u00e9r\u00e9e sous l\u2019effet des nouvelles technologies de l\u2019information et de la communication (NTIC), r\u00e9alit\u00e9 domin\u00e9e actuellement par deux grandes \u00ab puissances imp\u00e9riales \u00bb, la Chine et les \u00c9tats-Unis. Le continent europ\u00e9en, autrefois \u00ab centre du monde \u00bb, va-t-il se contenter de choisir un camp, de s\u2019arrimer \u00e0 la puissance du moment ? Un comportement certes r\u00e9aliste et pragmatiste, mais tout \u00e0 fait opportuniste.<\/p>\n<p><strong>Le r\u00f4le de l\u2019Afrique<\/strong><\/p>\n<p>Pour pouvoir faire face \u00e0 cette \u00ab impasse \u00bb, l\u2019Afrique peut aider l\u2019Europe \u00e0 un choix plus digne. C\u2019est l\u2019appel formul\u00e9 par Amadou Gon Coulibaly, premier ministre de la C\u00f4te d\u2019Ivoire. L\u2019ensemble du continent africain appuie la voie du multilat\u00e9ralisme. Le renforcement de cette voie d\u00e9pend du d\u00e9veloppement de la coop\u00e9ration interafricaine et de la mise en place de nouveaux m\u00e9canismes garantissant une interd\u00e9pendance effective entre l\u2019Europe et l\u2019Afrique.<\/p>\n<p>L\u2019ambassadeur de la R\u00e9publique fran\u00e7aise au Maroc, H\u00e9l\u00e8ne Le Gal, a lu le message d\u2019Edouard Philippe, premier ministre, pour qui \u00ab la politique est pareille \u00e0 la m\u00e9t\u00e9o\u2026 \u00bb. C\u2019est l\u00e0 une mise en avant de la dimension conjoncturelle, et donc superficielle, de la politique. Or, il existe des constantes permettant de disposer d\u2019une \u00ab boussole \u00bb et d\u2019\u00e9viter de nouveaux drames \u00e0 l\u2019humanit\u00e9. Un minimum de certitude, bas\u00e9 sur les tendances lourdes, est n\u00e9cessaire pour pouvoir garder le minimum de visibilit\u00e9 possible et \u00e9viter le \u00ab grand naufrage \u00bb. Des acquis solides du multilat\u00e9ralisme existent. Ils doivent \u00eatre renforc\u00e9s. C\u2019est notamment le cas des Objectifs de D\u00e9veloppement Durable (ODD), avec l\u2019Agenda 2030. Le concept de \u00ab d\u00e9veloppement durable \u00bb contient une vision strat\u00e9gique dont la d\u00e9clinaison effective devrait pousser vers la construction irr\u00e9versible d\u2019une nouvelle r\u00e9alit\u00e9 internationale, bas\u00e9e non seulement sur l\u2019\u00e9quilibre des forces, mais aussi sur l\u2019ouverture et le respect r\u00e9ciproque entre les \u00c9tats, quel que soit leur niveau de puissance. C\u2019est tout simplement la voie de la cons\u00e9cration du droit, non pas le droit du puissant ou du vainqueur, mais un droit r\u00e9nov\u00e9, au service d\u2019un int\u00e9r\u00eat commun red\u00e9fini multilat\u00e9ralement, avec pour objectif ultime la protection de la dignit\u00e9 humaine, seul axe \u00e0 ne pas perdre de vue dans la \u00ab boussole mondiale \u00bb, pour pouvoir naviguer en ces temps d\u2019incertitudes.<\/p>\n<p>Arkebe Oqubay, ministre et conseiller sp\u00e9cial du premier ministre d\u2019Ethiopie, pr\u00e9voit pour sa part l\u2019\u00e9mergence d\u2019un \u00ab ordre mondial sino-centrique \u00bb. Un ordre qui ne serait pas tout \u00e0 fait nouveau, \u00e9voquant Napol\u00e9on Bonaparte qui qualifiait d\u00e9j\u00e0, au 19\u00e8me si\u00e8cle, la Chine de \u00ab g\u00e9ant endormi \u00bb. \u00a0Pour Arkebe Oqubay, ce sont les in\u00e9galit\u00e9s croissantes qui constituent une \u00ab bombe \u00e0 retardement \u00bb. Auxquelles s\u2019ajoute le changement climatique, en tant que \u00ab risque majeur \u00bb. La r\u00e9forme profonde du mode de gouvernance mondiale devrait \u00eatre ax\u00e9e sur le bien-\u00eatre des populations et le respect de l\u2019environnement.<\/p>\n<p>Le conflit actuel Chine-\u00c9tats-Unis tourne autour de la conqu\u00eate de la plus grande part du \u00ab g\u00e2teau mondial \u00bb. Ce conflit ne peut mener que vers la destruction totale, sans vainqueur ni vaincu. Laurent Fabius, ancien pr\u00e9sident de la COP 21, et actuel pr\u00e9sident du Conseil constitutionnel en France, \u00e9voque Claude L\u00e9vi-Strauss qui, dans \u00ab Tristes tropiques \u00bb, a rappel\u00e9 que \u00ab le monde a commenc\u00e9 sans l\u2019\u00eatre humain, et que, certainement, il continuera sans lui \u00bb. Oui, effectivement, c\u2019est l\u00e0 une triste r\u00e9alit\u00e9 \u00e0 pr\u00e9voir, qui pourra devenir certitude, si l\u2019\u00eatre humain, \u00e0 travers ses actes, ne r\u00e9agit pas \u00e0 temps face aux menaces pesant sur l\u2019ensemble de la plan\u00e8te Terre.<\/p>\n<div class=\"c17\">\n<fieldset class=\"c16\">\n<legend><strong><span class=\"c11\">Challenge<\/span><span class=\"c12\">news<\/span><\/strong><\/legend>\n<div class=\"c15\">Le meilleur de la r\u00e9daction s\u00e9lectionn\u00e9 par Challenge :<\/p>\n<\/div>\n<\/fieldset>\n<\/div>\n<p>Auteur: Mohamed Amine<br \/>\n<a href=\"https:\/\/www.challenge.ma\/wpc-la-gouvernance-mondiale-est-en-crise-profonde-120226\/\">Cliquez ici pour lire l&rsquo;article depuis sa source.<\/a><\/p>\n","protected":false},"excerpt":{"rendered":"<p>Les int\u00e9r\u00eats des grandes puissances \u00e9tatiques ont la peau dure. Les espaces de dialogue, comme celui de la World Policy Conference (WPC), pourront-ils aider \u00e0 \u00e9viter le pire ? Les structures multilat\u00e9rales, n\u00e9es \u00e0 la suite de la seconde guerre mondiale, sont de plus en plus obsolescentes. Leur caract\u00e8re non \u00e9volutif les a condamn\u00e9es \u00e0 [&hellip;]<\/p>\n","protected":false},"author":1787,"featured_media":0,"comment_status":"closed","ping_status":"closed","sticky":false,"template":"","format":"standard","meta":{"fifu_image_url":"","fifu_image_alt":"","footnotes":""},"categories":[78,54],"tags":[],"class_list":["post-64491","post","type-post","status-publish","format-standard","hentry","category-economie","category-maroc"],"_links":{"self":[{"href":"https:\/\/linitiative.ca\/International\/wp-json\/wp\/v2\/posts\/64491","targetHints":{"allow":["GET"]}}],"collection":[{"href":"https:\/\/linitiative.ca\/International\/wp-json\/wp\/v2\/posts"}],"about":[{"href":"https:\/\/linitiative.ca\/International\/wp-json\/wp\/v2\/types\/post"}],"author":[{"embeddable":true,"href":"https:\/\/linitiative.ca\/International\/wp-json\/wp\/v2\/users\/1787"}],"replies":[{"embeddable":true,"href":"https:\/\/linitiative.ca\/International\/wp-json\/wp\/v2\/comments?post=64491"}],"version-history":[{"count":0,"href":"https:\/\/linitiative.ca\/International\/wp-json\/wp\/v2\/posts\/64491\/revisions"}],"wp:attachment":[{"href":"https:\/\/linitiative.ca\/International\/wp-json\/wp\/v2\/media?parent=64491"}],"wp:term":[{"taxonomy":"category","embeddable":true,"href":"https:\/\/linitiative.ca\/International\/wp-json\/wp\/v2\/categories?post=64491"},{"taxonomy":"post_tag","embeddable":true,"href":"https:\/\/linitiative.ca\/International\/wp-json\/wp\/v2\/tags?post=64491"}],"curies":[{"name":"wp","href":"https:\/\/api.w.org\/{rel}","templated":true}]}}