{"id":64498,"date":"2019-10-15T17:10:31","date_gmt":"2019-10-15T21:10:31","guid":{"rendered":"https:\/\/linitiative.ca\/International\/equipe-nationale-blesse-un-attaquant-quitte-le-stage\/"},"modified":"2019-10-15T17:10:31","modified_gmt":"2019-10-15T21:10:31","slug":"equipe-nationale-blesse-un-attaquant-quitte-le-stage","status":"publish","type":"post","link":"https:\/\/linitiative.ca\/International\/equipe-nationale-blesse-un-attaquant-quitte-le-stage\/","title":{"rendered":"\u00c9quipe nationale : bless\u00e9, un attaquant quitte le stage"},"content":{"rendered":"<p dir=\"ltr\">Le staff technique de la s\u00e9lection tunisienne des joueurs locaux a d\u00e9cid\u00e9 aujourd\u2019hui de se passer des services de l\u2019attaquant, Taha Yassine Khenissi.<\/p>\n<p dir=\"ltr\">Selon la F\u00e9d\u00e9ration Tunisienne de Football, le joueur\u00a0Esp\u00e9rantiste avait ressenti des douleurs au cours de la rencontre amicale de la s\u00e9lection tunisienne disput\u00e9e face \u00e0 la s\u00e9lection camerounaise.<\/p>\n<div class=\"code-block code-block-1 c5\"><ins class=\"adsbygoogle c4\" data-ad-layout=\"in-article\" data-ad-format=\"fluid\" data-ad-client=\"ca-pub-2102118777505746\" data-ad-slot=\"7301775417\"\/> <\/div>\n<p dir=\"ltr\">Le staff m\u00e9dical a ainsi pr\u00e9f\u00e9r\u00e9 le m\u00e9nager et Khenissi ne prendra pas part ce dimanche \u00e0 la rencontre face \u00e0 la s\u00e9lection libyenne en \u00e9liminatoires du CHAN 2020.<\/p>\n<p dir=\"ltr\">Taha Yassine Khenissi sera remplac\u00e9 par le jeune attaquant de l\u2019Etoile Sportive du Sahel, Hazem Hadj Hassen qui a \u00e9t\u00e9 convoqu\u00e9 par le staff technique cet apr\u00e8s-midi.<\/p>\n<div class=\"heateor_sss_sharing_container heateor_sss_horizontal_sharing\" heateor-sss-data-href=\"https:\/\/sport.tunisienumerique.com\/equipe-nationale-blesse-attaquant-quitte-stage\/\" heateor-sss-no-counts=\"1\">\n<div class=\"heateor_sss_sharing_title c6\">Cet article vous a \u00e9t\u00e9 utile? Partagez le, il int\u00e9ressera d\u2019autres personnes. Merci!<\/div>\n<ul class=\"heateor_sss_sharing_ul\">\n<li class=\"heateorSssSharingRound\"><em alt=\"Facebook\" title=\"Facebook\" class=\"heateorSssSharing heateorSssFacebookBackground c7\" onclick=\"heateorSssPopup(\"https:\/\/www.facebook.com\/sharer\/sharer.php?u=https%3A%2F%2Fsport.tunisienumerique.com%2Fequipe-nationale-blesse-attaquant-quitte-stage%2F\")\">\u00a0<\/em><\/li>\n<li class=\"heateorSssSharingRound\"><em alt=\"Twitter\" title=\"Twitter\" class=\"heateorSssSharing heateorSssTwitterBackground c7\" onclick=\"heateorSssPopup(\"http:\/\/twitter.com\/intent\/tweet?text=%C3%89quipe%20nationale%20%3A%20bless%C3%A9%2C%20un%20attaquant%20quitte%20le%20stage&#038;url=https%3A%2F%2Fsport.tunisienumerique.com%2Fequipe-nationale-blesse-attaquant-quitte-stage%2F\")\">\u00a0<\/em><\/li>\n<li class=\"heateorSssSharingRound\"><em alt=\"Linkedin\" title=\"Linkedin\" class=\"heateorSssSharing heateorSssLinkedinBackground c7\" onclick=\"heateorSssPopup(\"http:\/\/www.linkedin.com\/shareArticle?mini=true&#038;url=https%3A%2F%2Fsport.tunisienumerique.com%2Fequipe-nationale-blesse-attaquant-quitte-stage%2F&#038;title=%C3%89quipe%20nationale%20%3A%20bless%C3%A9%2C%20un%20attaquant%20quitte%20le%20stage\")\">\u00a0<\/em><\/li>\n<li class=\"heateorSssSharingRound\"><em alt=\"Google Gmail\" title=\"Google Gmail\" class=\"heateorSssSharing heateorSssGoogleGmailBackground c7\" onclick=\"heateorSssPopup(\"https:\/\/mail.google.com\/mail\/?ui=2&#038;view=cm&#038;fs=1&#038;tf=1&#038;su=%C3%89quipe%20nationale%20%3A%20bless%C3%A9%2C%20un%20attaquant%20quitte%20le%20stage&#038;body=Link:https%3A%2F%2Fsport.tunisienumerique.com%2Fequipe-nationale-blesse-attaquant-quitte-stage%2F\")\">\u00a0<\/em><\/li>\n<li class=\"heateorSssSharingRound\"><em alt=\"Whatsapp\" title=\"Whatsapp\" class=\"heateorSssSharing heateorSssWhatsappBackground c7\"><a href=\"https:\/\/api.whatsapp.com\/send?text=%C3%89quipe%20nationale%20%3A%20bless%C3%A9%2C%20un%20attaquant%20quitte%20le%20stage%20https%3A%2F%2Fsport.tunisienumerique.com%2Fequipe-nationale-blesse-attaquant-quitte-stage%2F\" rel=\"nofollow noopener noreferrer\" target=\"_blank\">\u00a0<\/a><\/em><\/li>\n<li class=\"heateorSssSharingRound\">\u00a0<\/li>\n<\/ul>\n<\/div>\n<div class=\"mvp-org-wrap mvp-org-logo\" itemprop=\"publisher\" itemscope=\"\" itemtype=\"https:\/\/schema.org\/Organization\"><img decoding=\"async\" src=\"https:\/\/sport.tunisienumerique.com\/wp-content\/uploads\/2017\/05\/logo_tunisie_numerique.png\"\/><\/div>\n<div class=\"mvp-related-posts left relative\">\n<h4 class=\"post-header\"><span class=\"post-header\">Lire aussi<\/span><\/h4>\n<\/div>\n<p>Auteur: a.<br \/>\n<a href=\"https:\/\/sport.tunisienumerique.com\/equipe-nationale-blesse-attaquant-quitte-stage\/\">Cliquez ici pour lire l&rsquo;article depuis sa source.<\/a><\/p>\n","protected":false},"excerpt":{"rendered":"<p>Le staff technique de la s\u00e9lection tunisienne des joueurs locaux a d\u00e9cid\u00e9 aujourd\u2019hui de se passer des services de l\u2019attaquant, Taha Yassine Khenissi. Selon la F\u00e9d\u00e9ration Tunisienne de Football, le joueur\u00a0Esp\u00e9rantiste avait ressenti des douleurs au cours de la rencontre amicale de la s\u00e9lection tunisienne disput\u00e9e face \u00e0 la s\u00e9lection camerounaise. Le staff m\u00e9dical a [&hellip;]<\/p>\n","protected":false},"author":1789,"featured_media":64499,"comment_status":"closed","ping_status":"closed","sticky":false,"template":"","format":"standard","meta":{"fifu_image_url":"","fifu_image_alt":"","footnotes":""},"categories":[73,55],"tags":[],"class_list":["post-64498","post","type-post","status-publish","format-standard","has-post-thumbnail","hentry","category-actualite","category-tunisie"],"_links":{"self":[{"href":"https:\/\/linitiative.ca\/International\/wp-json\/wp\/v2\/posts\/64498","targetHints":{"allow":["GET"]}}],"collection":[{"href":"https:\/\/linitiative.ca\/International\/wp-json\/wp\/v2\/posts"}],"about":[{"href":"https:\/\/linitiative.ca\/International\/wp-json\/wp\/v2\/types\/post"}],"author":[{"embeddable":true,"href":"https:\/\/linitiative.ca\/International\/wp-json\/wp\/v2\/users\/1789"}],"replies":[{"embeddable":true,"href":"https:\/\/linitiative.ca\/International\/wp-json\/wp\/v2\/comments?post=64498"}],"version-history":[{"count":0,"href":"https:\/\/linitiative.ca\/International\/wp-json\/wp\/v2\/posts\/64498\/revisions"}],"wp:featuredmedia":[{"embeddable":true,"href":"https:\/\/linitiative.ca\/International\/wp-json\/"}],"wp:attachment":[{"href":"https:\/\/linitiative.ca\/International\/wp-json\/wp\/v2\/media?parent=64498"}],"wp:term":[{"taxonomy":"category","embeddable":true,"href":"https:\/\/linitiative.ca\/International\/wp-json\/wp\/v2\/categories?post=64498"},{"taxonomy":"post_tag","embeddable":true,"href":"https:\/\/linitiative.ca\/International\/wp-json\/wp\/v2\/tags?post=64498"}],"curies":[{"name":"wp","href":"https:\/\/api.w.org\/{rel}","templated":true}]}}