{"id":64500,"date":"2019-10-15T17:12:00","date_gmt":"2019-10-15T21:12:00","guid":{"rendered":"https:\/\/linitiative.ca\/International\/tunisie-ennahdha-va-proposer-zied-laadheri-a-la-presidence-du-gouvernement\/"},"modified":"2019-10-15T17:12:00","modified_gmt":"2019-10-15T21:12:00","slug":"tunisie-ennahdha-va-proposer-zied-laadheri-a-la-presidence-du-gouvernement","status":"publish","type":"post","link":"https:\/\/linitiative.ca\/International\/tunisie-ennahdha-va-proposer-zied-laadheri-a-la-presidence-du-gouvernement\/","title":{"rendered":"Tunisie \u2013 Ennahdha va proposer Zied La\u00e2dheri \u00e0 la pr\u00e9sidence du gouvernement\u00a0?"},"content":{"rendered":"<div class=\"post-cont-in left relative\">\n<div class=\"swp_social_panel swp_horizontal_panel swp_flat_fresh swp_default_full_color swp_individual_full_color swp_other_full_color scale-100 scale-\" data-min-width=\"1100\" data-float-color=\"#ffffff\" data-float=\"none\" data-float-mobile=\"none\" data-transition=\"slide\">\n<div class=\"nc_tweetContainer swp_share_button total_shares total_sharesalt\"><span class=\"swp_count\">36 <span class=\"swp_label\">Partages<\/span><\/span><\/div>\n<\/div>\n<p>Le parti islamiste Ennahdha, arriv\u00e9 en t\u00eate des suffrages aux\u00a0\u00e9lections l\u00e9gislatives sera, de ce fait, appel\u00e9, dans quelques jours, \u00e0 proposer au pr\u00e9sident de la R\u00e9publique le nom de son candidat \u00e0 la pr\u00e9sidence du gouvernement.<\/p>\n<p>Il semblerait que pour le moment, les avis soient partag\u00e9s, au sein du parti, quant \u00e0 proposer un nom d\u00e9 l\u2019int\u00e9rieur du mouvement ou une personnalit\u00e9 ind\u00e9pendante. Il y a ceux qui veulent\u00a0faire profil bas, et continuer \u00e0 gouverner\u00a0 derri\u00e8re une vitrine qu\u2019ils choisiront \u00e0 leur guise, car ils ont eu la mauvaise exp\u00e9rience de l\u2019\u00e9poque de la Tro\u00efka, quand ils se sont rendu compte que le pouvoir usait. Ils ont encore la hantise du \u00ab\u00a0sc\u00e9nario \u00e9gyptien\u00a0\u00bb. D\u2019autant plus que la phase qui vient s\u2019annonce tr\u00e8s difficile sur les plans \u00e9conomique et social et Ennahdha pr\u00e9f\u00e9rerait que\u00a0d\u2019autres en fassent les frais. Mais il y a aussi ceux qui sont conscients des grands changements g\u00e9opolitiques r\u00e9gionaux et internationaux et qui pensent que pour assurer leurs arri\u00e8res, en ces moments difficiles o\u00f9 leur confr\u00e9rie n\u2019a plus le vent en poupe, ils n\u2019ont gu\u00e8re d\u2019autre choix que de mettre la main sur tous les niveaux du pouvoir dans le pays.<\/p>\n<div class=\"code-block code-block-1 c3\"><ins class=\"adsbygoogle c2\" data-ad-layout=\"in-article\" data-ad-format=\"fluid\" data-ad-client=\"ca-pub-2102118777505746\" data-ad-slot=\"7301775417\"\/> <\/div>\n<p>Dans toute incertitude, une\u00a0nom \u00e9merge tout de m\u00eame de ce flou. C\u2019est que si Ennahdha va proposer l\u2019un des siens pour La Kasbah \u00e7\u00e0 sera Zied La\u00e2dheri. Car les derniers jours, il est en train d\u2019\u00eatre pr\u00e9sent\u00e9, notamment aux \u00e9trangers, comme l\u2019homme fort du parti, apr\u00e8s le grand Manitou bien \u00e9videmment.<\/p>\n<p>C\u2019est d\u2019ailleurs, Zied La\u00e2dheri qui a accompagn\u00e9 le Cheikh, pour rencontrer, il y a quelques jours, l\u2019ambassadeur fran\u00e7ais Olivier Poivre d\u2019Arvor, \u00e0 la demande de ce dernier qui voulait faire part de l\u2019inqui\u00e9tude de son gouvernement face \u00e0 la mont\u00e9e en puissance des groupuscules ultra-extr\u00e9mistes, qui appellent \u00e0 la violence et aux agressions et qui ont m\u00eame menac\u00e9 les int\u00e9r\u00eats fran\u00e7ais dans le pays.<\/p>\n<p>A noter que Zied La\u00e2dheri a tranquillis\u00e9 l\u2019ambassadeur, de m\u00eame que le Cheikh, en lui assurant que ces individus ne seront jamais les alli\u00e9s d\u2019Ennahdha et que le parti ne composera jamais avec eux, qui pr\u00f4nent des visions oppos\u00e9es \u00e0 celles de l\u2019Islam politique tel que le con\u00e7oit Ennahdha.<\/p>\n<p><strong>Que se passe-t-il en Tunisie?<\/strong><br \/>Nous expliquons sur notre <a href=\"https:\/\/www.youtube.com\/channel\/UCRzypVq0B_yBad5eGrwBx0Q?sub_confirmation=1\" target=\"_blank\" rel=\"noopener noreferrer\">cha\u00eene YouTube<\/a> . <a href=\"https:\/\/www.youtube.com\/channel\/UCRzypVq0B_yBad5eGrwBx0Q?sub_confirmation=1\" target=\"_blank\" rel=\"noopener noreferrer\">Abonnez-vous!<\/a><\/p>\n<div class=\"mvp-org-wrap mvp-org-logo\" itemprop=\"publisher\" itemscope=\"\" itemtype=\"https:\/\/schema.org\/Organization\">\n<p><img decoding=\"async\" src=\"https:\/\/www.tunisienumerique.com\/wp-content\/uploads\/2017\/02\/logo_tunisie_numerique.png\"\/><\/p>\n<\/div>\n<div class=\"swp_social_panel swp_horizontal_panel swp_flat_fresh swp_default_full_color swp_individual_full_color swp_other_full_color scale-100 scale-\" data-min-width=\"1100\" data-float-color=\"#ffffff\" data-float=\"none\" data-float-mobile=\"none\" data-transition=\"slide\">\n<div class=\"nc_tweetContainer swp_share_button total_shares total_sharesalt\"><span class=\"swp_count\">36 <span class=\"swp_label\">Partages<\/span><\/span><\/div>\n<\/div>\n<div class=\"mvp-related-posts left relative\">\n<h4 class=\"post-header\"><span class=\"post-header\">Lire aussi<\/span><\/h4>\n<\/div>\n<\/div>\n<p>Auteur: Saber .<br \/>\n<a href=\"https:\/\/www.tunisienumerique.com\/tunisie-ennahdha-va-proposer-zied-laadheri-a-la-presidence-du-gouvernement\/\">Cliquez ici pour lire l&rsquo;article depuis sa source.<\/a><\/p>\n","protected":false},"excerpt":{"rendered":"<p>36 Partages Le parti islamiste Ennahdha, arriv\u00e9 en t\u00eate des suffrages aux\u00a0\u00e9lections l\u00e9gislatives sera, de ce fait, appel\u00e9, dans quelques jours, \u00e0 proposer au pr\u00e9sident de la R\u00e9publique le nom de son candidat \u00e0 la pr\u00e9sidence du gouvernement. Il semblerait que pour le moment, les avis soient partag\u00e9s, au sein du parti, quant \u00e0 proposer [&hellip;]<\/p>\n","protected":false},"author":1789,"featured_media":64501,"comment_status":"closed","ping_status":"closed","sticky":false,"template":"","format":"standard","meta":{"fifu_image_url":"","fifu_image_alt":"","footnotes":""},"categories":[73,55],"tags":[],"class_list":["post-64500","post","type-post","status-publish","format-standard","has-post-thumbnail","hentry","category-actualite","category-tunisie"],"_links":{"self":[{"href":"https:\/\/linitiative.ca\/International\/wp-json\/wp\/v2\/posts\/64500","targetHints":{"allow":["GET"]}}],"collection":[{"href":"https:\/\/linitiative.ca\/International\/wp-json\/wp\/v2\/posts"}],"about":[{"href":"https:\/\/linitiative.ca\/International\/wp-json\/wp\/v2\/types\/post"}],"author":[{"embeddable":true,"href":"https:\/\/linitiative.ca\/International\/wp-json\/wp\/v2\/users\/1789"}],"replies":[{"embeddable":true,"href":"https:\/\/linitiative.ca\/International\/wp-json\/wp\/v2\/comments?post=64500"}],"version-history":[{"count":0,"href":"https:\/\/linitiative.ca\/International\/wp-json\/wp\/v2\/posts\/64500\/revisions"}],"wp:featuredmedia":[{"embeddable":true,"href":"https:\/\/linitiative.ca\/International\/wp-json\/"}],"wp:attachment":[{"href":"https:\/\/linitiative.ca\/International\/wp-json\/wp\/v2\/media?parent=64500"}],"wp:term":[{"taxonomy":"category","embeddable":true,"href":"https:\/\/linitiative.ca\/International\/wp-json\/wp\/v2\/categories?post=64500"},{"taxonomy":"post_tag","embeddable":true,"href":"https:\/\/linitiative.ca\/International\/wp-json\/wp\/v2\/tags?post=64500"}],"curies":[{"name":"wp","href":"https:\/\/api.w.org\/{rel}","templated":true}]}}