{"id":64504,"date":"2019-10-15T16:09:10","date_gmt":"2019-10-15T20:09:10","guid":{"rendered":"https:\/\/linitiative.ca\/International\/presidentielle-2020-en-rci\/"},"modified":"2019-10-15T16:09:10","modified_gmt":"2019-10-15T20:09:10","slug":"presidentielle-2020-en-rci","status":"publish","type":"post","link":"https:\/\/linitiative.ca\/International\/presidentielle-2020-en-rci\/","title":{"rendered":"PRESIDENTIELLE 2020 EN RCI"},"content":{"rendered":"<div class=\"stream-item stream-item-above-post-content\">\n<p><noscript><\/p>\n<p><a href=\"\/\/www3.smartadserver.com\/ac?jump=1&#038;nwid=2136&#038;siteid=240610&#038;pgname=rg&#038;fmtid=49046&#038;visit=m&#038;tmstp=[timestamp]&#038;out=nonrich\" target=\"_blank\" rel=\"noopener noreferrer\"><img decoding=\"async\" src=\"\/\/www3.smartadserver.com\/ac?out=nonrich&#038;nwid=2136&#038;siteid=240610&#038;pgname=rg&#038;fmtid=49046&#038;visit=m&#038;tmstp=[timestamp]\" border=\"0\" alt=\"\"\/><\/a><\/p>\n<p><\/noscript><\/div>\n<p>C\u2019est \u00e0 Valence, en Espagne, que l\u2019ex-pr\u00e9sident de l\u2019Assembl\u00e9e nationale, Guillaume Soro, a annonc\u00e9 sa candidature \u00e0 la pr\u00e9sidentielle de 2020 en C\u00f4te d\u2019Ivoire. Si le lieu choisi pour le faire, a surpris plus d\u2019un, l\u2019annonce en elle-m\u00eame de la candidature de celui que les Ivoiriens surnomment <em>Bogota<\/em>, n\u2019a rien de surprenant. Car, depuis son d\u00e9part de l\u2019h\u00e9micycle, Guillaume Soro n\u2019a jamais fait myst\u00e8re de son ambition de briguer la magistrature supr\u00eame. On le voyait venir m\u00eame s\u2019il a pass\u00e9 le temps \u00e0 entretenir un faux suspense. C\u2019est, du reste, la strat\u00e9gie toute trouv\u00e9e des hommes politiques sous nos tropiques, qui consiste \u00e0 entretenir le flou, tout en laissant parler les thurif\u00e9raires. C\u2019est le cas, par exemple, du pr\u00e9sident Alassane Dramane Ouattara (ADO) qui, jusque-l\u00e0, a aussi choisi de faire dans la langue de bois quand on lui demande s\u2019il compte rempiler en 2020, si fait que bien de ses compatriotes se perdent en conjectures. Sans doute veut-il suivre l\u2019\u00e9volution sociopolitique de son pays avant de se prononcer clairement, surtout que son alli\u00e9 d\u2019hier, Henri Konan B\u00e9di\u00e9 (HKB), de guerre lasse, a d\u00e9cid\u00e9 de se rapprocher de l\u2019ex-pensionnaire de la prison de Scheveningen qu\u2019est l\u2019ex-pr\u00e9sident Laurent Gbagbo. D\u2019o\u00f9 l\u2019interrogation suivante\u00a0: quel serait le poids de la candidature du natif de Ferk\u00e9 si Gbagbo, B\u00e9di\u00e9 et ADO d\u00e9cidaient de s\u2019engager r\u00e9solument dans la course \u00e0 la prochaine pr\u00e9sidentielle\u00a0? Certes, Guillaume Soro, personne n\u2019en doute, dispose de moyens humains et financiers et peut compter sur le vaste r\u00e9seau dont il dispose dans son pays comme un peu partout \u00e0 travers le monde. Mais il lui est difficile de se d\u00e9faire de l\u2019image d\u2019ancien rebelle ou de seigneur de guerre qui lui colle \u00e0 la peau et que certains de ses adversaires ne manqueront pas d\u2019utiliser contre lui. A cela s\u2019ajoutent ses d\u00e9m\u00eal\u00e9s judiciaires qui lui ont valu le risque d\u2019\u00eatre arr\u00eat\u00e9 en France et qui font aussi qu\u2019aujourd\u2019hui, il pr\u00e9f\u00e8re survoler le Burkina Faso voisin.<\/p>\n<p><strong>\u00a0<\/strong><\/p>\n<p><strong>La pr\u00e9sidentielle de 2020 promet d\u2019\u00eatre des plus \u00e9piques en C\u00f4te d\u2019Ivoire<\/strong><\/p>\n<p><strong>\u00a0<\/strong><\/p>\n<p class=\"c3\">D\u00e8s lors, on comprend pourquoi Soro a choisi de jouer la carte de la victimisation pour esp\u00e9rer ainsi s\u2019attirer la sympathie de l\u2019opinion publique ivoirienne. Morceau choisi\u00a0: \u00ab\u00a0<em>Mais pourquoi tant de haine\u00a0? J\u2019ai fait quoi\u00a0? Simplement parce que je ne veux\u00a0 plus militer dans le Rassemblement des houphou\u00e9tistes pour la d\u00e9mocratie et la paix (RHDP). D\u2019ordinaire, les pays se battent pour aller chercher leurs ressortissants dans d\u2019autres pays. Mais moi, c\u2019est mon pays qui se bat pour que tous les pays m\u2019arr\u00eatent<\/em>\u00a0\u00bb, a-t-il d\u00e9clar\u00e9 face \u00e0 ses militants \u00e0 Valence, tout en d\u00e9non\u00e7ant une op\u00e9ration destin\u00e9e \u00e0 \u00ab\u00a0<em>l\u2019humilier<\/em>\u00a0\u00bb. Voyez-vous\u00a0? Ainsi va la politique o\u00f9 des amis d\u2019hier deviennent subitement des ennemis, pour peu que les uns commencent \u00e0 convoiter le fauteuil de l\u2019autre. En tout cas, le moins que l\u2019on puisse dire, c\u2019est qu\u2019au regard de la nouvelle recomposition de la classe politique, la pr\u00e9sidentielle de 2020 promet d\u2019\u00eatre des plus \u00e9piques en C\u00f4te d\u2019Ivoire. Pourvu seulement que les uns et les autres prennent de la hauteur\u00a0 pour que plus jamais, le pays ne revive une crise post-\u00e9lectorale \u00e0 l\u2019instar de celle de 2010-2011,\u00a0 qui a co\u00fbt\u00e9 la vie \u00e0 pr\u00e8s de 30 000 personnes.<\/p>\n<p><strong>Boundi OUOBA<\/strong><\/p>\n<p>Auteur: Le Pays<br \/>\n<a href=\"http:\/\/lepays.bf\/presidentielle-2020-en-rci-3\/\">Cliquez ici pour lire l&rsquo;article depuis sa source.<\/a><\/p>\n","protected":false},"excerpt":{"rendered":"<p>C\u2019est \u00e0 Valence, en Espagne, que l\u2019ex-pr\u00e9sident de l\u2019Assembl\u00e9e nationale, Guillaume Soro, a annonc\u00e9 sa candidature \u00e0 la pr\u00e9sidentielle de 2020 en C\u00f4te d\u2019Ivoire. Si le lieu choisi pour le faire, a surpris plus d\u2019un, l\u2019annonce en elle-m\u00eame de la candidature de celui que les Ivoiriens surnomment Bogota, n\u2019a rien de surprenant. Car, depuis son [&hellip;]<\/p>\n","protected":false},"author":1813,"featured_media":0,"comment_status":"closed","ping_status":"closed","sticky":false,"template":"","format":"standard","meta":{"fifu_image_url":"","fifu_image_alt":"","footnotes":""},"categories":[73,81],"tags":[],"class_list":["post-64504","post","type-post","status-publish","format-standard","hentry","category-actualite","category-burkina-faso"],"_links":{"self":[{"href":"https:\/\/linitiative.ca\/International\/wp-json\/wp\/v2\/posts\/64504","targetHints":{"allow":["GET"]}}],"collection":[{"href":"https:\/\/linitiative.ca\/International\/wp-json\/wp\/v2\/posts"}],"about":[{"href":"https:\/\/linitiative.ca\/International\/wp-json\/wp\/v2\/types\/post"}],"author":[{"embeddable":true,"href":"https:\/\/linitiative.ca\/International\/wp-json\/wp\/v2\/users\/1813"}],"replies":[{"embeddable":true,"href":"https:\/\/linitiative.ca\/International\/wp-json\/wp\/v2\/comments?post=64504"}],"version-history":[{"count":0,"href":"https:\/\/linitiative.ca\/International\/wp-json\/wp\/v2\/posts\/64504\/revisions"}],"wp:attachment":[{"href":"https:\/\/linitiative.ca\/International\/wp-json\/wp\/v2\/media?parent=64504"}],"wp:term":[{"taxonomy":"category","embeddable":true,"href":"https:\/\/linitiative.ca\/International\/wp-json\/wp\/v2\/categories?post=64504"},{"taxonomy":"post_tag","embeddable":true,"href":"https:\/\/linitiative.ca\/International\/wp-json\/wp\/v2\/tags?post=64504"}],"curies":[{"name":"wp","href":"https:\/\/api.w.org\/{rel}","templated":true}]}}