{"id":64505,"date":"2019-10-15T07:42:41","date_gmt":"2019-10-15T11:42:41","guid":{"rendered":"https:\/\/linitiative.ca\/International\/honore-kietyeta-dg-de-lafp-pme-on-peut-entreprendre-sans-financements-exterieurs\/"},"modified":"2019-10-15T07:42:41","modified_gmt":"2019-10-15T11:42:41","slug":"honore-kietyeta-dg-de-lafp-pme-on-peut-entreprendre-sans-financements-exterieurs","status":"publish","type":"post","link":"https:\/\/linitiative.ca\/International\/honore-kietyeta-dg-de-lafp-pme-on-peut-entreprendre-sans-financements-exterieurs\/","title":{"rendered":"Honor\u00e9 Kietyeta, DG de l\u2019AFP\/PME:  \u00ab\u00a0On peut entreprendre sans financements ext\u00e9rieurs\u00a0\u00bb"},"content":{"rendered":"<div class=\"td-post-featured-image\"><a href=\"https:\/\/i0.wp.com\/www.sidwaya.info\/wp-content\/uploads\/2019\/10\/2dg.jpg?fit=900%2C675&#038;ssl=1\" data-caption=\"\"><img loading=\"lazy\" decoding=\"async\" width=\"696\" height=\"522\" class=\"entry-thumb td-modal-image\" src=\"https:\/\/i0.wp.com\/www.sidwaya.info\/wp-content\/uploads\/2019\/10\/2dg.jpg?resize=696%2C522&#038;ssl=1\" srcset=\"https:\/\/i0.wp.com\/www.sidwaya.info\/wp-content\/uploads\/2019\/10\/2dg.jpg?w=900&#038;ssl=1 900w, https:\/\/i0.wp.com\/www.sidwaya.info\/wp-content\/uploads\/2019\/10\/2dg.jpg?resize=300%2C225&#038;ssl=1 300w, https:\/\/i0.wp.com\/www.sidwaya.info\/wp-content\/uploads\/2019\/10\/2dg.jpg?resize=768%2C576&#038;ssl=1 768w, https:\/\/i0.wp.com\/www.sidwaya.info\/wp-content\/uploads\/2019\/10\/2dg.jpg?resize=80%2C60&#038;ssl=1 80w, https:\/\/i0.wp.com\/www.sidwaya.info\/wp-content\/uploads\/2019\/10\/2dg.jpg?resize=265%2C198&#038;ssl=1 265w, https:\/\/i0.wp.com\/www.sidwaya.info\/wp-content\/uploads\/2019\/10\/2dg.jpg?resize=696%2C522&#038;ssl=1 696w, https:\/\/i0.wp.com\/www.sidwaya.info\/wp-content\/uploads\/2019\/10\/2dg.jpg?resize=560%2C420&#038;ssl=1 560w\" sizes=\"auto, (max-width: 696px) 100vw, 696px\" alt=\"\" title=\"2dg\"\/><\/a><\/div>\n<div class=\"td-a-rec td-a-rec-id-content_top td_uid_30_5da63b54f195a_rand td_block_template_1\"><img loading=\"lazy\" decoding=\"async\" class=\"aligncenter size-full wp-image-15084\" src=\"https:\/\/www.sidwaya.info\/wp-content\/uploads\/2019\/10\/Bannie%CC%80re.png\" alt=\"\" width=\"720\" height=\"90\"\/><\/div>\n<p><strong>Face aux difficult\u00e9s d\u2019acc\u00e8s des jeunes aux financements, il est de plus en plus question du concept \u00ab\u00a0<em>Entreprendre \u00e0 Z\u00e9ro Franc<\/em> \u00a0\u00bb (<em>EZF<\/em>). Mais que renferme cette notion\u00a0? Constitue-t-elle une alternative cr\u00e9dible pour b\u00e2tir des entrepreneurs de type nouveau au Burkina Faso\u00a0?Pour en savoir davantage, Sidwaya a rencontr\u00e9 le Directeur G\u00e9n\u00e9ral de l\u2019Agence de financement et de promotion des petites et moyennes entreprises (AFP-PME),<\/strong> <strong>Honor\u00e9 K.KIETYETA.<\/strong><\/p>\n<p><strong>Sidwaya\u00a0:L\u2019acc\u00e8s des Petites et Moyennes Entreprises (PME) et des jeunes aux cr\u00e9dits est une question r\u00e9currente. Est-ce un probl\u00e8me de manque de structures de financements ou de conditionnalit\u00e9s d\u2019acc\u00e8s aux cr\u00e9dits?<\/strong><\/p>\n<p><strong>Honor\u00e9 K.<\/strong> <strong>Kietyeta<\/strong><strong>\u00a0:<\/strong>L\u2019acc\u00e8s des PME ou des jeunes entrepreneurs aux financements est v\u00e9ritablement une question r\u00e9currente. Pour ce qui est des institutions de financement, elles sont d\u00e9j\u00e0 nombreuses, il faudrait peut-\u00eatre renforcer le dispositif existant. Au Burkina Faso, on d\u00e9nombre en 2019 au moins 71 institutions de microfinances, 19 fonds nationaux de financements, 15 banques et 4 \u00e9tablissements financiers. Si l\u2019acc\u00e8s aux financements \u00e9tait li\u00e9 au nombre de structures, je pense que l\u2019on aurait r\u00e9solu le probl\u00e8me.<\/p>\n<p>Cependant, la probl\u00e9matique de l\u2019acc\u00e8s aux cr\u00e9dits recouvre deux aspects qui peuvent \u00eatre imput\u00e9s aux structures de financement. On peut retenir l\u2019inadaptation des m\u00e9canismes de financement par rapport aux profils d\u2019entrepreneurset de projetsque nous recevons. Le vivier des entreprises est constitu\u00e9 \u00e0 pr\u00e8s de 90% par les PME\u00a0dont la plupart ont une organisation de type informel. Faute de conditionnalit\u00e9s adapt\u00e9es ou d\u2019expertise interne pour comprendre leurs activit\u00e9s, elles sont accompagn\u00e9es principalement pour les op\u00e9rations de bas de bilan, fonds de roulement, march\u00e9s etc. alors qu\u2019elles devraient l\u2019\u00eatre pour des op\u00e9rations de plus long terme comme leurs investissements en capital productif. Au niveau des start-up, par exemple, il est difficile d\u2019obtenir l\u2019exp\u00e9rience et les s\u00fbret\u00e9s requises pour un pr\u00eat classique. Au niveau des femmes, l\u2019exigence de biens immobiliers comme garanties pose souvent probl\u00e8me quand on sait que l\u2019acc\u00e8s au foncier pour la gente f\u00e9minine n\u2019est pas \u00e9videntparfois pour raisons socio-culturelles.<\/p>\n<p>Comme deuxi\u00e8me reproche, on peut noter la faible repr\u00e9sentativit\u00e9 des \u00e9tablissements de cr\u00e9dit en dehors des grandes villes. Ce qui affecte la croissance et la comp\u00e9titivit\u00e9 des PME des autres localit\u00e9s.<\/p>\n<p>Au niveau de l\u2019Agence de financement etde promotion des petites et moyennes entreprises (AFP-PME) sous l\u2019\u00e9gide du Minist\u00e8re en charge du commerce et de l\u2019industrie, et de celui de l\u2019\u00e9conomie et des finances, nous travaillons \u00e0 mobiliser davantage de ressources et \u00e0 trouver des passerelles entre fonds nationaux, soci\u00e9t\u00e9s de garantie et banques, afin d\u2019offrir en synergie des produits financiers plus flexibles ainsi que des formules d\u2019accompagnement\u00e0 la fois technique et financier r\u00e9pondant aux besoins des PME et des \u00e9tablissements des cr\u00e9dits.<\/p>\n<p>Pour finir, j\u2019aimerais rappeler qu\u2019il ne faut pas occulter le fait que l\u2019acc\u00e8s aux financements incombe aussi au sujet d\u2019investissements, c\u2019est-\u00e0-dire le projet dans ses composantes technologique, financi\u00e8re, commerciale et des ressources humaines. Le promoteur aussi fait l\u2019objet d\u2019examen de la part des \u00e9tablissements de cr\u00e9dits. Si toutes les conditions, en termes de savoir-faire, de cr\u00e9dibilit\u00e9, de pertinence dans la composition de son \u00e9quipe, du choix des \u00e9quipements, de la connaissance et de la ma\u00eetrise de la client\u00e8le et de l\u2019environnement, pour la mise en \u0153uvre du projet, ne sont pas r\u00e9unies, il est clair que l\u2019\u00e9tablissement de cr\u00e9dit ne peutse permettre de risquer l\u2019\u00e9pargne des citoyens ou les ressources mises \u00e0 sa disposition que lui-m\u00eame doit rembourser.<\/p>\n<p>Certes, il y a des pr\u00e9occupations l\u00e9gitimes, mais des perspectives existent au regard des engagements au niveau national et sous r\u00e9gional de promouvoir l\u2019inclusion financi\u00e8re.Nous saluons le d\u00e9but d\u2019op\u00e9rationnalisation de la Caisse de d\u00e9p\u00f4t et de consignation, ainsi que de la Banque agricole et l\u2019adoption d\u2019une strat\u00e9gie nationale de promotion de la finance inclusive. Cela devra permettra d\u2019avoir au niveau \u00e9tatique des volumes plus importants et des solutions plus adapt\u00e9es aux r\u00e9alit\u00e9s de nos entreprises.<\/p>\n<p>Au niveau communautaire, la banque centrale d\u00e9veloppe avec les banques commerciales, les soci\u00e9t\u00e9s de garantie, les bureaux d\u2019information sur le cr\u00e9dit et les structures d\u2019accompagnement des entreprises un dispositif tr\u00e8s attendu, qui devra faire \u00e9voluer positivement l\u2019acc\u00e8s des PME aux financements bancaires.<\/p>\n<p>Il y a aussi que le digital ouvre des possibilit\u00e9s que les acteurs sont en train d\u2019explorer. Des alternatives innovantes en vogue ailleurs comme le financement participatif, le capital-investissement, la bourse, les business angels, etc., m\u00e9ritent d\u2019\u00eatre davantage promues gr\u00e2ce \u00e0 un cadre r\u00e8glementaire incitatif.<\/p>\n<p><strong>S : En dehors de l\u2019acc\u00e8s au financement, y a-t-il d\u2019autres contraintes \u00e0 la promotion de l\u2019entrepreneuriat?<\/strong><\/p>\n<p><strong>K\u00a0:<\/strong>Pour se d\u00e9velopper l\u2019entreprise a besoin de clients, ensuite de savoir s\u2019organiser pour servir de fa\u00e7on rentable cette client\u00e8le et la fid\u00e9liser. Le financement n\u2019est que le troisi\u00e8me ingr\u00e9dient pour acc\u00e9l\u00e9rer et consolider sa croissance. L\u2019acc\u00e8s \u00e0 la connaissance, \u00e0 la formation est aussi vital pour une PME. Comme contrainte \u00e0 la promotion des PME, on peut citer la fiscalit\u00e9 qui reste une question mal appr\u00e9hend\u00e9e, et malheureusement freine l\u2019\u00e9lan vers la mise aux normes des entreprises. Elles rechignent \u00e0 se formaliser et aller vers d\u2019autres terrains de comp\u00e9tition. Cela a des inconv\u00e9nients, car on n\u2019optimise pas sa fa\u00e7on de g\u00e9rer\u00a0; on participe difficilement aux appels d\u2019offres publics, on ne peut tisser des partenariats importants avec l\u2019ext\u00e9rieur, etc.<\/p>\n<p>En r\u00e9ponse, des choses sont fa\u00eetes pour juguler ces contraintes comme l\u2019adoption de la charte de la PME qui garantira annuellement au moins 15% de la commande publique aux PME. Le soutien du \u00ab\u00a0consommons local\u00a0\u00bb pour assurer des d\u00e9bouch\u00e9s aux PME. Des s\u00e9ances d\u2019informations et des programmes de formation sont d\u00e9roul\u00e9s par les diff\u00e9rentes structures d\u2019appui du secteur priv\u00e9. Des incubateurs publics et priv\u00e9s se mettent en place. Au niveau de la fiscalit\u00e9, on peut retenir les abattements et exon\u00e9rations pour les PME adh\u00e9rentes aux centres de gestion agr\u00e9es ou b\u00e9n\u00e9ficiant d\u2019un agr\u00e9ment au Code des investissements.<\/p>\n<p>Enfin, je voudrais souligner l\u2019engouement des jeunes pour l\u2019entrepreneuriat m\u00eame si ce n\u2019est encore pas tr\u00e8s fort comme dans d\u2019autres pays de la r\u00e9gion. Je pense que certaines r\u00e9sistances peuvent \u00eatre rattach\u00e9es \u00e0 l\u2019\u00e9ducation, nos origines, nos valeurs, soit que culturellement nos rapports vis-\u00e0-vis de l\u2019argent et comment on le gagne par exemple, d\u00e9termine notre d\u00e9cision; soit que depuis le bas \u00e2ge en passant par l\u2019\u00e9cole et l\u2019universit\u00e9, l\u2019entreprenariat ne nous a jamais \u00e9t\u00e9 pr\u00e9sent\u00e9 comme une option cr\u00e9dible de se valoriser.\u00a0Beaucoup y vont par d\u00e9faut. Il y a de plus en plus des activit\u00e9s de sensibilisation et de formation en entrepreneuriat au sein des universit\u00e9s et des \u00e9coles. C\u2019est \u00e0 encourager.<\/p>\n<p>Je crois que c\u2019est \u00e0 tous qu\u2019il incombe de travailler \u00e0 changer cette perception.<\/p>\n<p><img loading=\"lazy\" decoding=\"async\" class=\"alignleft size-full wp-image-15137\" src=\"https:\/\/i2.wp.com\/www.sidwaya.info\/wp-content\/uploads\/2019\/10\/1-27.jpg?resize=696%2C522&#038;ssl=1\" alt=\"\" width=\"696\" height=\"522\" srcset=\"https:\/\/i2.wp.com\/www.sidwaya.info\/wp-content\/uploads\/2019\/10\/1-27.jpg?w=3264&#038;ssl=1 3264w, https:\/\/i2.wp.com\/www.sidwaya.info\/wp-content\/uploads\/2019\/10\/1-27.jpg?resize=300%2C225&#038;ssl=1 300w, https:\/\/i2.wp.com\/www.sidwaya.info\/wp-content\/uploads\/2019\/10\/1-27.jpg?resize=768%2C576&#038;ssl=1 768w, https:\/\/i2.wp.com\/www.sidwaya.info\/wp-content\/uploads\/2019\/10\/1-27.jpg?resize=1024%2C768&#038;ssl=1 1024w, https:\/\/i2.wp.com\/www.sidwaya.info\/wp-content\/uploads\/2019\/10\/1-27.jpg?resize=80%2C60&#038;ssl=1 80w, https:\/\/i2.wp.com\/www.sidwaya.info\/wp-content\/uploads\/2019\/10\/1-27.jpg?resize=265%2C198&#038;ssl=1 265w, https:\/\/i2.wp.com\/www.sidwaya.info\/wp-content\/uploads\/2019\/10\/1-27.jpg?resize=696%2C522&#038;ssl=1 696w, https:\/\/i2.wp.com\/www.sidwaya.info\/wp-content\/uploads\/2019\/10\/1-27.jpg?resize=1068%2C801&#038;ssl=1 1068w, https:\/\/i2.wp.com\/www.sidwaya.info\/wp-content\/uploads\/2019\/10\/1-27.jpg?resize=560%2C420&#038;ssl=1 560w, https:\/\/i2.wp.com\/www.sidwaya.info\/wp-content\/uploads\/2019\/10\/1-27.jpg?resize=1320%2C990&#038;ssl=1 1320w, https:\/\/i2.wp.com\/www.sidwaya.info\/wp-content\/uploads\/2019\/10\/1-27.jpg?w=1392&#038;ssl=1 1392w, https:\/\/i2.wp.com\/www.sidwaya.info\/wp-content\/uploads\/2019\/10\/1-27.jpg?w=2088&#038;ssl=1 2088w\" sizes=\"auto, (max-width: 696px) 100vw, 696px\" data-recalc-dims=\"1\"\/><\/p>\n<p><strong>S\u00a0:Aujourd\u2019hui, vous \u00eates dans une dynamique qui consiste \u00e0 promouvoir le concept \u00ab\u00a0<em>Entreprendre \u00e0 Z\u00e9ro Franc<\/em> \u00a0\u00bb (<em>EZF<\/em>). Que renferme ce concept ?<\/strong><\/p>\n<p><strong>K.\u00a0:<\/strong> Parler d\u2019\u00a0\u00bb<em>Entreprendre \u00e0 Z\u00e9ro Franc<\/em>\u00ab\u00a0<strong><em>(EZF)<\/em><\/strong> peut choquer ou susciter des d\u00e9bats. Mais c\u2019est un terme accrocheur, il faut le reconna\u00eetre. Nous-m\u00eames avons \u00e9t\u00e9 s\u00e9duits lorsque l\u2019\u00e9quipe de la Fondation africaine pour l\u2019entreprenariat et le d\u00e9veloppement \u00e9conomique (FAFEDE) nous a pr\u00e9sent\u00e9 ce concept r\u00e9volutionnaire.<\/p>\n<p>En r\u00e9alit\u00e9, <em>\u00ab\u00a0EZF\u00a0\u00bb<\/em>, signifie entreprendre sans apport financier ext\u00e9rieur. On met alors le porteur du projet au c\u0153ur de son business. On l\u2019am\u00e8ne \u00e0 r\u00e9fl\u00e9chir \u00e0 ce qu\u2019il peut faire, s\u2019il n\u2019avait que lui-m\u00eame et ses propres ressources, pour r\u00e9aliser le r\u00eave qu\u2019il porte.<\/p>\n<p>On dit toujours que l\u2019avenir appartient \u00e0 la jeunesse. Mais il faut trouver les m\u00e9canismes pour permettre \u00e0 cette jeunesse de pr\u00e9server contre certaines tentations. Nous voulons donc \u00e0 travers \u00ab\u00a0<em>EZF<\/em>\u00a0\u00bb amener nos fr\u00e8res et s\u0153urs \u00e0 avoir le r\u00e9flexe de se prendre en charge dignement, en leur donnant les outils et les techniques qui leur permettent d\u2019entreprendre avec le peu de ressources dont ils disposent. C\u2019est pourquoi, nous avons lanc\u00e9, avec la FAFEDE, cette caravane qui doit toucher 10 mille jeunes et femmes des 13 r\u00e9gions du Burkina Faso d\u2019ici fin 2020. Nous l\u2019avons lanc\u00e9 le 3 juin 2019 \u00e0 Banfora\u00a0; depuis le 30 septembre, nous sommes \u00e0 Koudougou o\u00f9 nous avonsplus de 600 participants assidus, pour un objectif de d\u00e9part de 300 participants. Ce qui prouve que l\u2019approche est int\u00e9ressante et la bienvenue.<\/p>\n<p><strong>S : Qu\u2019est-ce qui justifie qu\u2019une agence de financement comme l\u2019AFP-PME s\u2019engage dans la promotion d\u2019un tel concept ?<\/strong><\/p>\n<p><strong>K.\u00a0:<\/strong>Cela peut para\u00eetre \u00e9tonnant\u00a0qu\u2019une agence de financement s\u2019engage \u00e0 promouvoir le concept \u00ab\u00a0<em>entreprendre \u00e0 z\u00e9ro franc<\/em>\u00ab\u00a0! Mais, quand on est dans un pays et un environnement o\u00f9 les moyens sont limit\u00e9s, il est normal de s\u2019inscrire dans ce type de dynamique.<\/p>\n<p>C\u2019est \u00e9galement un devoir pour nous de permettre aux porteurs de projet d\u2019avoir des r\u00e9ponses \u00e0 leur d\u00e9sir d\u2019entreprendre mais qui font face \u00e0 des difficult\u00e9s de financement. En tant que Fonds public, nos interventions visent \u00e0 terme la cr\u00e9ation de richesses et d\u2019emplois durables.<\/p>\n<p>La projet EZF se donne pour ambition de former des entrepreneurs qui s\u2019auto-emploient et cr\u00e9ent d\u2019autres emplois, sans toutefois avoir \u00e0 passer par les d\u00e9boires des devanciers qui ont appris sur le tard avant de devenir les chefs d\u2019entreprises redoutables que nous connaissons. EZF vise \u00e0 doter les apprenants de connaissances et techniques pour r\u00e9fl\u00e9chir, d\u00e9marrer leur projet sans attendre des financements ext\u00e9rieurs, et gravir rigoureusement tous les \u00e9chelons. Ils acqui\u00e8rent des comp\u00e9tences lors de la formation mais aussi des \u00e9l\u00e9ments en mati\u00e8re de d\u00e9veloppement personnel pour poursuivre leur r\u00eave et devenir des chefs d\u2019entreprises aguerris.<\/p>\n<p>En r\u00e9alit\u00e9, le concept vise un changement de mentalit\u00e9s. Quand nous analysons souvent les demandes de financement \u00e0 notre niveau, nous nous rendons compte que c\u2019est parfois un recours facile aux cr\u00e9dits sans s\u2019assurer d\u2019un minimum de maturit\u00e9 du projet.<\/p>\n<p>Notre objectif est donc de donner les rudiments et le mental n\u00e9cessaires au public cible. Cette ann\u00e9e au niveau des concours de la fonction publique, il a \u00e9t\u00e9 enregistr\u00e9 plus de1\u00a0200\u00a0000 candidats pour moins de 6000 postes, avec des perspectives de salaires mensuels compris entre 75\u00a0000 FCFA et 200\u00a0000 FCFA, pour les plus chanceux. Alors que suivant notre capital de d\u00e9part, on peut mener des activit\u00e9s qui vous g\u00e9n\u00e8rent 10\u00a0000 F par jour ou 50\u00a0000F par jour. Imaginez ce que les parkeurs ou les g\u00e9rantes de kiosques autour de ces sites ont engrang\u00e9 comme revenus! Peut-\u00eatre que l\u2019on doit mieux surveiller notre environnement pour d\u00e9tecter les opportunit\u00e9s et d\u00e9marrer avec le peu que l\u2019on a, comme nous l\u2019apprennent les grands op\u00e9rateurs \u00e9conomiques de notre pays. Ils sont pass\u00e9s par l\u00e0.<\/p>\n<p>Pour les f\u00eates prochaines qui arrivent combien de t\u00eates auront besoin d\u2019\u00eatre natt\u00e9es ou des tenues cousues \u00e0 temps dans mon village, dans mon quartier\u00a0? quels mod\u00e8les\u00a0sont tendances? Est-ce que le Kokodonda est connu chez moi\u00a0? comment je me pr\u00e9pare pour \u00eatre celui qui offrira ces services dans trois mois pour gagner mes propres revenus\u00a0?<\/p>\n<p>Dans le cadre de EZF, on enseigne m\u00eame que l\u2019emploi salari\u00e9 peut \u00eatre une premi\u00e8re \u00e9tape pour r\u00e9aliser son projet d\u2019entreprise. Pour celui qui ne dispose pas degrand-chose, par exemple, qui r\u00eave d\u2019\u00eatre propri\u00e9taire de v\u00e9hicules 4X4 qu\u2019il pr\u00e9voit mettre en location, on l\u2019encouragera \u00e0 se faire emboucher d\u2019abord comme chauffeur. Cela lui donne l\u2019avantage de comprendre les vicissitudes du m\u00e9tier tout en se constituant un r\u00e9seau. Par la suite, il pourrait commencer \u00e0 placer des v\u00e9hicules dans son r\u00e9seau sans avoir son propre v\u00e9hicule. Apr\u00e8s, avec l\u2019\u00e9pargne r\u00e9alis\u00e9e rigoureusement et la confiance que les propri\u00e9taires de v\u00e9hicules ont en lui, quelqu\u2019un peut un jour accepter de lui vendre \u00e0 temp\u00e9rament ou de co-investir dans son projet d\u2019acquisition de v\u00e9hicules. Ainsi, vous commencez en tant qu\u2019apprenti-chauffeur, chauffeur, apporteur d\u2019affaires pour terminer investisseur, propri\u00e9taire de parc d\u2019automobiles\u00a0; vous qui, au d\u00e9part, ne saviez pas comment emprunter 5 millions de FCFA pour d\u00e9marrer votre entreprise de location de v\u00e9hicules.<\/p>\n<p>Il y\u2019a d\u2019autres cas dans la restauration ou l\u2019h\u00f4tellerie o\u00f9 l\u2019on commence \u00e0 construire un petit local en fabricant soi-m\u00eame les briques et cr\u00e9er un concept autour du poulet, ch\u00e8vres ou lapins brais\u00e9s par exemple. Les cours \u00e0 domicile que vous organisez \u00e0 plusieurs, les livraisons, le e-business, la production agricole en s\u2019appuyant sur le foncier d\u2019autrui, le petit commerce, etc. il y a foison d\u2019exemples, en y mettant son g\u00e9nie, sa force et ses propres ressources pour se cr\u00e9er un revenu. Avec foi et d\u00e9termination on y arrive\u00a0!<\/p>\n<p>C\u2019est ce concept qui a \u00e9t\u00e9 d\u00e9velopp\u00e9 et brevet\u00e9 par le Dr. Samuel MATHEY, fonadateur de la FAFEDE. Il tente \u00e0 sa mani\u00e8re de proposer une alternative pour sauver la jeunesse africaine de plusieurs vices, \u00e0 la transformer en entrepreneurs de classe mondiale, des gens qui ne reculeront devant rien. A la guerre comme \u00e0 la comp\u00e9tition de mani\u00e8re g\u00e9n\u00e9rale, tout se joue au mental.<\/p>\n<p>En tant qu\u2019agence nationale de financement, nous avons pens\u00e9 qu\u2019il faut avoir dans 3, 5, 10 ans un vivier d\u2019entreprises port\u00e9es par ce type d\u2019entrepreneurs pour assurer un bon d\u00e9nouement de nos investissements.<\/p>\n<p><strong>S : Donc, pour vous, EZF est une alternative cr\u00e9dible pour le Burkina Faso de disposer d\u2019une nouvelle race d\u2019entrepreneurs ?<\/strong><\/p>\n<p><strong>K.\u00a0:<\/strong>Incontestablement\u00a0! Car si nous avons ce changement de mentalit\u00e9s, l\u2019auto-emploi va \u00eatre acc\u00e9l\u00e9r\u00e9e, il sera une option prioritaire pour nos jeunes. Et personne n\u2019en voudra \u00e0 l\u2019Etat, ni \u00e0 ses proches de ne lui avoir pas trouv\u00e9 un boulot, de ne lui avoir pas pr\u00e9par\u00e9 quelque chose \u00e0 sa sortie de l\u2019\u00e9cole, de l\u2019universit\u00e9. Ce n\u2019est pas la panac\u00e9e mais l\u2019une des solutions les plus innovantes, apr\u00e8s tout ce qui a \u00e9t\u00e9 exp\u00e9riment\u00e9 pour promouvoir l\u2019entrepreneuriat.<\/p>\n<p>C\u2019est un concept qu\u2019il faut v\u00e9ritablement promouvoir. On peut lui donner le nom que l\u2019on veut mais nous sommes convaincus que l\u2019on peut entreprendre sans financements ext\u00e9rieurs et cela m\u00e9rite d\u2019\u00eatre enseign\u00e9 \u00e0 nos populations.<\/p>\n<p><strong>S : Vous \u00eates sur le terrain depuis juin pour la promotion de ce concept, quel bilan peut-on tirer ? Les jeunes sont-ils r\u00e9ceptifs \u00e0 ce discours ?<\/strong><\/p>\n<p><strong>K.\u00a0:<\/strong>L\u2019engouement des jeunes pour cette formation \u00ab\u00a0EZF\u00a0\u00bb est \u00e9norme m\u00eame si cela ne signifie pas que l\u2019objectif est atteint. Ce peut \u00eatre l\u2019effet de curiosit\u00e9. Pour nous assurer de son impact, nous avons mis en place un dispositif de suivi-\u00e9valuation. L\u2019objectif de la formation est que les participants y sortent avec des projets-cl\u00e9s en main. A Banfora, sur les 300 participants, nous avonsenregistr\u00e9 273 projets \u00e0 l\u2019issue de la formation, avec pour objectif 40% de conversion dans les trois mois qui suivent puis progressivement \u00e0 la hausse. Aujourd\u2019hui, nous sommes \u00e0 61% de projets d\u00e9marr\u00e9s dans les trois mois. Ce bilan d\u2019\u00e9tape est tr\u00e8s encourageant. Si nous arrivons \u00e0 toucher 10 mille participants, on aurait donc 6 mille entrepreneurs EZF. Ce serait une arm\u00e9e d\u2019entrepreneurs que l\u2019on aurait contribu\u00e9 \u00e0 former, pour l\u2019image et la comp\u00e9titivit\u00e9 de l\u2019\u00e9conomie burkinab\u00e8.<\/p>\n<p>Nous profitons lancer un appel aux partenaires \u00e0 s\u2019associer pour cette d\u00e9marche. C\u2019est une contribution citoyenne. La formation est gratuite et ouverte \u00e0 tout le monde. Nous voulons d\u00e9mocratiser l\u2019acc\u00e8s \u00e0 l\u2019information et nous ne voulons pas qu\u2019il y a des barri\u00e8res. C\u2019est pourquoi nous couvrons toutes les 13 r\u00e9gions\u00a0; car le potentiel s\u2019y trouve, nous avons des entrepreneurs qui s\u2019ignorent, contraints de se d\u00e9brouiller pour survivre. A titre individuel, on peut contribuer \u00e0 former 10, 20 jeunes. A Koudougou, par exemple, des communes rurales ont d\u00e9cid\u00e9 d\u2019inscrire des participants.<\/p>\n<p>Aux jeunes, si vous avez la chance d\u2019avoir un emploi d\u00e9cent, il faut y aller. Mais \u00e0 ceux qui n\u2019ont pas cette chance, malheureusement ils sont les plus nombreux \u00e0 \u00eatre dans cette situation, je les invite \u00e0 apprendre \u00e0 se prendre en charge dignement, de mani\u00e8re honn\u00eate, et \u00e0 employer d\u2019autres personnes. \u00a0Je les invite \u00e0 suivre nos formations, \u00e0 prendre attache avec les directions r\u00e9gionales du minist\u00e8re du commerce ou directement avec l\u2019AFP-PME. Bient\u00f4t, nous allons produire et mettre en ligne des manuels.<\/p>\n<p><strong>Interview r\u00e9alis\u00e9e par Mahamadi SEBOGO<\/strong><\/p>\n<div class=\"td-a-rec td-a-rec-id-content_bottom td_uid_31_5da63b54f1b26_rand td_block_template_1\"><img loading=\"lazy\" decoding=\"async\" class=\"aligncenter size-full wp-image-9623\" src=\"https:\/\/www.sidwaya.info\/wp-content\/uploads\/2019\/06\/Projet-bannie%CC%80re-Orange-mobile.jpg\" alt=\"\" width=\"728\" height=\"81\"\/><\/div>\n<p>Auteur: BS. Sidwaya<br \/>\n<a href=\"https:\/\/www.sidwaya.info\/blog\/2019\/10\/15\/honore-kietyeta-dg-de-lafp-pme-on-peut-entreprendre-sans-financements-exterieurs-2\/\">Cliquez ici pour lire l&rsquo;article depuis sa source.<\/a><\/p>\n","protected":false},"excerpt":{"rendered":"<p>Face aux difficult\u00e9s d\u2019acc\u00e8s des jeunes aux financements, il est de plus en plus question du concept \u00ab\u00a0Entreprendre \u00e0 Z\u00e9ro Franc \u00a0\u00bb (EZF). Mais que renferme cette notion\u00a0? Constitue-t-elle une alternative cr\u00e9dible pour b\u00e2tir des entrepreneurs de type nouveau au Burkina Faso\u00a0?Pour en savoir davantage, Sidwaya a rencontr\u00e9 le Directeur G\u00e9n\u00e9ral de l\u2019Agence de financement [&hellip;]<\/p>\n","protected":false},"author":1816,"featured_media":0,"comment_status":"closed","ping_status":"closed","sticky":false,"template":"","format":"standard","meta":{"fifu_image_url":"","fifu_image_alt":"","footnotes":""},"categories":[73,81],"tags":[],"class_list":["post-64505","post","type-post","status-publish","format-standard","hentry","category-actualite","category-burkina-faso"],"_links":{"self":[{"href":"https:\/\/linitiative.ca\/International\/wp-json\/wp\/v2\/posts\/64505","targetHints":{"allow":["GET"]}}],"collection":[{"href":"https:\/\/linitiative.ca\/International\/wp-json\/wp\/v2\/posts"}],"about":[{"href":"https:\/\/linitiative.ca\/International\/wp-json\/wp\/v2\/types\/post"}],"author":[{"embeddable":true,"href":"https:\/\/linitiative.ca\/International\/wp-json\/wp\/v2\/users\/1816"}],"replies":[{"embeddable":true,"href":"https:\/\/linitiative.ca\/International\/wp-json\/wp\/v2\/comments?post=64505"}],"version-history":[{"count":0,"href":"https:\/\/linitiative.ca\/International\/wp-json\/wp\/v2\/posts\/64505\/revisions"}],"wp:attachment":[{"href":"https:\/\/linitiative.ca\/International\/wp-json\/wp\/v2\/media?parent=64505"}],"wp:term":[{"taxonomy":"category","embeddable":true,"href":"https:\/\/linitiative.ca\/International\/wp-json\/wp\/v2\/categories?post=64505"},{"taxonomy":"post_tag","embeddable":true,"href":"https:\/\/linitiative.ca\/International\/wp-json\/wp\/v2\/tags?post=64505"}],"curies":[{"name":"wp","href":"https:\/\/api.w.org\/{rel}","templated":true}]}}